{"id":233756,"date":"2025-07-07T23:32:10","date_gmt":"2025-07-07T23:32:10","guid":{"rendered":"https:\/\/www.europesays.com\/fr\/233756\/"},"modified":"2025-07-07T23:32:10","modified_gmt":"2025-07-07T23:32:10","slug":"des-seances-de-cine-en-plein-air-en-hommage-a-van-gogh-au-chateau-dauvers-sur-oise","status":"publish","type":"post","link":"https:\/\/www.europesays.com\/fr\/233756\/","title":{"rendered":"Des s\u00e9ances de cin\u00e9 en plein air en hommage \u00e0 Van Gogh au ch\u00e2teau d&rsquo;Auvers-sur-Oise"},"content":{"rendered":"<p>En <strong>1890,<\/strong> <strong>Vincent van Gogh<\/strong>, sur les conseils de son fr\u00e8re <strong>Th\u00e9o,<\/strong> s\u2019installe \u00e0 <a href=\"https:\/\/www.lebonbon.fr\/paris\/les-tops-spots\/visitez-plus-beaux-villages-peintres-proches-paris\/\" rel=\"nofollow noopener\" target=\"_blank\"><strong>Auvers-sur-Oise<\/strong> <\/a>afin de <strong>se consacrer \u00e0 la peinture<\/strong>, et <strong>retrouver une certaine paix int\u00e9rieure<\/strong>. S\u2019il y meurt <strong>seulement quelques mois plus tard,<\/strong> la ville n\u2019a de cesse, depuis, de <strong>faire rayonner son talent<\/strong> et de <strong>rendre hommage<\/strong> \u00e0 <strong>ce peintre de g\u00e9nie<\/strong>. Cet \u00e9t\u00e9, pas d\u2019exception, <strong>l\u2019artiste sera \u00e0 l\u2019honneur au ch\u00e2teau<\/strong>, gr\u00e2ce \u00e0 une <strong>exposition in\u00e9dite,<\/strong> mais aussi <strong>3 s\u00e9ances de cin\u00e9ma en plein air<\/strong>, dont la programmation n\u2019a pas \u00e9t\u00e9 choisie au hasard\u2026<\/p>\n<p>&#13;<br \/>\n<br \/>Peindre les (\u00e9)toiles&#13;<\/p>\n<p>\u00c7a y est, nous rentrons officiellement <strong>dans la meilleure p\u00e9riode de l\u2019ann\u00e9e<\/strong>, celle qui <strong>accueille les premiers rayons du soleil<\/strong> et qui voit les <strong>institutions culturelles<\/strong> de Paris et de ses alentours d\u00e9voiler <strong>leur <a href=\"https:\/\/www.lebonbon.fr\/paris\/cine-series\/cinema-plein-air-gratuit-chateau-medieval-a-1h-paris\/\" rel=\"nofollow noopener\" target=\"_blank\">programmation estivale<\/a><\/strong>. Parmi celles-ci, le <strong>ch\u00e2teau d\u2019Auvers-sur-Oise<\/strong> et son <strong>cin\u00e9ma en plein air <\/strong>font leur grand retour pour <strong>3 soir\u00e9es de projections sous le ciel \u00e9toil\u00e9<\/strong>. Et cette ann\u00e9e, c\u2019est le grand<strong> Vincent van Gogh<\/strong> qui est \u00e0 l\u2019honneur, gr\u00e2ce \u00e0 <strong>une s\u00e9lection de films sur mesure.<\/strong><\/p>\n<p>&#13;<\/p>\n<blockquote class=\"instagram-media\" data-instgrm-permalink=\"https:\/\/www.instagram.com\/p\/DLzJGaONra8\/?utm_source=ig_embed&amp;utm_campaign=loading\" data-instgrm-version=\"14\" style=\"background: #FFF; border: 0; border-radius: 3px; box-shadow: 0 0 1px 0 rgba(0,0,0,0.5),0 1px 10px 0 rgba(0,0,0,0.15); margin: 1px; max-width: 540px; min-width: 326px; padding: 0; width: calc(100% - 2px);\"><p>&#13;<br \/>\n&#13;\n<\/p><\/blockquote>\n<p>&#13;<br \/>\n&#13;<\/p>\n<p>Et \u00e7a commence d\u00e8s le<strong> 8 juillet,<\/strong> avec <strong>Lust for Life <\/strong>de <strong>Vincente Minnelli.<\/strong> En <strong>1956,<\/strong> le cin\u00e9aste italien fut le premier \u00e0<strong> porter la vie de van Gogh \u00e0 l\u2019\u00e9cran<\/strong>. Le film retrace sa vie depuis les mines du Borinage, alors que commence sa carri\u00e8re de peintre, jusqu\u2019\u00e0 son suicide 12 ans plus tard. Un classique <strong>puissant et bouleversant<\/strong>. On encha\u00eene le <strong>15 juillet<\/strong> avec <strong>S\u00e9raphine<\/strong> de <strong>Martin Provost.<\/strong> L\u00e0 encore, c\u2019est une <strong>magnifique ode \u00e0 la peinture<\/strong> que nous propose le ch\u00e2teau. Enfin, l\u2019\u00e9dition 2025 se cl\u00f4turera <strong>le 26 ao\u00fbt<\/strong> avec <strong>Suzume<\/strong> de <strong>Makoto Shinkai.<\/strong> Si le film ne parle pas du peintre \u00e0 proprement parler, il met cependant en avant<strong> la passion qu\u2019il avait pour les <a href=\"https:\/\/www.lebonbon.fr\/paris\/wtf\/food-market-japonais-40-000-m-2-villette-umami-factory\/\" rel=\"nofollow noopener\" target=\"_blank\">estampes<\/a> <a href=\"https:\/\/www.lebonbon.fr\/paris\/wtf\/food-market-japonais-40-000-m-2-villette-umami-factory\/\" rel=\"nofollow noopener\" target=\"_blank\">japonaises<\/a><\/strong>, qui ne le quittera pas jusqu\u2019\u00e0 la fin de sa vie.<\/p>\n<p>&#13;<br \/>\n<br \/>De l\u2019art, encore et toujours&#13;<\/p>\n<p>Ce sont donc <strong>3 soir\u00e9es d&rsquo;exception<\/strong> qui vous attendent cet \u00e9t\u00e9 pour<strong> plonger<\/strong> dans <strong>l\u2019univers \u00e0 la fois tragique et po\u00e9tique<\/strong> du <a href=\"https:\/\/www.lebonbon.fr\/paris\/culture\/exposition-van-gogh-retour-atelier-lumieres-ete-2025\/\" rel=\"nofollow noopener\" target=\"_blank\"><strong>peintre \u00e0 l\u2019oreille coup\u00e9e<\/strong><\/a>, et qui plus g\u00e9n\u00e9ralement nous<strong> transpose au c\u0153ur du 3e art. <\/strong>Le tout dans le cadre \u00e0 couper le souffle du <strong>ch\u00e2teau d\u2019Auvers-sur-Oise.<\/strong> On profite d\u2019ailleurs d\u2019avoir fait le trajet pour d\u00e9couvrir au passage<strong> l&rsquo;exposition \u00e9v\u00e9nement Van Gogh, les derniers voyages,<\/strong> qui nous transpose dans les <strong>4 derni\u00e8res ann\u00e9es<\/strong> (mouvement\u00e9es) <strong>de la vie du peintre.<\/strong> Un hommage \u00e0 ne pas manquer\u00a0!<\/p>\n<p>&#13;<\/p>\n<blockquote class=\"instagram-media\" data-instgrm-permalink=\"https:\/\/www.instagram.com\/p\/DKpU-orOVrP\/?utm_source=ig_embed&amp;utm_campaign=loading\" data-instgrm-version=\"14\" style=\"background: #FFF; border: 0; border-radius: 3px; box-shadow: 0 0 1px 0 rgba(0,0,0,0.5),0 1px 10px 0 rgba(0,0,0,0.15); margin: 1px; max-width: 540px; min-width: 326px; padding: 0; width: calc(100% - 2px);\"><p>&#13;<br \/>\n&#13;\n<\/p><\/blockquote>\n<p>&#13;<br \/>\n&#13;<\/p>\n<p><strong>Cin\u00e9ma en plein air <\/strong><br \/><strong>Ch\u00e2teau d\u2019Auvers-sur-Oise <\/strong><br \/><strong>Chemin des Berthel\u00e9es \u2013 Auvers-sur-Oise (95430) <\/strong><br \/><strong>Les 8 et 15 juillet et le 26 ao\u00fbt \u00e0 22h <\/strong><br \/><strong><a href=\"https:\/\/www.chateau-auvers.fr\/2970-toute-la-programmation.htm\" rel=\"nofollow noopener noreferrer\" target=\"_blank\">Plus d\u2019infos<\/a><\/strong><\/p>\n<p><script async src=\"\/\/www.instagram.com\/embed.js\"><\/script><\/p>\n","protected":false},"excerpt":{"rendered":"En 1890, Vincent van Gogh, sur les conseils de son fr\u00e8re Th\u00e9o, s\u2019installe \u00e0 Auvers-sur-Oise afin de se&hellip;\n","protected":false},"author":2,"featured_media":233757,"comment_status":"","ping_status":"","sticky":false,"template":"","format":"standard","meta":{"footnotes":""},"categories":[1358],"tags":[1348,1384,1385,1386,58,59,1011,27],"class_list":{"0":"post-233756","1":"post","2":"type-post","3":"status-publish","4":"format-standard","5":"has-post-thumbnail","7":"category-arts-et-design","8":"tag-arts","9":"tag-arts-and-design","10":"tag-arts-et-design","11":"tag-design","12":"tag-divertissement","13":"tag-entertainment","14":"tag-fr","15":"tag-france"},"share_on_mastodon":{"url":"https:\/\/pubeurope.com\/@fr\/114814565939756432","error":""},"_links":{"self":[{"href":"https:\/\/www.europesays.com\/fr\/wp-json\/wp\/v2\/posts\/233756","targetHints":{"allow":["GET"]}}],"collection":[{"href":"https:\/\/www.europesays.com\/fr\/wp-json\/wp\/v2\/posts"}],"about":[{"href":"https:\/\/www.europesays.com\/fr\/wp-json\/wp\/v2\/types\/post"}],"author":[{"embeddable":true,"href":"https:\/\/www.europesays.com\/fr\/wp-json\/wp\/v2\/users\/2"}],"replies":[{"embeddable":true,"href":"https:\/\/www.europesays.com\/fr\/wp-json\/wp\/v2\/comments?post=233756"}],"version-history":[{"count":0,"href":"https:\/\/www.europesays.com\/fr\/wp-json\/wp\/v2\/posts\/233756\/revisions"}],"wp:featuredmedia":[{"embeddable":true,"href":"https:\/\/www.europesays.com\/fr\/wp-json\/wp\/v2\/media\/233757"}],"wp:attachment":[{"href":"https:\/\/www.europesays.com\/fr\/wp-json\/wp\/v2\/media?parent=233756"}],"wp:term":[{"taxonomy":"category","embeddable":true,"href":"https:\/\/www.europesays.com\/fr\/wp-json\/wp\/v2\/categories?post=233756"},{"taxonomy":"post_tag","embeddable":true,"href":"https:\/\/www.europesays.com\/fr\/wp-json\/wp\/v2\/tags?post=233756"}],"curies":[{"name":"wp","href":"https:\/\/api.w.org\/{rel}","templated":true}]}}