{"id":233760,"date":"2025-07-07T23:34:12","date_gmt":"2025-07-07T23:34:12","guid":{"rendered":"https:\/\/www.europesays.com\/fr\/233760\/"},"modified":"2025-07-07T23:34:12","modified_gmt":"2025-07-07T23:34:12","slug":"avant-premiere-camping-paradis-coup-de-theatre-au-camping-partie-1","status":"publish","type":"post","link":"https:\/\/www.europesays.com\/fr\/233760\/","title":{"rendered":"Avant-premi\u00e8re &#8211; Camping paradis &#8211; Coup de th\u00e9\u00e2tre au camping (Partie 1)"},"content":{"rendered":"<p id=\"descriptionPanel\" aria-labelledby=\"descriptionArrow\" aria-expanded=\"false\" class=\"mr-2 line-clamp-2 pr-2.5 text-secondary overflow-visible\">Cette semaine, l&rsquo;\u00e9quipe du Camping Paradis s&rsquo;appr\u00eate \u00e0 recevoir une troupe de th\u00e9\u00e2tre. Alors que l&rsquo;installation se passe dans une ambiance bon enfant, le metteur en sc\u00e8ne, Eric, apprend une mauvaise nouvelle : Alain Meurice, qui devait tenir le r\u00f4le principal, s&rsquo;est bless\u00e9. La d\u00e9ception des deux jeunes acteurs \u00e0 l&rsquo;affiche, Manon et Th\u00e9o, est grande mais de courte dur\u00e9e. Meurice va \u00eatre remplac\u00e9 au pied lev\u00e9 par une star du grand \u00e9cran : Jean-Paul Vanel ! Si Eric et Manon se r\u00e9jouissent de ce changement de programme, Th\u00e9o est plus r\u00e9serv\u00e9. Il confie \u00e0 Tom les raisons de sa col\u00e8re : Jean-Paul Vanel est son p\u00e8re&#8230; Un p\u00e8re absent \u00e0 qui Th\u00e9o ne veut rien devoir et avec lequel les ponts ont \u00e9t\u00e9 coup\u00e9s il y a bien longtemps&#8230; De son c\u00f4t\u00e9, Audrey accueille Isabelle et Julie. Les deux femmes sont ravies de pouvoir passer enfin un premier week-end en amoureuses. Leur vieille amiti\u00e9, s&rsquo;\u00e9tant r\u00e9cemment transform\u00e9 en amour&#8230; Mais c&rsquo;est sans compter sur l&rsquo;arriv\u00e9e surprise d&rsquo;Antoine, l&rsquo;ex de Julie, persuad\u00e9 qu&rsquo;il peut raviver la flamme dans le c\u0153ur de sa \u00ab\u00a0femme\u00a0\u00bb. Entre Julie qui n&rsquo;ose pas le faire souffrir et Antoine qui ne veut pas comprendre la situation, Isabelle va devoir faire preuve de patience pour que le s\u00e9jour ne tourne pas au vinaigre&#8230; Quant \u00e0 Christian Parizot, il va tout faire pour se mettre en avant et se faire remarquer par son idole, Jean-Paul Vanel, esp\u00e9rant d\u00e9crocher un r\u00f4le dans la pi\u00e8ce de th\u00e9\u00e2tre qui se r\u00e9p\u00e8te au Camping Paradis.<br \/>En savoir plus sur <a class=\"text-white hover:text-blue-500\" href=\"https:\/\/www.tf1.fr\/dossier\/andre-camping-paradis\" target=\"_blank\" rel=\"noopener\">Andr\u00e9<\/a><\/p>\n<p><a class=\"shrink-0\" href=\"https:\/\/www.tf1.fr\/tf1\/camping-paradis\" target=\"_blank\" rel=\"noopener\"><img decoding=\"async\" src=\"https:\/\/www.europesays.com\/fr\/wp-content\/uploads\/2025\/07\/program-card-portrait-1-camping-paradis-les-enfants-dabord-c11500-38ef74-0@1x.jpg\" width=\"138\" height=\"184\" alt=\"\" loading=\"eager\" fetchpriority=\"auto\" class=\"aspect-[3\/4] h-24 w-auto rounded-3px\" aria-hidden=\"true\"\/><\/a><\/p>\n","protected":false},"excerpt":{"rendered":"Cette semaine, l&rsquo;\u00e9quipe du Camping Paradis s&rsquo;appr\u00eate \u00e0 recevoir une troupe de th\u00e9\u00e2tre. Alors que l&rsquo;installation se passe&hellip;\n","protected":false},"author":2,"featured_media":233761,"comment_status":"","ping_status":"","sticky":false,"template":"","format":"standard","meta":{"footnotes":""},"categories":[1356],"tags":[26018,35587,58,59,1365,35586,1011,27,35589,252,1364,35588,35590],"class_list":{"0":"post-233760","1":"post","2":"type-post","3":"status-publish","4":"format-standard","5":"has-post-thumbnail","7":"category-television","8":"tag-camping-paradis","9":"tag-camping-paradis-episode","10":"tag-divertissement","11":"tag-entertainment","12":"tag-episode","13":"tag-episode-camping-paradis","14":"tag-fr","15":"tag-france","16":"tag-streaming-camping-paradis","17":"tag-television","18":"tag-tv","19":"tag-video-camping-paradis","20":"tag-video-en-streaming-camping-paradis"},"share_on_mastodon":{"url":"https:\/\/pubeurope.com\/@fr\/114814573878653894","error":""},"_links":{"self":[{"href":"https:\/\/www.europesays.com\/fr\/wp-json\/wp\/v2\/posts\/233760","targetHints":{"allow":["GET"]}}],"collection":[{"href":"https:\/\/www.europesays.com\/fr\/wp-json\/wp\/v2\/posts"}],"about":[{"href":"https:\/\/www.europesays.com\/fr\/wp-json\/wp\/v2\/types\/post"}],"author":[{"embeddable":true,"href":"https:\/\/www.europesays.com\/fr\/wp-json\/wp\/v2\/users\/2"}],"replies":[{"embeddable":true,"href":"https:\/\/www.europesays.com\/fr\/wp-json\/wp\/v2\/comments?post=233760"}],"version-history":[{"count":0,"href":"https:\/\/www.europesays.com\/fr\/wp-json\/wp\/v2\/posts\/233760\/revisions"}],"wp:featuredmedia":[{"embeddable":true,"href":"https:\/\/www.europesays.com\/fr\/wp-json\/wp\/v2\/media\/233761"}],"wp:attachment":[{"href":"https:\/\/www.europesays.com\/fr\/wp-json\/wp\/v2\/media?parent=233760"}],"wp:term":[{"taxonomy":"category","embeddable":true,"href":"https:\/\/www.europesays.com\/fr\/wp-json\/wp\/v2\/categories?post=233760"},{"taxonomy":"post_tag","embeddable":true,"href":"https:\/\/www.europesays.com\/fr\/wp-json\/wp\/v2\/tags?post=233760"}],"curies":[{"name":"wp","href":"https:\/\/api.w.org\/{rel}","templated":true}]}}