{"id":233770,"date":"2025-07-07T23:39:18","date_gmt":"2025-07-07T23:39:18","guid":{"rendered":"https:\/\/www.europesays.com\/fr\/233770\/"},"modified":"2025-07-07T23:39:18","modified_gmt":"2025-07-07T23:39:18","slug":"il-a-fallu-batailler-pour-lavoir-la-chanteuse-santa-inaugurera-la-grande-salle-de-quimper-lors-dun-concert-caritatif","status":"publish","type":"post","link":"https:\/\/www.europesays.com\/fr\/233770\/","title":{"rendered":"\u00ab\u00a0Il a fallu batailler pour l\u2019avoir\u00a0\u00bb\u00a0: la chanteuse Santa inaugurera la grande salle de Quimper lors d\u2019un concert caritatif"},"content":{"rendered":"<p>\u00ab\u00a0Il a fallu batailler pour l\u2019avoir\u00a0!\u00a0\u00bb Ce lundi 7 juillet 2025, les membres de l\u2019association cornouaillaise <a href=\"https:\/\/www.letelegramme.fr\/finistere\/quimper-29000\/a-quimper-amir-en-concert-le-13-avril-2024-pour-mille-et-un-petit-prince-6483619.php\" target=\"_blank\" rel=\"noopener\">Mille et un Petit prince<\/a> rassembl\u00e9s dans les gradins de <a href=\"https:\/\/www.letelegramme.fr\/finistere\/quimper-29000\/decouvrez-en-images-letat-davancement-de-la-grande-salle-evenementielle-de-quimper-diaporama-6848758.php\" target=\"_blank\" rel=\"noopener\">la future grande salle \u00e9v\u00e9nementielle<\/a>, \u00e0 Quimper, ont le sourire. Et ils peuvent \u00eatre fiers\u00a0! Le samedi 18 octobre, l\u2019association sera la premi\u00e8re \u00e0 organiser un concert au c\u0153ur de la nouvelle structure. Pour ce rendez-vous caritatif, destin\u00e9 \u00e0 r\u00e9colter des fonds pour am\u00e9liorer le quotidien des petits patients du service de p\u00e9diatrie de l\u2019h\u00f4pital, c\u2019est l\u2019artiste <a href=\"https:\/\/www.letelegramme.fr\/finistere\/quimper-29000\/on-connait-le-nom-de-lartiste-qui-inaugurera-la-grande-salle-a-quimper-6850715.php\" target=\"_blank\" rel=\"noopener\">Santa<\/a> qu\u2019ils ont r\u00e9ussi \u00e0 faire venir. \u00ab\u00a0L\u2019id\u00e9e d\u2019un concert \u00e0 la salle est venue en ao\u00fbt. On s\u2019est mis en recherche d\u2019artistes d\u00e8s d\u00e9cembre. \u00c7a n\u2019a pas \u00e9t\u00e9 simple de caler une date. On a sign\u00e9 en mai\u00a0\u00bb, se r\u00e9jouit le pr\u00e9sident de Mille et un Petit prince, Marc Velly.<\/p>\n<p>3\u00a0000 places<\/p>\n<p>Ce soir-l\u00e0, l\u2019interpr\u00e8te de \u00ab\u00a0Popcorn sal\u00e9\u00a0\u00bb et de \u00ab\u00a0Recommence-moi\u00a0\u00bb, ancien membre du groupe Hyphen Hyphen, pr\u00e9sentera un show d\u2019une heure et quart calqu\u00e9 sur celui qu\u2019elle propose en festival. Les organisateurs ont tenu \u00e0 ce que des artistes locaux assurent la premi\u00e8re partie. <a href=\"https:\/\/www.letelegramme.fr\/finistere\/quimper-29000\/cest-une-tres-belle-place-confie-le-breton-titouan-quatrieme-a-leurovision-junior-6704413.php\" target=\"_blank\" rel=\"noopener\">Titouan<\/a>, DJ Dys \u2014 \u00ab\u00a0toujours pr\u00e9sent sur nos concerts\u00a0\u00bb, salue Marc Velly \u2014 et Saults (funk) se succ\u00e9deront sur sc\u00e8ne. \u00ab\u00a0Trois mille places seront propos\u00e9es\u00a0; 1\u200a000 assis et 2\u200a000 debout\u00a0\u00bb, explique David Puget, directeur de Quimper \u00c9v\u00e9nements, qui accueillait jusque-l\u00e0 l\u2019association \u00e0 Penvillers, pour chacun de ses concerts caritatifs.<\/p>\n<p>Pour la maire, Isabelle Assih, la venue de Santa pour l\u2019ouverture de la grande salle est \u00ab\u00a0un moment important de l\u2019agglom\u00e9ration\u00a0\u00bb. Habitu\u00e9e \u00e0 soutenir Mille et un Petit prince, \u00ab\u00a0on a souhait\u00e9 l\u2019accompagner davantage encore pour cette \u00e9dition\u00a0\u00bb, poursuit-elle, en imaginant un moment \u00e0 la fois \u00ab\u00a0d\u2019attractivit\u00e9 majeure autour d\u2019un grand nom\u00a0\u00bb et \u00ab\u00a0utile\u00a0\u00bb, puisque permettant \u00e0 Mille et un Petit prince de poursuivre son action.<\/p>\n<p><img decoding=\"async\" src=\"https:\/\/www.europesays.com\/fr\/wp-content\/uploads\/2025\/07\/686bff068137aef4b20936a0.1.jpeg\" width=\"480\" height=\"300\" class=\"web_golden_m\" loading=\"lazy\" alt=\"L\u2019Agglom\u00e9ration, Quimper \u00c9v\u00e9nements et l\u2019association Mille et un Petit prince travaillent depuis des ann\u00e9es main dans la main pour organiser des \u00e9v\u00e9nements au profit des patients de p\u00e9diatrie de l\u2019h\u00f4pital.\"\/>L\u2019Agglom\u00e9ration, Quimper \u00c9v\u00e9nements et l\u2019association Mille et un Petit prince travaillent depuis des ann\u00e9es main dans la main pour organiser des \u00e9v\u00e9nements au profit des patients de p\u00e9diatrie de l\u2019h\u00f4pital. (Le T\u00e9l\u00e9gramme\/Sophie Benoit)Plus de 100\u200a000\u200a\u20ac r\u00e9investis<\/p>\n<p>L\u2019association dispose en moyenne d\u2019\u00ab\u00a0un budget de fonctionnement annuel de 8 \u00e0 10\u200a000\u200a\u20ac\u00bb, pr\u00e9cise Marc Velly, qui indique que depuis la cr\u00e9ation en 2017, elle \u00ab\u00a0a r\u00e9investi plus de 100\u200a000\u200a\u20ac\u00bb dans des structures de sant\u00e9 prenant en charge des enfants.<\/p>\n<p>Parmi les projets \u00e0 venir, il cite la cr\u00e9ation d\u2019une chambre en p\u00e9diatrie \u00e0 Quimper pour apporter un peu plus de confort aux personnes \u00e0 mobilit\u00e9 r\u00e9duite et la signature d\u2019une convention avec une psychomotricienne pour proposer de la m\u00e9diation animale dans le service quimp\u00e9rois.<\/p>\n<p>Pratique<\/p>\n<p class=\"note\">Ouverture des portes \u00e0 19\u200ah, le samedi 18 octobre. Tarifs\u00a0: 37\u200a\u20ac en fosse, 53\u200a\u20ac en balcon, 63\u200a\u20ac en gradin. Des places sont \u00e9galement r\u00e9serv\u00e9es pour les personnes \u00e0 mobilit\u00e9 r\u00e9duite (PMR), avec ou sans fauteuil roulant, avec ou sans accompagnateur. Billetterie dans les points de vente habituels et sur le site Internet <a href=\"https:\/\/www.billetweb.fr\/santa-mille-et-un-petit-prince\" target=\"_blank\" rel=\"noopener\">milleetunpetitprince.fr<\/a>.<\/p>\n","protected":false},"excerpt":{"rendered":"\u00ab\u00a0Il a fallu batailler pour l\u2019avoir\u00a0!\u00a0\u00bb Ce lundi 7 juillet 2025, les membres de l\u2019association cornouaillaise Mille et&hellip;\n","protected":false},"author":2,"featured_media":233771,"comment_status":"","ping_status":"","sticky":false,"template":"","format":"standard","meta":{"footnotes":""},"categories":[8],"tags":[11,829,1697,251,872,58,59,3321,1011,27,1393,873,3319,3400],"class_list":{"0":"post-233770","1":"post","2":"type-post","3":"status-publish","4":"format-standard","5":"has-post-thumbnail","7":"category-divertissement","8":"tag-actualites","9":"tag-bretagne","10":"tag-concert","11":"tag-culture","12":"tag-culture-et-loisirs","13":"tag-divertissement","14":"tag-entertainment","15":"tag-finistere","16":"tag-fr","17":"tag-france","18":"tag-loisirs","19":"tag-musique","20":"tag-quimper","21":"tag-solidarite"},"share_on_mastodon":{"url":"https:\/\/pubeurope.com\/@fr\/114814593525852458","error":""},"_links":{"self":[{"href":"https:\/\/www.europesays.com\/fr\/wp-json\/wp\/v2\/posts\/233770","targetHints":{"allow":["GET"]}}],"collection":[{"href":"https:\/\/www.europesays.com\/fr\/wp-json\/wp\/v2\/posts"}],"about":[{"href":"https:\/\/www.europesays.com\/fr\/wp-json\/wp\/v2\/types\/post"}],"author":[{"embeddable":true,"href":"https:\/\/www.europesays.com\/fr\/wp-json\/wp\/v2\/users\/2"}],"replies":[{"embeddable":true,"href":"https:\/\/www.europesays.com\/fr\/wp-json\/wp\/v2\/comments?post=233770"}],"version-history":[{"count":0,"href":"https:\/\/www.europesays.com\/fr\/wp-json\/wp\/v2\/posts\/233770\/revisions"}],"wp:featuredmedia":[{"embeddable":true,"href":"https:\/\/www.europesays.com\/fr\/wp-json\/wp\/v2\/media\/233771"}],"wp:attachment":[{"href":"https:\/\/www.europesays.com\/fr\/wp-json\/wp\/v2\/media?parent=233770"}],"wp:term":[{"taxonomy":"category","embeddable":true,"href":"https:\/\/www.europesays.com\/fr\/wp-json\/wp\/v2\/categories?post=233770"},{"taxonomy":"post_tag","embeddable":true,"href":"https:\/\/www.europesays.com\/fr\/wp-json\/wp\/v2\/tags?post=233770"}],"curies":[{"name":"wp","href":"https:\/\/api.w.org\/{rel}","templated":true}]}}