{"id":233773,"date":"2025-07-07T23:41:15","date_gmt":"2025-07-07T23:41:15","guid":{"rendered":"https:\/\/www.europesays.com\/fr\/233773\/"},"modified":"2025-07-07T23:41:15","modified_gmt":"2025-07-07T23:41:15","slug":"pourquoi-la-descente-aux-enfers-commence-a-peine-pour-tesla","status":"publish","type":"post","link":"https:\/\/www.europesays.com\/fr\/233773\/","title":{"rendered":"Pourquoi la descente aux enfers commence \u00e0 peine pour Tesla"},"content":{"rendered":"<p>Le cauchemar Tesla ne fait que commencer. Tesla paie au prix fort l\u2019activisme politique d\u2019Elon Musk. Disputes avec Trump, image de marque toxique et pertes financi\u00e8res annonc\u00e9es dessinent un tableau particuli\u00e8rement sombre pour l\u2019avenir du constructeur.<\/p>\n<p><a href=\"https:\/\/images.frandroid.com\/wp-content\/uploads\/2022\/04\/elon-musk.jpg\" target=\"_blank\" class=\"article-content__figure\" rel=\"nofollow noopener\"><img fetchpriority=\"high\" decoding=\"async\" loading=\"eager\" width=\"1200\" height=\"800\" src=\"https:\/\/www.europesays.com\/fr\/wp-content\/uploads\/2025\/07\/elon-musk.jpg\" alt=\"\" class=\"wp-image-1288491 wp-image wp-image\"  \/><\/a>Elon Musk en 2018 \/\/ Source : Daniel Oberhaus sur Flickr<\/p>\n<p>On pensait Tesla hors de danger. Elon Musk <a href=\"https:\/\/www.frandroid.com\/marques\/tesla\/2590183_je-consacrerai-beaucoup-plus-de-temps-a-tesla-elon-musk-promet-un-retour-aux-affaires-mais-il-ne-demissionnera-pas\" rel=\"nofollow noopener\" target=\"_blank\">avait quitt\u00e9 DOGE et donc l\u2019administration am\u00e9ricaine de Donald Trump<\/a>, il avait d\u00e9clar\u00e9 qu\u2019il se remettait au travail pour Tesla et ses autres entreprises\u2026 jusqu\u2019\u00e0 ce que le \u00ab\u00a0Big Beautiful Bill\u00a0\u00bb de Trump vienne tout g\u00e2cher. <\/p>\n<p>Le faux r\u00e9pit qui n\u2019a pas dur\u00e9<\/p>\n<p>Les investisseurs Tesla avaient enfin pouss\u00e9 un soupir de soulagement. Apr\u00e8s des mois d\u2019absence pour diriger DOGE, Elon Musk promettait de se recentrer sur ses entreprises. Wall Street y avait cru, on parlait alors du retour du \u00ab\u00a0principal actif\u00a0\u00bb de Tesla.<\/p>\n<p>Mais cette accalmie n\u2019aura pas dur\u00e9 longtemps. L\u2019adoption du projet de loi budg\u00e9taire de Donald Trump, qu\u2019Elon Musk a qualifi\u00e9 d&rsquo;\u00a0\u00bbabomination\u00a0\u00bb, a relanc\u00e9 les hostilit\u00e9s. Furieux de cette d\u00e9cision, le milliardaire a annonc\u00e9 son intention de cr\u00e9er un troisi\u00e8me parti politique, <a href=\"https:\/\/www.frandroid.com\/culture-tech\/politique\/2723585_mauvaise-nouvelle-pour-tesla-elon-musk-cree-le-america-party-aux-etats-unis\" rel=\"nofollow noopener\" target=\"_blank\">le \u00ab\u00a0Parti de l\u2019Am\u00e9rique\u00a0\u00bb<\/a>.<\/p>\n<p class=\"shortcode-container see-more\">\n    Pour aller plus loin<br \/><a href=\"https:\/\/www.frandroid.com\/culture-tech\/politique\/2723585_mauvaise-nouvelle-pour-tesla-elon-musk-cree-le-america-party-aux-etats-unis\" rel=\"nofollow noopener\" target=\"_blank\">Mauvaise nouvelle pour Tesla : Elon Musk cr\u00e9e le America Party aux \u00c9tats-Unis<\/a>\n            <\/p>\n<p>R\u00e9sultat imm\u00e9diat : les actions Tesla ont plong\u00e9 de 7 % en d\u00e9but de s\u00e9ance. <\/p>\n<p class=\"bottom-text\">                <a href=\"https:\/\/www.youtube.com\/watch?v=orU4EhWcM_w\" target=\"_blank\" rel=\"nofollow noopener\">Lien YouTube<\/a>                                    <a href=\"https:\/\/www.youtube.com\/subscription_center?add_user=FrAndroidTube\" target=\"_blank\" rel=\"nofollow noopener\">S\u2019abonner \u00e0 Frandroid<\/a>                            <\/p>\n<p>                Ce contenu est bloqu\u00e9 car vous n\u2019avez pas accept\u00e9 les cookies et autres traceurs. Ce contenu est fourni par YouTube.<br \/>Pour pouvoir le visualiser, vous devez accepter l\u2019usage \u00e9tant op\u00e9r\u00e9 par YouTube avec vos donn\u00e9es qui pourront \u00eatre utilis\u00e9es pour les finalit\u00e9s suivantes : vous permettre de visualiser et de partager des contenus avec des m\u00e9dias sociaux, favoriser le d\u00e9veloppement et l\u2019am\u00e9lioration des produits d\u2019Humanoid et de ses partenaires, vous afficher des publicit\u00e9s personnalis\u00e9es par rapport \u00e0 votre profil et activit\u00e9, vous d\u00e9finir un profil publicitaire personnalis\u00e9, mesurer la performance des publicit\u00e9s et du contenu de ce site et mesurer l\u2019audience de ce site <a href=\"#\" class=\"js-privacy\" target=\"_blank\">(en savoir plus)<\/a>            <\/p>\n<p>                En cliquant sur \u00ab J\u2019accepte tout \u00bb, vous consentez aux finalit\u00e9s susmentionn\u00e9es pour l\u2019ensemble des cookies et autres traceurs d\u00e9pos\u00e9s par Humanoid et <a class=\"embed-consent-overlay-vendors-link\" href=\"#preferences-vendeurs\">ses partenaires<\/a>.            <\/p>\n<p>                Vous gardez la possibilit\u00e9 de retirer votre consentement \u00e0 tout moment. Pour plus d\u2019informations, nous vous invitons \u00e0 prendre connaissance de notre <a href=\"https:\/\/www.frandroid.com\/politique-cookies\" rel=\"nofollow noopener\" target=\"_blank\">Politique cookies<\/a>.            <\/p>\n<p>            J\u2019accepte tout        <\/p>\n<p class=\"embed-consent-overlay-manage-choices\">            <a href=\"#preferences-publicitaires\">G\u00e9rer mes choix<\/a>        <\/p>\n<p>L\u2019\u00e9veil tardif d\u2019un PDG qui d\u00e9couvre les d\u00e9g\u00e2ts<\/p>\n<p>Ironie de la situation : selon un ancien dirigeant de Tesla interrog\u00e9 par le Financial Times, Elon Musk vient seulement de \u00ab\u00a0se r\u00e9veiller\u00a0\u00bb face \u00e0 la crise qui frappe son entreprise. Apr\u00e8s des mois d\u2019activisme politique, le milliardaire d\u00e9couvre enfin l\u2019ampleur des d\u00e9g\u00e2ts caus\u00e9s par ses propres actions.<\/p>\n<p>Le d\u00e9clic tardif ? Ce fameux \u00ab\u00a0Big Beautiful Bill\u00a0\u00bb qui supprime les cr\u00e9dits d\u2019imp\u00f4t de 7 500 dollars pour les voitures \u00e9lectriques, annule les amendes pour les constructeurs d\u00e9passant les normes d\u2019\u00e9missions et r\u00e9duit les incitations aux \u00e9nergies renouvelables.<\/p>\n<p>\u00ab\u00a0Il ne s\u2019agit pas seulement des normes CAFE de l\u2019EPA prises isol\u00e9ment ; c\u2019est tout un ensemble\u00ab\u00a0, explique l\u2019ancien dirigeant. \u00ab\u00a0Elon a enfin pris conscience de la situation, mais on peut parler d\u2019un jour de retard et d\u2019un dollar de moins.\u00a0\u00bb<\/p>\n<p>Milliards de dollars qui s\u2019\u00e9vaporent<\/p>\n<p>            <img decoding=\"async\" width=\"1200\" height=\"446\" loading=\"lazy\" alt=\"Box Partenaire BNP x FRANDROID \u2013 Juin 2025\" title=\"Box Partenaire BNP x FRANDROID \u2013 Juin 2025\" class=\"is-radiusless placeholder-default wp-image\" src=\"https:\/\/www.europesays.com\/fr\/wp-content\/uploads\/2025\/06\/box-partenaire-bnp-x-frandroid-juin-2025-1200x446.jpg\" \/>        <\/p>\n<p>\n                 80 \u20ac* offerts \u200b+ un compte, une carte, une assurance moyen de paiement gratuits            <\/p>\n<p class=\"has-text-weight-medium is-size-6 is-line-height-normal\">\n                Visa Origin, Visa Classic ou Visa Premier avec assurance et assistance compl\u00e8tes pour vous et votre famille : choisissez la carte qui s\u2019adapte \u00e0 vos besoins, gratuitement pendant 1 an avec l\u2019offre Esprit Libre* pour toute 1\u00e8re ouverture de compte en ligne.            <\/p>\n<p>Les cons\u00e9quences financi\u00e8res s\u2019annoncent brutales. Tesla risque de perdre des milliards en ventes de cr\u00e9dits r\u00e9glementaires, ces pr\u00e9cieux s\u00e9sames que la firme revend aux constructeurs traditionnels pour les aider \u00e0 respecter les normes environnementales.<\/p>\n<p>Au premier trimestre 2025, ces cr\u00e9dits ont rapport\u00e9 595 millions de dollars \u00e0 Tesla, soit une hausse de 35 % sur un an. Sans eux, l\u2019entreprise aurait enregistr\u00e9 une perte nette. Autant dire que leur suppression menace directement la rentabilit\u00e9 du constructeur.<\/p>\n<p>Tesla tente d\u00e9sormais de compenser en consolidant ses ventes de cr\u00e9dits en Europe et ailleurs. Mais cette strat\u00e9gie de rattrapage arrive bien tard face \u00e0 l\u2019h\u00e9morragie am\u00e9ricaine qui se profile.<\/p>\n<p>Wall Street : de l\u2019espoir \u00e0 la d\u00e9sillusion<\/p>\n<p>L\u2019effondrement est d\u2019autant plus brutal que les investisseurs Tesla croyaient enfin toucher au bout du tunnel. Ils c\u00e9l\u00e9braient encore la semaine derni\u00e8re des r\u00e9sultats de livraison \u00ab\u00a0moins catastrophiques que pr\u00e9vu\u00a0\u00bb (seulement 14 % de baisse, quand m\u00eame), et surtout le retour annonc\u00e9 d\u2019Elon Musk aux affaires courantes.<\/p>\n<p>Cette embellie n\u2019aura dur\u00e9 qu\u2019une semaine. <a href=\"https:\/\/www.frandroid.com\/culture-tech\/politique\/2723585_mauvaise-nouvelle-pour-tesla-elon-musk-cree-le-america-party-aux-etats-unis\" rel=\"nofollow noopener\" target=\"_blank\">L\u2019annonce du \u00ab\u00a0Parti de l\u2019Am\u00e9rique\u00a0\u00bb<\/a> a douch\u00e9 tous les espoirs.<\/p>\n<p>Une image de marque en lambeaux<\/p>\n<p>Plus grave encore : Tesla perd sa client\u00e8le sur tous les fronts. Les d\u00e9mocrates, autrefois s\u00e9duits par la mission environnementale de l\u2019entreprise, boycottent massivement la marque depuis le rapprochement Musk-Trump.<\/p>\n<p>Maintenant que les deux hommes se disputent publiquement, voil\u00e0 les r\u00e9publicains qui prennent leurs distances aussi. R\u00e9sultat : qui va encore acheter des Tesla ? L\u2019entreprise se retrouve politiquement toxique pour tous les camps.<\/p>\n<p class=\"shortcode-container see-more\">\n    Pour aller plus loin<br \/><a href=\"https:\/\/www.frandroid.com\/culture-tech\/politique\/2716777_menace-de-deportation-nouveau-parti-politique-doge-vs-tesla-le-torchon-brule-entre-elon-musk-et-donald-trump\" rel=\"nofollow noopener\" target=\"_blank\">Menace de d\u00e9portation, nouveau parti politique, DOGE vs Tesla : le torchon br\u00fble entre Elon Musk et Donald Trump<\/a>\n            <\/p>\n<p>Cette crise d\u2019image d\u00e9passe la simple pol\u00e9mique passag\u00e8re. Tesla a construit son succ\u00e8s sur l\u2019adh\u00e9sion \u00e9motionnelle \u00e0 sa vision, incarn\u00e9e par un Elon Musk autrefois charismatique. Cette recette magique se retourne aujourd\u2019hui contre le constructeur.<\/p>\n<p>Un conseil d\u2019administration aux abonn\u00e9s absents<\/p>\n<p>Face \u00e0 cette d\u00e9b\u00e2cle, le conseil d\u2019administration de Tesla brille par son silence. Alors que les investisseurs se plaignent depuis des mois du manque d\u2019attention de leur CEO, aucune mesure corrective n\u2019a \u00e9t\u00e9 prise.<\/p>\n<p class=\"shortcode-container see-more\">\n    Pour aller plus loin<br \/><a href=\"https:\/\/www.frandroid.com\/survoltes\/voitures-electriques\/2602405_tesla-cherche-un-remplacant-pour-elon-musk\" rel=\"nofollow noopener\" target=\"_blank\">Tesla cherche un rempla\u00e7ant pour Elon Musk<\/a>\n            <\/p>\n<p>Robyn Denholm, pr\u00e9sidente de Tesla, <a href=\"https:\/\/www.frandroid.com\/marques\/tesla\/2602781_absolument-faux-elon-musk-reste-a-la-barre-de-tesla-la-rumeur-de-son-remplacement-dementie\" rel=\"nofollow noopener\" target=\"_blank\">avait d\u00e9menti avec v\u00e9h\u00e9mence les rumeurs<\/a> sur une recherche de successeur \u00e0 Elon Musk. Mais si les pertes trimestrielles s\u2019accumulent, ces sp\u00e9culations pourraient rapidement reprendre du poil de la b\u00eate.<\/p>\n<p>L\u2019inaction du conseil pose question : comment une entreprise cot\u00e9e peut-elle laisser son dirigeant multiplier les \u00e9carts de conduite sans r\u00e9agir ? Cette gouvernance d\u00e9faillante inqui\u00e8te autant que les r\u00e9sultats financiers.<\/p>\n<p>Donald Trump brandit les menaces<\/p>\n<p>Cerise sur le g\u00e2teau : Donald Trump menace maintenant de repr\u00e9sailles contre l\u2019empire d\u2019Elon Musk. Annulation des contrats gouvernementaux lucratifs avec SpaceX et Starlink, expulsion pure et simple\u2026 Le pr\u00e9sident ne m\u00e2che pas ses mots.<\/p>\n<p>Cette escalade met en p\u00e9ril bien plus que Tesla. C\u2019est tout l\u2019\u00e9cosyst\u00e8me d\u2019entreprises d\u2019Elon Musk qui pourrait trinquer, avec un effet domino d\u00e9vastateur pour les finances du milliardaire.<\/p>\n<p>Les investisseurs qui pariaient sur l\u2019alliance Trump-Musk d\u00e9couvrent la volatilit\u00e9 de ces deux personnalit\u00e9s. Ils n\u2019avaient pas anticip\u00e9 la rapidit\u00e9 de cette rupture spectaculaire.<\/p>\n","protected":false},"excerpt":{"rendered":"Le cauchemar Tesla ne fait que commencer. Tesla paie au prix fort l\u2019activisme politique d\u2019Elon Musk. Disputes avec&hellip;\n","protected":false},"author":2,"featured_media":233774,"comment_status":"","ping_status":"","sticky":false,"template":"","format":"standard","meta":{"footnotes":""},"categories":[6],"tags":[35,75,33,34,46,1011,27],"class_list":{"0":"post-233773","1":"post","2":"type-post","3":"status-publish","4":"format-standard","5":"has-post-thumbnail","7":"category-economie","8":"tag-business","9":"tag-donald-trump","10":"tag-economie","11":"tag-economy","12":"tag-elon-musk","13":"tag-fr","14":"tag-france"},"share_on_mastodon":{"url":"https:\/\/pubeurope.com\/@fr\/114814601436489364","error":""},"_links":{"self":[{"href":"https:\/\/www.europesays.com\/fr\/wp-json\/wp\/v2\/posts\/233773","targetHints":{"allow":["GET"]}}],"collection":[{"href":"https:\/\/www.europesays.com\/fr\/wp-json\/wp\/v2\/posts"}],"about":[{"href":"https:\/\/www.europesays.com\/fr\/wp-json\/wp\/v2\/types\/post"}],"author":[{"embeddable":true,"href":"https:\/\/www.europesays.com\/fr\/wp-json\/wp\/v2\/users\/2"}],"replies":[{"embeddable":true,"href":"https:\/\/www.europesays.com\/fr\/wp-json\/wp\/v2\/comments?post=233773"}],"version-history":[{"count":0,"href":"https:\/\/www.europesays.com\/fr\/wp-json\/wp\/v2\/posts\/233773\/revisions"}],"wp:featuredmedia":[{"embeddable":true,"href":"https:\/\/www.europesays.com\/fr\/wp-json\/wp\/v2\/media\/233774"}],"wp:attachment":[{"href":"https:\/\/www.europesays.com\/fr\/wp-json\/wp\/v2\/media?parent=233773"}],"wp:term":[{"taxonomy":"category","embeddable":true,"href":"https:\/\/www.europesays.com\/fr\/wp-json\/wp\/v2\/categories?post=233773"},{"taxonomy":"post_tag","embeddable":true,"href":"https:\/\/www.europesays.com\/fr\/wp-json\/wp\/v2\/tags?post=233773"}],"curies":[{"name":"wp","href":"https:\/\/api.w.org\/{rel}","templated":true}]}}