{"id":233777,"date":"2025-07-07T23:43:09","date_gmt":"2025-07-07T23:43:09","guid":{"rendered":"https:\/\/www.europesays.com\/fr\/233777\/"},"modified":"2025-07-07T23:43:09","modified_gmt":"2025-07-07T23:43:09","slug":"suis-je-inconscient-ou-courageux-qui-est-lennart-monterlos-le-francais-de-18-ans-disparu-en-iran-le-16-juin","status":"publish","type":"post","link":"https:\/\/www.europesays.com\/fr\/233777\/","title":{"rendered":"\u00ab\u00a0Suis-je inconscient ou courageux\u00a0?\u00a0\u00bb\u2026 Qui est Lennart Monterlos, le Fran\u00e7ais de 18 ans disparu en Iran le 16\u00a0juin\u00a0?"},"content":{"rendered":"<p>Il y a presque un an, <a href=\"https:\/\/www.20minutes.fr\/societe\/4162199-20250706-iran-disparition-inquietante-jeune-touriste-francais-faisait-randonnee-velo\" class=\"color-ultramarine c-link\" rel=\"nofollow noopener\" target=\"_blank\">Lennart Monterlos<\/a>, un jeune homme de 18 ans originaire de Besan\u00e7on, se lan\u00e7ait dans l\u2019aventure de sa vie\u00a0: relier le Japon \u00e0 v\u00e9lo depuis la France. Arriv\u00e9 en <a href=\"https:\/\/www.20minutes.fr\/monde\/iran\/\" class=\"color-ultramarine c-link\" rel=\"nofollow noopener\" target=\"_blank\">Iran <\/a>en novembre\u00a02024, il \u00e9tait revenu chez lui pour quelques mois avant de reprendre son voyage, en mai dernier. Deux semaines plus tard, il postait une derni\u00e8re vid\u00e9o sur Instagram \u00e9voquant son passage dans le d\u00e9sert de Varzaneh, \u00e0 l\u2019Est d\u2019Ispahan, avant de <a href=\"https:\/\/www.20minutes.fr\/societe\/4162208-20250706-iran-disait-risque-trop-grand-sait-disparition-lennart-monterlos-18-ans\" class=\"color-ultramarine c-link\" rel=\"nofollow noopener\" target=\"_blank\">compl\u00e8tement dispara\u00eetre des radars<\/a>.<\/p>\n<p>Le 11 juin\u00a02024, Lennart posait la premi\u00e8re pierre de son \u00ab\u00a0projet fou\u00a0\u00bb en lan\u00e7ant <a href=\"https:\/\/fr.ulule.com\/voyage400j-eurasie\/\" rel=\"nofollow noopener\" target=\"_blank\" class=\"color-ultramarine c-link\">une cagnotte en ligne<\/a> pour r\u00e9colter des fonds. A l\u2019\u00e9poque, il venait de f\u00eater ses 18 ans et s\u2019appr\u00eatait \u00e0 passer son bac \u00ab\u00a0parcours binational franco-allemand\u00a0\u00bb au lyc\u00e9e Ledoux, \u00e0 Besan\u00e7on. Lui-m\u00eame se pr\u00e9sentait comme un \u00ab\u00a0passionn\u00e9 de sport\u00a0\u00bb, notamment d\u2019escalade, de v\u00e9lo et de voyages.<\/p>\n<p>\u00ab\u00a0Une ann\u00e9e de c\u00e9sure\u00a0\u00bb apr\u00e8s le bac<\/p>\n<p>Ces deux derni\u00e8res activit\u00e9s, il les associera plusieurs fois avant d\u2019enfourcher son v\u00e9lo direction le Japon. D\u2019abord seul, entre Besan\u00e7on et Constance, en Allemagne. Puis avec un ami, toujours depuis Besan\u00e7on, mais cette fois vers Amsterdam, lors d\u2019un p\u00e9riple de pr\u00e8s de 1.000\u00a0km. Et, fin\u00a02023, il a commenc\u00e9 \u00e0 pr\u00e9parer ce qu\u2019il voit comme \u00ab\u00a0une ann\u00e9e de c\u00e9sure\u00a0\u00bb avant ses \u00e9tudes sup\u00e9rieures\u00a0: un voyage de 400 jours en Eurasie qui lui fera traverser 35 pays avant d\u2019arriver au Japon, 35.000\u00a0km plus loin.<\/p>\n<\/p>\n<p>Sa cagnotte n\u2019a pas fait pas un carton, \u00e0 peine 2.000 euros r\u00e9colt\u00e9s sur les 8.000 esp\u00e9r\u00e9s. Mais Lennart n\u2019a pas abandonn\u00e9 et s\u2019est lanc\u00e9, le 15\u00a0ao\u00fbt 2024, pour son \u00ab\u00a0voyage \u00e0 v\u00e9lo \u00e0 travers les mondes\u00a0\u00bb. Un voyage qu\u2019il va documenter comme il peut, sur <a href=\"https:\/\/www.instagram.com\/lennart_mtrl\/\" rel=\"nofollow noopener\" target=\"_blank\" class=\"color-ultramarine c-link\">Instagram <\/a>et sur la plateforme PolarSteps. Entre ao\u00fbt et novembre\u00a02024, le jeune homme, que ses amis d\u00e9crivent comme \u00ab\u00a0ouvert, gentil et sans pr\u00e9jug\u00e9s\u00a0\u00bb, a travers\u00e9 la Suisse, l\u2019Allemagne, l\u2019Autriche, la Hongrie, la Serbie, la Bulgarie et la Turquie avant d\u2019arriver en Iran, fin novembre.<\/p>\n<p>L\u00e0, Lennart a \u00e9t\u00e9 conquis par la capitale, T\u00e9h\u00e9ran, o\u00f9 il logeait chez \u00ab\u00a0la s\u0153ur d\u2019une amie Iranienne\u00a0\u00bb de sa m\u00e8re. \u00ab\u00a0Je suis \u00e9merveill\u00e9 de d\u00e9couvrir cette ville\u00a0\u00bb, \u00e9crivait-il alors <a href=\"https:\/\/www.polarsteps.com\/lennartmonterlos\/13313574-voyage-a-velo-a-travers-les-mondes\" rel=\"nofollow noopener\" target=\"_blank\" class=\"color-ultramarine c-link\">sur PolarSteps<\/a>. Mais il a interrompu subitement son voyage pour revenir en France, passer les f\u00eates de No\u00ebl en famille. Et retrouver son amoureuse qui lui manque, confiait-il.<\/p>\n<p>\u00ab\u00a0Suis-je inconscient ou courageux\u00a0?\u00a0\u00bb<\/p>\n<p>Apr\u00e8s une pause en France plus longue que pr\u00e9vu, Lennart a repris sa route, le 24\u00a0mai 2025, o\u00f9 il l\u2019avait interrompue, en Iran. C\u2019est l\u00e0 qu\u2019il a chang\u00e9 de ton dans ses vid\u00e9os. Certes, il \u00e9tait toujours dans le mood de \u00ab\u00a0promouvoir un mode de voyage plus lent et respectueux de l\u2019environnement\u00a0\u00bb. Mais il insistait aussi sur un autre point\u00a0: \u00ab\u00a0\u00e0 18 ans, je vais traverser les pays les plus dangereux au monde\u00a0\u00bb, assurait-il dans une vid\u00e9o, listant l\u2019Iran, l\u2019Afghanistan et le Pakistan. \u00ab\u00a0Suis-je inconscient ou courageux\u00a0?\u00a0\u00bb, demandait-il \u00e0 ses followers.<\/p>\n<p>Il a m\u00eame post\u00e9 une vid\u00e9o, supprim\u00e9e depuis par sa famille, dans laquelle il vantait les qualit\u00e9s du pays\u00a0: architecture, paysages, co\u00fbt de la vie, accueil des habitants\u2026 Une vid\u00e9o cependant assez mal per\u00e7ue, notamment parce que Lennart y raillait les <a href=\"https:\/\/www.20minutes.fr\/societe\/4162305-20250707-francais-appeles-suivre-conseils-site-quai-orsay-apres-disparition-jeune-18-ans-iran\" class=\"color-ultramarine c-link\" rel=\"nofollow noopener\" target=\"_blank\">consignes du Quai d\u2019Orsay<\/a> qui d\u00e9conseille aux voyageurs de se rendre en Iran en raison des \u00ab\u00a0risques d\u2019arrestation arbitraire\u00a0\u00bb.<\/p>\n<p>Le 15 juin, quelques jours apr\u00e8s avoir post\u00e9 cette vid\u00e9o, Lennart en diffusait une derni\u00e8re sur Instagram, racontant son passage difficile dans les dunes de la r\u00e9gion de Varzaneh. Depuis, le jeune homme n\u2019a plus rien post\u00e9 sur Instagram. Son roadbook sur PolarSteps, lui, n\u2019est plus aliment\u00e9 depuis le 3\u00a0juin, lorsque Lennart se trouvait du c\u00f4t\u00e9 de Shiraz, une ville au sud du pays.<\/p>\n<p><a href=\"https:\/\/www.20minutes.fr\/monde\/iran\/\" class=\"c-link c-btn c-btn--primary\" rel=\"nofollow noopener\" target=\"_blank\">Notre dossier sur l&rsquo;Iran<\/a><\/p>\n<p>Contact\u00e9e par 20 Minutes, la famille de Lennart ne souhaite pas s\u2019exprimer pour le moment. \u00ab\u00a0On est inquiets, on n\u2019a pas de nouvelles, on est un peu tous dans l\u2019attente\u00a0\u00bb, reconna\u00eet en revanche un de ses amis <a href=\"https:\/\/www.rtl.fr\/actu\/justice-faits-divers\/les-infos-de-6h-touriste-disparu-en-iran-on-est-inquiets-confie-un-proche-7900521793\" rel=\"nofollow noopener\" target=\"_blank\" class=\"color-ultramarine c-link\">aupr\u00e8s de RTL<\/a>. Forc\u00e9ment, puisque le silence de Lennart correspond \u00e0 ce que l\u2019on appelle aujourd\u2019hui \u00ab\u00a0la guerre des 12 jours\u00a0\u00bb, lorsque Isra\u00ebl et les Etats-Unis ont bombard\u00e9 des sites nucl\u00e9aires iraniens entre le 13 et le 24\u00a0juin.<\/p>\n<p><script async src=\"\/\/www.instagram.com\/embed.js\"><\/script><\/p>\n","protected":false},"excerpt":{"rendered":"Il y a presque un an, Lennart Monterlos, un jeune homme de 18 ans originaire de Besan\u00e7on, se&hellip;\n","protected":false},"author":2,"featured_media":233778,"comment_status":"","ping_status":"","sticky":false,"template":"","format":"standard","meta":{"footnotes":""},"categories":[4],"tags":[47,11,10112,2718,2715,8026,1011,27,3672,3019,74,12,7553,25,208],"class_list":{"0":"post-233777","1":"post","2":"type-post","3":"status-publish","4":"format-standard","5":"has-post-thumbnail","7":"category-france","8":"tag-actualite","9":"tag-actualites","10":"tag-besancon","11":"tag-bourgogne-franche-comte","12":"tag-disparition","13":"tag-doubs","14":"tag-fr","15":"tag-france","16":"tag-franche-comte","17":"tag-iran","18":"tag-monde","19":"tag-news","20":"tag-randonnee","21":"tag-republique-francaise","22":"tag-velo"},"share_on_mastodon":{"url":"https:\/\/pubeurope.com\/@fr\/114814609245883800","error":""},"_links":{"self":[{"href":"https:\/\/www.europesays.com\/fr\/wp-json\/wp\/v2\/posts\/233777","targetHints":{"allow":["GET"]}}],"collection":[{"href":"https:\/\/www.europesays.com\/fr\/wp-json\/wp\/v2\/posts"}],"about":[{"href":"https:\/\/www.europesays.com\/fr\/wp-json\/wp\/v2\/types\/post"}],"author":[{"embeddable":true,"href":"https:\/\/www.europesays.com\/fr\/wp-json\/wp\/v2\/users\/2"}],"replies":[{"embeddable":true,"href":"https:\/\/www.europesays.com\/fr\/wp-json\/wp\/v2\/comments?post=233777"}],"version-history":[{"count":0,"href":"https:\/\/www.europesays.com\/fr\/wp-json\/wp\/v2\/posts\/233777\/revisions"}],"wp:featuredmedia":[{"embeddable":true,"href":"https:\/\/www.europesays.com\/fr\/wp-json\/wp\/v2\/media\/233778"}],"wp:attachment":[{"href":"https:\/\/www.europesays.com\/fr\/wp-json\/wp\/v2\/media?parent=233777"}],"wp:term":[{"taxonomy":"category","embeddable":true,"href":"https:\/\/www.europesays.com\/fr\/wp-json\/wp\/v2\/categories?post=233777"},{"taxonomy":"post_tag","embeddable":true,"href":"https:\/\/www.europesays.com\/fr\/wp-json\/wp\/v2\/tags?post=233777"}],"curies":[{"name":"wp","href":"https:\/\/api.w.org\/{rel}","templated":true}]}}