{"id":233779,"date":"2025-07-07T23:44:13","date_gmt":"2025-07-07T23:44:13","guid":{"rendered":"https:\/\/www.europesays.com\/fr\/233779\/"},"modified":"2025-07-07T23:44:13","modified_gmt":"2025-07-07T23:44:13","slug":"djokovic-blague-sur-federer-venu-assister-a-son-8e-de-finale-a-wimbledon","status":"publish","type":"post","link":"https:\/\/www.europesays.com\/fr\/233779\/","title":{"rendered":"Djokovic blague sur Federer, venu assister \u00e0 son 8e de finale \u00e0 Wimbledon"},"content":{"rendered":"<p>        <img decoding=\"async\" loading=\"lazy\" src=\"https:\/\/www.europesays.com\/fr\/wp-content\/uploads\/2025\/07\/6c4465d_upload-1-2y7bej3yp38c-000-662v4nq.jpg\"  width=\"728\" height=\"409\" alt=\"Le Serbe Novak Djokovic affronte l\u2019Australien Alex De Minaur, au huiti\u00e8me jour du tournoi de Wimbledon 2025, le 7\u00a0juillet 2025.\"\/>  <\/p>\n<p>ADRIAN DENNIS \/ AFP<\/p>\n<p>Le Serbe Novak Djokovic affronte l\u2019Australien Alex De Minaur, au huiti\u00e8me jour du tournoi de Wimbledon 2025, le 7\u00a0juillet 2025.<\/p>\n<p class=\"asset asset-text\">TENNIS &#8211; Un clin d\u2019\u0153il complice. Sous les yeux de<a href=\"https:\/\/www.huffingtonpost.fr\/sport\/article\/rafael-nadal-encense-par-roger-federer-avant-la-derniere-semaine-de-sa-carriere-en-coupe-davis_242427.html\" target=\"_blank\" rel=\"noopener\"> Roger Federer<\/a> \u00e0 Wimbledon, retrait\u00e9 depuis septembre\u00a02022, le Serbe <a href=\"https:\/\/www.huffingtonpost.fr\/france\/article\/novak-djokovic-reconverti-en-journaliste-a-lance-le-journal-de-20h-d-anne-sophie-lapix_250839.html\" target=\"_blank\" rel=\"noopener\">Novak\u00a0Djokovic<\/a> a surmont\u00e9 ce lundi 7\u00a0juillet une entame catastrophique et la perte du premier set contre l\u2019Australien Alex De Minaur avant de se qualifier pour les quarts de finale du tournoi londonien pour la 16e fois de sa carri\u00e8re.<\/p>\n<p class=\"asset asset-text\">Apr\u00e8s cette victoire arrach\u00e9e, Novak\u00a0Djokovic s\u2019est permis une petite blague \u00e0 l\u2019adresse de Roger Federer\u00a0: \u00ab\u00a0C\u2019est sans doute la premi\u00e8re fois qu\u2019il me regarde et que je m\u2019impose. J\u2019avais perdu les deux derniers. C\u2019est cool de briser la mal\u00e9diction\u00a0!\u00a0\u00bb.<\/p>\n<p> La lecture de ce contenu est susceptible d\u2019entra\u00eener un d\u00e9p\u00f4t de cookies de la part de l\u2019op\u00e9rateur tiers qui l\u2019h\u00e9berge. Compte-tenu des choix que vous avez exprim\u00e9s en mati\u00e8re de d\u00e9p\u00f4t de cookies, nous avons bloqu\u00e9 l\u2019affichage de ce contenu. Si vous souhaitez y acc\u00e9der, vous devez accepter la cat\u00e9gorie de cookies \u201cContenus tiers\u201d en cliquant sur le bouton ci-dessous. <\/p>\n<p> Lire la Vid\u00e9o        <\/p>\n<p class=\"asset asset-text\">Les deux hommes se sont affront\u00e9s 50 fois, dont quatre fois en finale \u00e0 Wimbledon, rappelle <a href=\"https:\/\/www.lequipe.fr\/Tennis\/Actualites\/Sans-doute-la-premiere-fois-que-je-gagne-devant-lui-roger-federer-present-a-wimbledon-pour-la-victoire-de-novak-djokovic-en-huitiemes-de-finale\/1576217\" target=\"_blank\" rel=\"noopener\" title=\"Nouvelle fen\u00eatre\">l\u2019\u00c9quipe<\/a>. Novak Djokovic en a remport\u00e9 trois (2014, 2015, 2019).<\/p>\n<p>    Une remont\u00e9e en force    <\/p>\n<p class=\"asset asset-text\">Roger Federer, d\u00e9tenteur du record de titres (huit) \u00e0 Wimbledon \u00e9tait assis au premier rang de la \u00ab\u00a0Royal Box\u00a0\u00bb avec sa femme Mirka.<\/p>\n<p> La lecture de ce contenu est susceptible d\u2019entra\u00eener un d\u00e9p\u00f4t de cookies de la part de l\u2019op\u00e9rateur tiers qui l\u2019h\u00e9berge. Compte-tenu des choix que vous avez exprim\u00e9s en mati\u00e8re de d\u00e9p\u00f4t de cookies, nous avons bloqu\u00e9 l\u2019affichage de ce contenu. Si vous souhaitez y acc\u00e9der, vous devez accepter la cat\u00e9gorie de cookies \u201cContenus tiers\u201d en cliquant sur le bouton ci-dessous. <\/p>\n<p> Lire la Vid\u00e9o        <\/p>\n<p class=\"asset asset-text\">Sur un Central au toit ouvert et observ\u00e9 par un autre ma\u00eetre du tennis, Novak\u00a0Djokovic a encaiss\u00e9 un s\u00e9v\u00e8re 6-1 d\u2019entr\u00e9e avant de retrouver progressivement ses esprits et son jeu, bouclant la partie en 3h19 sur le score de 1-6, 6-4, 6-4, 6-4.<\/p>\n<p class=\"asset asset-text\">La premi\u00e8re manche lui a totalement \u00e9chapp\u00e9, en une demi-heure chrono, avec un nombre inhabituel de doubles fautes (4), de fautes directes (16) et un engagement largement d\u00e9faillant, notamment sur les deuxi\u00e8mes services (18\u00a0% seulement de points gagn\u00e9s).<\/p>\n<p class=\"asset asset-text\">Le deuxi\u00e8me set a d\u00e9but\u00e9 bizarrement, puisque les deux adversaires ont perdu leur service sur les trois premiers jeux. De Minaur, 11e au classement mondial, a remport\u00e9 le deuxi\u00e8me apr\u00e8s quasiment 19 minutes sur sa 6e balle de break.<\/p>\n<p class=\"asset asset-text\">Novak\u00a0Djokovic a fini tr\u00e8s fort dans le troisi\u00e8me avec le gain des trois derniers jeux, ponctuant sa performance par une mont\u00e9e gagnante au filet \u00e0 l\u2019issue d\u2019un superbe rallye \u00e0 27 coups. Rebelote dans la quatri\u00e8me et derni\u00e8re manche. Men\u00e9 3 jeux \u00e0 z\u00e9ro, le Serbe aux 100 titres sur le circuit ATP a renvers\u00e9 l\u2019Australien de 26\u00a0ans.<\/p>\n<p class=\"asset asset-text\">\u00c0 Wimbledon, Novak\u00a0Djokovic\u00a0a gagn\u00e9 43 de ses 45 derniers matches, ses deux d\u00e9faites ayant eu lieu lors des finales 2023 et 2024 contre Carlos Alcaraz.<\/p>\n","protected":false},"excerpt":{"rendered":"ADRIAN DENNIS \/ AFP Le Serbe Novak Djokovic affronte l\u2019Australien Alex De Minaur, au huiti\u00e8me jour du tournoi&hellip;\n","protected":false},"author":2,"featured_media":233780,"comment_status":"","ping_status":"","sticky":false,"template":"","format":"standard","meta":{"footnotes":""},"categories":[2],"tags":[11,1011,27,12,6433,21428,517,1467,4173],"class_list":{"0":"post-233779","1":"post","2":"type-post","3":"status-publish","4":"format-standard","5":"has-post-thumbnail","7":"category-actualites","8":"tag-actualites","9":"tag-fr","10":"tag-france","11":"tag-news","12":"tag-novak-djokovic","13":"tag-roger-federer","14":"tag-sport","15":"tag-tennis","16":"tag-wimbledon"},"share_on_mastodon":{"url":"https:\/\/pubeurope.com\/@fr\/114814613393679523","error":""},"_links":{"self":[{"href":"https:\/\/www.europesays.com\/fr\/wp-json\/wp\/v2\/posts\/233779","targetHints":{"allow":["GET"]}}],"collection":[{"href":"https:\/\/www.europesays.com\/fr\/wp-json\/wp\/v2\/posts"}],"about":[{"href":"https:\/\/www.europesays.com\/fr\/wp-json\/wp\/v2\/types\/post"}],"author":[{"embeddable":true,"href":"https:\/\/www.europesays.com\/fr\/wp-json\/wp\/v2\/users\/2"}],"replies":[{"embeddable":true,"href":"https:\/\/www.europesays.com\/fr\/wp-json\/wp\/v2\/comments?post=233779"}],"version-history":[{"count":0,"href":"https:\/\/www.europesays.com\/fr\/wp-json\/wp\/v2\/posts\/233779\/revisions"}],"wp:featuredmedia":[{"embeddable":true,"href":"https:\/\/www.europesays.com\/fr\/wp-json\/wp\/v2\/media\/233780"}],"wp:attachment":[{"href":"https:\/\/www.europesays.com\/fr\/wp-json\/wp\/v2\/media?parent=233779"}],"wp:term":[{"taxonomy":"category","embeddable":true,"href":"https:\/\/www.europesays.com\/fr\/wp-json\/wp\/v2\/categories?post=233779"},{"taxonomy":"post_tag","embeddable":true,"href":"https:\/\/www.europesays.com\/fr\/wp-json\/wp\/v2\/tags?post=233779"}],"curies":[{"name":"wp","href":"https:\/\/api.w.org\/{rel}","templated":true}]}}