{"id":233781,"date":"2025-07-07T23:45:18","date_gmt":"2025-07-07T23:45:18","guid":{"rendered":"https:\/\/www.europesays.com\/fr\/233781\/"},"modified":"2025-07-07T23:45:18","modified_gmt":"2025-07-07T23:45:18","slug":"agnes-ledig-marraine-de-la-39eme-fete-du-livre","status":"publish","type":"post","link":"https:\/\/www.europesays.com\/fr\/233781\/","title":{"rendered":"Agn\u00e8s Ledig, marraine de la 39\u00e8me F\u00eate du livre"},"content":{"rendered":"<p class=\"is-style-chapo\">La F\u00eate du livre est de retour pour une 39\u00e8me \u00e9dition \u00e0 Saint-Etienne du 10 au 12 octobre. Cette ann\u00e9e encore, plus de 100 maisons d\u2019\u00e9dition seront repr\u00e9sent\u00e9es ainsi que 180 auteurs, tous genres confondus, sur les quatre places st\u00e9phanoises qui accueillent l\u2019\u00e9v\u00e9nement. Et c\u2019est l\u2019autrice \u00e0 succ\u00e8s Agn\u00e8s Ledig qui en sera la marraine\u2026<\/p>\n<p><img loading=\"lazy\" decoding=\"async\" width=\"1024\" height=\"576\" src=\"https:\/\/www.europesays.com\/fr\/wp-content\/uploads\/2025\/07\/Design-sans-titre-11-1024x576.png\" alt=\"F\u00eate du livre\" class=\"wp-image-80039\"  \/>Agn\u00e8s Ledig pr\u00e9sentera son dernier ouvrage, R\u00e9pondre \u00e0 la nuit. \u00a9Pascal Ito<\/p>\n<p>Comme chaque ann\u00e9e \u00e0 l\u2019arriv\u00e9e de l\u2019automne, <a href=\"https:\/\/www.if-saint-etienne.fr\/culture-loisirs\/fete-du-livre-7-auteurs-en-lice-pour-le-goncourt-seront-presents\" target=\"_blank\" rel=\"noreferrer noopener\">la F\u00eate du livre<\/a> est de retour \u00e0 Saint-Etienne. Cette 39\u00e8me \u00e9dition se d\u00e9roulera du 10 au 12 octobre, sur quatre places de la ville, dont l\u2019H\u00f4tel de Ville est l\u2019\u00e9picentre. Au programme encore cette ann\u00e9e, bouquinistes, expositions, rencontres, animations, Les Mots en sc\u00e8ne, ou encore des s\u00e9ances de d\u00e9dicaces. <\/p>\n<p>\u00ab\u00a0La F\u00eate du livre, c\u2019est aussi huit prix litt\u00e9raires, 18 compagnies locales pour l\u2019animer, 60 participants pour la journ\u00e9e professionnelle, cinq bouquinistes, 11 libraires exposants, ou encore environ 100 b\u00e9n\u00e9voles, a rappel\u00e9 Marc Chassaub\u00e9n\u00e9, adjoint au maire de Saint-Etienne, charg\u00e9 de la Culture, lors de la conf\u00e9rence de presse de pr\u00e9sentation de cette 39\u00e8me \u00e9dition. Saint-Etienne fait partie des trois \u00e9v\u00e9nements les plus importants autour du livre en France\u00a0\u00bb.<\/p>\n<p>Invit\u00e9s d\u2019honneur<\/p>\n<p>Cette ann\u00e9e, c\u2019est l\u2019autrice Agn\u00e8s Ludig qui a \u00e9t\u00e9 choisie pour \u00eatre la marraine de l\u2019\u00e9v\u00e9nement. Cette ancienne sage-femme a connu le succ\u00e8s d\u00e8s son premier roman en 2011, Marie d\u2019en haut. Edit\u00e9e chez Albin Michel, elle pr\u00e9sentera son 12\u00e8me roman, R\u00e9pondre \u00e0 la nuit. Elle est \u00e9galement autrice jeunesse, puisqu\u2019elle a publi\u00e9 trois r\u00e9cits dans cette cat\u00e9gorie, dont Le Petit arbre qui voulait devenir un nuage. <\/p>\n<p>Puis, c\u2019est Benjamin Lacombe qui a \u00e9t\u00e9 d\u00e9sign\u00e9 parrain de la 12\u00e8me \u00e9dition du Festival Les Mots en sc\u00e8ne. Auteur, peintre et illustrateur, il a \u00e9crit et illustr\u00e9 de nombreux ouvrages dans divers domaines. Il pr\u00e9sentera sa collection, qu\u2019il dirige aux \u00e9ditions Albin Michel\u00a0: L\u2019Encyclop\u00e9die du Merveilleux, qui fera l\u2019objet d\u2019une exposition au sein de l\u2019H\u00f4tel de Ville.<\/p>\n<p>Une affiche en clin d\u2019\u0153il<\/p>\n<p>La r\u00e9alisation de l\u2019affiche de cette 39\u00e8me opus a \u00e9t\u00e9 confi\u00e9e \u00e0 Romain Lubi\u00e8re. Form\u00e9 aux Beaux-Arts de Saint-Etienne, l\u2019essentiel de son activit\u00e9 est centr\u00e9 sur l\u2019\u00e9dition jeunesse. Son dernier ouvrage, Jusqu\u2019au dernier, publi\u00e9 cette ann\u00e9e aux \u00e9ditions Balivernes, s\u2019attache \u00e0 sensibiliser sur la disparition de certaines esp\u00e8ces d\u2019animaux sauvages. \u00ab\u00a0Avec cette affiche, j\u2019ai voulu faire un petit clin d\u2019\u0153il \u00e0 Lukas Kandl, qui faisait les affiches de la F\u00eate du livre fin des ann\u00e9es 80, d\u00e9but 90, quand j\u2019\u00e9tais enfant, explique l\u2019illustrateur. Il s\u2019agit d\u2019une m\u00e9taphore de la lecture, qui nous fait nous \u00e9panouir. Je voulais un message qui soit apais\u00e9, surtout dans le monde actuel, et montr\u00e9 que cet apaisement peut venir par la lecture\u00a0\u00bb. <\/p>\n<p>Il est \u00e0 noter que cette <a href=\"https:\/\/fetedulivre.saint-etienne.fr\/\" target=\"_blank\" rel=\"noreferrer noopener\">F\u00eate du livre<\/a> aura comme axe la modernisation du conte. \u00ab Nous voulions rendre hommage \u00e0 nos traditions, explique Anna Jouchoux, commissaire de l\u2019\u00e9v\u00e9nement. Le tout en s\u2019interrogeant aussi\u00a0: est-ce que les messages port\u00e9s par les contes sont toujours d\u2019actualit\u00e9 ? \u00bb. Enfin, parmi les nouveaut\u00e9s cette ann\u00e9e, une pyjama party sera organis\u00e9e au cin\u00e9ma M\u00e9garama de Chavanelle, durant laquelle les petits pourront \u00e9couter des histoires au premier-rang, pendant que leurs parents rencontreront les auteurs autour d\u2019un pot de pop-corn.<\/p>\n<p><img loading=\"lazy\" decoding=\"async\" width=\"1024\" height=\"576\" src=\"https:\/\/www.europesays.com\/fr\/wp-content\/uploads\/2025\/07\/IMG_2079-1-1024x576.jpg\" alt=\"\" class=\"wp-image-80043\"  \/><\/p>\n","protected":false},"excerpt":{"rendered":"La F\u00eate du livre est de retour pour une 39\u00e8me \u00e9dition \u00e0 Saint-Etienne du 10 au 12 octobre.&hellip;\n","protected":false},"author":2,"featured_media":233782,"comment_status":"","ping_status":"","sticky":false,"template":"","format":"standard","meta":{"footnotes":""},"categories":[9653],"tags":[1111,11,2430,1777,674,14012,36981,37260,37261,37262,1011,27,12,25,4001],"class_list":{"0":"post-233781","1":"post","2":"type-post","3":"status-publish","4":"format-standard","5":"has-post-thumbnail","7":"category-saint-etienne","8":"tag-actu","9":"tag-actualites","10":"tag-auvergne-rhone-alpes","11":"tag-eu","12":"tag-europe","13":"tag-festif","14":"tag-fete-du-livre","15":"tag-fete-du-livre-2025","16":"tag-fete-du-livre-a-saint-etienne","17":"tag-fete-du-livre-saint-etienne","18":"tag-fr","19":"tag-france","20":"tag-news","21":"tag-republique-francaise","22":"tag-saint-etienne"},"share_on_mastodon":{"url":"https:\/\/pubeurope.com\/@fr\/114814617183801070","error":""},"_links":{"self":[{"href":"https:\/\/www.europesays.com\/fr\/wp-json\/wp\/v2\/posts\/233781","targetHints":{"allow":["GET"]}}],"collection":[{"href":"https:\/\/www.europesays.com\/fr\/wp-json\/wp\/v2\/posts"}],"about":[{"href":"https:\/\/www.europesays.com\/fr\/wp-json\/wp\/v2\/types\/post"}],"author":[{"embeddable":true,"href":"https:\/\/www.europesays.com\/fr\/wp-json\/wp\/v2\/users\/2"}],"replies":[{"embeddable":true,"href":"https:\/\/www.europesays.com\/fr\/wp-json\/wp\/v2\/comments?post=233781"}],"version-history":[{"count":0,"href":"https:\/\/www.europesays.com\/fr\/wp-json\/wp\/v2\/posts\/233781\/revisions"}],"wp:featuredmedia":[{"embeddable":true,"href":"https:\/\/www.europesays.com\/fr\/wp-json\/wp\/v2\/media\/233782"}],"wp:attachment":[{"href":"https:\/\/www.europesays.com\/fr\/wp-json\/wp\/v2\/media?parent=233781"}],"wp:term":[{"taxonomy":"category","embeddable":true,"href":"https:\/\/www.europesays.com\/fr\/wp-json\/wp\/v2\/categories?post=233781"},{"taxonomy":"post_tag","embeddable":true,"href":"https:\/\/www.europesays.com\/fr\/wp-json\/wp\/v2\/tags?post=233781"}],"curies":[{"name":"wp","href":"https:\/\/api.w.org\/{rel}","templated":true}]}}