{"id":233793,"date":"2025-07-07T23:51:09","date_gmt":"2025-07-07T23:51:09","guid":{"rendered":"https:\/\/www.europesays.com\/fr\/233793\/"},"modified":"2025-07-07T23:51:09","modified_gmt":"2025-07-07T23:51:09","slug":"previsions-du-mardi-8-juillet-2025-3","status":"publish","type":"post","link":"https:\/\/www.europesays.com\/fr\/233793\/","title":{"rendered":"pr\u00e9visions du mardi 8 juillet 2025"},"content":{"rendered":"<p>Montpellier aura la chance de pouvoir profiter d&rsquo;une belle journ\u00e9e ensoleill\u00e9e. Les temp\u00e9ratures seront de 17\u00b0C au minimum et de 30\u00b0C au maximum. La ville sera touch\u00e9e par un vent de nord-ouest de 24 km\/h. Le temps va se r\u00e9chauffer l&rsquo;apr\u00e8s-midi avec une augmentation de plusieurs degr\u00e9s. Attention \u00e0 la vague de chaud. Des valeurs de 28 \u00e0 30\u00b0C sont attendues. Les temp\u00e9ratures seront comprises entre 28\u00b0C et 30\u00b0C. Il fera en moyenne 26\u00b0C, le soir. On passera de mardi \u00e0 mercredi par une nuit claire.<\/p>\n<p>Un beau soleil est attendu demain \u00e0 Montpellier. Les grosses chaleurs sont install\u00e9es. Avec des valeurs \u00e9chelonn\u00e9es entre 17 et 30\u00b0C. Les temp\u00e9ratures s&rsquo;\u00e9chelonneront entre 17 et 30\u00b0C. Un vent de nord rafra\u00eechira un peu l&rsquo;atmosph\u00e8re. Demain apr\u00e8s-midi, c&rsquo;est une hausse de plusieurs degr\u00e9s que vont enregistrer les temp\u00e9ratures. La ville va souffrir des fortes chaleurs avec des valeurs qui devraient monter jusqu&rsquo;\u00e0 30\u00b0C. Les maximales pourront atteindre 30\u00b0C tandis que les minimales seront de 28\u00b0C. Il va faire 24\u00b0C en moyenne demain soir.<\/p>\n<p>Peu de changements pour la suite. Des temp\u00e9ratures dans les 30\u00b0C accompagneront un ciel ensoleill\u00e9.<\/p>\n<p><\/p>\n","protected":false},"excerpt":{"rendered":"Montpellier aura la chance de pouvoir profiter d&rsquo;une belle journ\u00e9e ensoleill\u00e9e. Les temp\u00e9ratures seront de 17\u00b0C au minimum&hellip;\n","protected":false},"author":2,"featured_media":233794,"comment_status":"","ping_status":"","sticky":false,"template":"","format":"standard","meta":{"footnotes":""},"categories":[9599],"tags":[1111,11,1777,674,1011,27,7089,2681,2208,12,2680,2119,25],"class_list":{"0":"post-233793","1":"post","2":"type-post","3":"status-publish","4":"format-standard","5":"has-post-thumbnail","7":"category-montpellier","8":"tag-actu","9":"tag-actualites","10":"tag-eu","11":"tag-europe","12":"tag-fr","13":"tag-france","14":"tag-herault","15":"tag-languedoc-roussillon","16":"tag-montpellier","17":"tag-news","18":"tag-occitanie","19":"tag-previsions-meteo","20":"tag-republique-francaise"},"share_on_mastodon":{"url":"https:\/\/pubeurope.com\/@fr\/114814640767669267","error":""},"_links":{"self":[{"href":"https:\/\/www.europesays.com\/fr\/wp-json\/wp\/v2\/posts\/233793","targetHints":{"allow":["GET"]}}],"collection":[{"href":"https:\/\/www.europesays.com\/fr\/wp-json\/wp\/v2\/posts"}],"about":[{"href":"https:\/\/www.europesays.com\/fr\/wp-json\/wp\/v2\/types\/post"}],"author":[{"embeddable":true,"href":"https:\/\/www.europesays.com\/fr\/wp-json\/wp\/v2\/users\/2"}],"replies":[{"embeddable":true,"href":"https:\/\/www.europesays.com\/fr\/wp-json\/wp\/v2\/comments?post=233793"}],"version-history":[{"count":0,"href":"https:\/\/www.europesays.com\/fr\/wp-json\/wp\/v2\/posts\/233793\/revisions"}],"wp:featuredmedia":[{"embeddable":true,"href":"https:\/\/www.europesays.com\/fr\/wp-json\/wp\/v2\/media\/233794"}],"wp:attachment":[{"href":"https:\/\/www.europesays.com\/fr\/wp-json\/wp\/v2\/media?parent=233793"}],"wp:term":[{"taxonomy":"category","embeddable":true,"href":"https:\/\/www.europesays.com\/fr\/wp-json\/wp\/v2\/categories?post=233793"},{"taxonomy":"post_tag","embeddable":true,"href":"https:\/\/www.europesays.com\/fr\/wp-json\/wp\/v2\/tags?post=233793"}],"curies":[{"name":"wp","href":"https:\/\/api.w.org\/{rel}","templated":true}]}}