{"id":233795,"date":"2025-07-07T23:52:13","date_gmt":"2025-07-07T23:52:13","guid":{"rendered":"https:\/\/www.europesays.com\/fr\/233795\/"},"modified":"2025-07-07T23:52:13","modified_gmt":"2025-07-07T23:52:13","slug":"mercato-victor-orakpo-prete-au-montpellier-herault","status":"publish","type":"post","link":"https:\/\/www.europesays.com\/fr\/233795\/","title":{"rendered":"[Mercato] Victor Orakpo pr\u00eat\u00e9 au Montpellier H\u00e9rault"},"content":{"rendered":"<p>Aussit\u00f4t dit aussit\u00f4t fait et ce n\u2019est pas toujours le cas.<\/p>\n<p>Le Montpellier H\u00e9rault continue de se renforcer en pr\u00e9vision de ce nouveau exercice en Ligue 2 et accueille en pr\u00eat, sans option d\u2019achat, Victor Orakpo en provenance de l\u2019OGC Nice. Ce jeune attaquant de 19 ans au grand gabarit semble, une fois encore, \u00eatre une recrue \u00e9tiquet\u00e9e Zoumana Camara. Difficile \u00e0 ce stade de d\u00e9finir sa place dans la hi\u00e9rarchie quand sa derni\u00e8re saison avec les aiglons, au niveau professionnel, est pratiquement blanche.<\/p>\n<p>Il portera le num\u00e9ro 14 qui appartenait jusqu\u2019ici \u00e0 Othmane Maamma, nous lui souhaitons la bienvenue !<\/p>\n<blockquote class=\"twitter-tweet\" data-media-max-width=\"560\">\n<p lang=\"fr\" dir=\"ltr\">\ud83d\udea8\ud83c\udd95 <a href=\"https:\/\/twitter.com\/hashtag\/MercatoMHSC?src=hash&amp;ref_src=twsrc%5Etfw\" target=\"_blank\" rel=\"noopener\">#MercatoMHSC<\/a><br \/>\ud835\udde5\ud835\uddf2trouvons l\u2019Esprit Paillade \ud83d\udcaa <a href=\"https:\/\/t.co\/LdNWuMq2Yf\">pic.twitter.com\/LdNWuMq2Yf<\/a><\/p>\n<p>\u2014 MHSC (@MontpellierHSC) <a href=\"https:\/\/twitter.com\/MontpellierHSC\/status\/1942297605628645565?ref_src=twsrc%5Etfw\" target=\"_blank\" rel=\"noopener\">July 7, 2025<\/a><\/p>\n<\/blockquote>\n<p>  <script async src=\"https:\/\/platform.twitter.com\/widgets.js\" charset=\"utf-8\"><\/script><\/p>\n","protected":false},"excerpt":{"rendered":"Aussit\u00f4t dit aussit\u00f4t fait et ce n\u2019est pas toujours le cas. Le Montpellier H\u00e9rault continue de se renforcer&hellip;\n","protected":false},"author":2,"featured_media":233796,"comment_status":"","ping_status":"","sticky":false,"template":"","format":"standard","meta":{"footnotes":""},"categories":[9599],"tags":[328,1111,11,1777,674,1011,27,1434,2208,12,2680,24184,25],"class_list":{"0":"post-233795","1":"post","2":"type-post","3":"status-publish","4":"format-standard","5":"has-post-thumbnail","7":"category-montpellier","8":"tag-a-la-une","9":"tag-actu","10":"tag-actualites","11":"tag-eu","12":"tag-europe","13":"tag-fr","14":"tag-france","15":"tag-mercato","16":"tag-montpellier","17":"tag-news","18":"tag-occitanie","19":"tag-officiel","20":"tag-republique-francaise"},"share_on_mastodon":{"url":"https:\/\/pubeurope.com\/@fr\/114814644555741762","error":""},"_links":{"self":[{"href":"https:\/\/www.europesays.com\/fr\/wp-json\/wp\/v2\/posts\/233795","targetHints":{"allow":["GET"]}}],"collection":[{"href":"https:\/\/www.europesays.com\/fr\/wp-json\/wp\/v2\/posts"}],"about":[{"href":"https:\/\/www.europesays.com\/fr\/wp-json\/wp\/v2\/types\/post"}],"author":[{"embeddable":true,"href":"https:\/\/www.europesays.com\/fr\/wp-json\/wp\/v2\/users\/2"}],"replies":[{"embeddable":true,"href":"https:\/\/www.europesays.com\/fr\/wp-json\/wp\/v2\/comments?post=233795"}],"version-history":[{"count":0,"href":"https:\/\/www.europesays.com\/fr\/wp-json\/wp\/v2\/posts\/233795\/revisions"}],"wp:featuredmedia":[{"embeddable":true,"href":"https:\/\/www.europesays.com\/fr\/wp-json\/wp\/v2\/media\/233796"}],"wp:attachment":[{"href":"https:\/\/www.europesays.com\/fr\/wp-json\/wp\/v2\/media?parent=233795"}],"wp:term":[{"taxonomy":"category","embeddable":true,"href":"https:\/\/www.europesays.com\/fr\/wp-json\/wp\/v2\/categories?post=233795"},{"taxonomy":"post_tag","embeddable":true,"href":"https:\/\/www.europesays.com\/fr\/wp-json\/wp\/v2\/tags?post=233795"}],"curies":[{"name":"wp","href":"https:\/\/api.w.org\/{rel}","templated":true}]}}