{"id":233797,"date":"2025-07-07T23:54:40","date_gmt":"2025-07-07T23:54:40","guid":{"rendered":"https:\/\/www.europesays.com\/fr\/233797\/"},"modified":"2025-07-07T23:54:40","modified_gmt":"2025-07-07T23:54:40","slug":"notre-guide-pratique-indispensable-de-letape-amiens-rouen","status":"publish","type":"post","link":"https:\/\/www.europesays.com\/fr\/233797\/","title":{"rendered":"Notre guide pratique indispensable de l&rsquo;\u00e9tape Amiens\/Rouen"},"content":{"rendered":"<p>Mardi 8 juillet, le <a href=\"https:\/\/www.letour.fr\/fr\/\" target=\"_blank\" rel=\"noopener\">Tour de France<\/a> s\u2019\u00e9lancera d\u2019<a href=\"https:\/\/www.lebonhommepicard.fr\/travaux-pont-rocade-amiens\/\" target=\"_blank\" rel=\"noopener\">Amiens<\/a> direction Rouen. Une \u00e9tape qui passera par le Contynois, <a href=\"https:\/\/www.lebonhommepicard.fr\/fast-food-crevecoeur-le-grand\/\" target=\"_blank\" rel=\"noopener\">Cr\u00e8vecoeur-le-Grand<\/a>, <a href=\"https:\/\/www.lebonhommepicard.fr\/fete-marseille-en-beauvaisis-oise\/\" target=\"_blank\" rel=\"noopener\">Marseille-en-Beauvaisis<\/a>. D\u00e9couvrez tout ce qu\u2019il faut savoir sur cette \u00e9tape.<\/p>\n<\/p>\n<p>O\u00f9 ? Quand ? Comment ?La premi\u00e8re explication du Tour de France 2025 ?<\/p>\n<p>Christian Prud\u2019homme, directeur du Tour de France, nous pr\u00e9sent l\u2019\u00e9tape Amiens\/Rouen du 8 juillet. Il explique aussi en quoi cette journ\u00e9e est une fiert\u00e9 pour la Picardie.<\/p>\n<p><strong>Quel est votre premier souvenir li\u00e9 au Tour de France ?<\/strong><\/p>\n<p>J\u2019avais 7 ans, j\u2019\u00e9tais chez mes parents. C\u2019\u00e9tait encore l\u2019\u00e9poque de la t\u00e9l\u00e9vision en noir et blanc, et je me souviens d\u2019un coureur \u00e0 lunettes happ\u00e9 par la foule, entour\u00e9 de cam\u00e9ras, de micros, de journalistes\u2026 C\u2019\u00e9tait Jan Janssen. Il venait de remporter le Tour de France 1968, devenant le premier N\u00e9erlandais \u00e0 r\u00e9aliser cet exploit.<\/p>\n<p>L\u2019ann\u00e9e suivante, j\u2019ai suivi avec passion l\u2019\u00e9dition 1969, le premier Tour d\u2019une longue s\u00e9rie pour Eddy Merckx. Et en 1970, j\u2019ai eu la chance de voir le peloton passer \u201cpour de vrai\u201d, en Haute-Savoie, au col de Coux.<\/p>\n<p><strong>Depuis, cette comp\u00e9tition rythme vos \u00e9t\u00e9s depuis de nombreuses ann\u00e9es. Que repr\u00e9sente-t-elle pour vous ?<\/strong><\/p>\n<p>C\u2019est simple : j\u2019ai eu envie de devenir journaliste gr\u00e2ce au Tour de France, et je le suis devenu par son interm\u00e9diaire. Mon r\u00eave \u00e9tait de le commenter, ce que j\u2019ai eu la chance de faire, d\u2019abord \u00e0 la radio (Europe 1, en 1995-1996), puis \u00e0 la t\u00e9l\u00e9vision (France T\u00e9l\u00e9visions, au d\u00e9but des ann\u00e9es 2000), jusqu\u2019au jour o\u00f9 Patrice Clerc ( ancien pr\u00e9sident d\u2019ASO), et Jean-Marie Leblanc m\u2019ont propos\u00e9 de les rejoindre. C\u2019est d\u2019ailleurs ce m\u00eame Jean-Marie Leblanc qui m\u2019a ensuite demand\u00e9 de lui succ\u00e9der \u00e0 la direction du Tour, en 2007.<\/p>\n<p>Depuis, le Tour rythme ma vie au quotidien : je suis son directeur du 1er janvier au 31 d\u00e9cembre.<\/p>\n<p><strong>Le 8 juillet, la 4e \u00e9tape s\u2019\u00e9lancera d\u2019Amiens. Pourquoi ce choix de ville-\u00e9tape ?<\/strong><\/p>\n<p>Le Grand D\u00e9part a lieu dans les Hauts-de-France, une vraie terre de cyclisme. Amiens, qui a d\u00e9j\u00e0 accueilli le Tour \u00e0 plusieurs reprises, a \u00e9t\u00e9 soutenue par plusieurs \u00e9lus \u2013 Xavier Bertrand, pr\u00e9sident de la r\u00e9gion, ou encore Alain Gest, pr\u00e9sident d\u2019Amiens M\u00e9tropole \u2013 qui ont exprim\u00e9 leur volont\u00e9 de voir la ville r\u00e9int\u00e9grer le parcours.<\/p>\n<p>Et \u00e0 titre personnel, Amiens est un lieu cher \u00e0 mon c\u0153ur : c\u2019est la ville de ma grand-m\u00e8re, et c\u2019est ici que j\u2019ai r\u00e9dig\u00e9 mes premiers articles pour le Courrier Picard.<\/p>\n<p>Enfin, la ville ne manque pas d\u2019atouts : entre sa cath\u00e9drale inscrite au patrimoine mondial, ses hortillonnages et le mus\u00e9e de Picardie, elle regorge de lieux embl\u00e9matiques.<\/p>\n<blockquote>\n<p>\u201cLe temps d\u2019un instant, la r\u00e9gion sera mise en lumi\u00e8re \u00e0 l\u2019\u00e9chelle mondiale. Les Picards auront l\u2019opportunit\u00e9 de faire d\u00e9couvrir la richesse du patrimoine mais aussi la richesse des paysages.\u201d<\/p>\n<p>Christian Prud\u2019homme<\/p><\/blockquote>\n<p><strong>Pouvez-vous nous pr\u00e9senter cette \u00e9tape entre Amiens et Rouen ?<\/strong><\/p>\n<p>Ce sera l\u2019\u00e9tape des cath\u00e9drales, mais aussi une \u00e9tape potentiellement d\u00e9cisive. La travers\u00e9e de la plaine picarde est tr\u00e8s expos\u00e9e au vent, ce qui pourrait favoriser la formation de bordures. Certaines \u00e9quipes pourraient tenter leur chance d\u00e8s ce moment-l\u00e0.<\/p>\n<p>Le final sera particuli\u00e8rement exigeant, avec une s\u00e9rie de c\u00f4tes, dont celle de Bonsecours, historique dans l\u2019histoire du Tour : c\u2019est l\u00e0 que Jean Robic s\u2019est \u00e9chapp\u00e9 pour remporter le premier Tour d\u2019apr\u00e8s-guerre, en 1947.<\/p>\n<p>Il y aura aussi une rampe tr\u00e8s raide, celle de Saint-Hilaire, dans Rouen. Les puncheurs, et m\u00eame les favoris au classement g\u00e9n\u00e9ral, pourraient d\u00e9j\u00e0 y livrer une premi\u00e8re explication.<\/p>\n<p><strong>\u00c0 quel type de Tour de France faut-il s\u2019attendre cette ann\u00e9e ?<\/strong><\/p>\n<p>La premi\u00e8re semaine, en apparence \u201d tranquille \u201c, est en r\u00e9alit\u00e9 pi\u00e9geuse. Certes, nous sommes dans une r\u00e9gion sans montagnes, mais nous avons traqu\u00e9 la moindre c\u00f4te pour cr\u00e9er du mouvement. Il y aura six \u00e9tapes pour les sprinteurs, dont quatre dans les dix premiers jours. La premi\u00e8re, \u00e0 Lille, pourrait m\u00eame permettre \u00e0 l\u2019un d\u2019eux d\u2019endosser le maillot jaune. Notre volont\u00e9 est claire : offrir un Tour spectaculaire, rythm\u00e9, avec de la bagarre et du suspense.<\/p>\n<p><strong>Bernard Hinault est le dernier Fran\u00e7ais \u00e0 avoir remport\u00e9 le Tour (en 1985). Un coureur tricolore peut-il lui succ\u00e9der cette ann\u00e9e ?<\/strong><\/p>\n<p>Honn\u00eatement, je ne pense pas qu\u2019un Fran\u00e7ais portera le maillot jaune \u00e0 Paris cette ann\u00e9e. D\u2019ailleurs, je pense qu\u2019une Fran\u00e7aise sera sacr\u00e9e avant un Fran\u00e7ais. Nous sommes entre deux g\u00e9n\u00e9rations : celle des Pinot et Bardet, qui vient de tourner la page, et la nouvelle vague, men\u00e9e par des talents comme Martinez, Gr\u00e9goire ou Seixas. Cette nouvelle g\u00e9n\u00e9ration est prometteuse. On peut s\u2019attendre \u00e0 les voir \u00e0 l\u2019attaque pour des victoires d\u2019\u00e9tapes, voire dans la lutte pour le maillot \u00e0 pois du meilleur grimpeur.<\/p>\n<p><strong>Pour conclure, auriez-vous un dernier message \u00e0 adresser aux Ami\u00e9nois et aux Picards ?<\/strong><\/p>\n<p>C\u2019est une occasion unique pour eux de montrer le meilleur d\u2019eux-m\u00eames, car, le temps d\u2019un instant, leur r\u00e9gion sera mise en lumi\u00e8re \u00e0 l\u2019\u00e9chelle mondiale. Ils auront l\u2019opportunit\u00e9 de faire d\u00e9couvrir la richesse de leur patrimoine, leurs lieux historiques, mais aussi la beaut\u00e9 de leurs paysages. Et pour cela, ils pourront compter sur le soutien des agriculteurs, toujours engag\u00e9s et pr\u00eats \u00e0 mettre en valeur leur savoir-faire.<\/p>\n<p>Elle vivra le tour de l\u2019int\u00e9rieur<img fetchpriority=\"high\" decoding=\"async\" width=\"576\" height=\"768\" src=\"data:image\/svg+xml,%3Csvg%20xmlns=\" http:=\"\" alt=\"\" class=\"wp-image-154494 ewww_webp_lazy_load\" data-lazy- data-lazy- data-lazy-src=\"https:\/\/www.europesays.com\/fr\/wp-content\/uploads\/2025\/07\/372146dc926862b21fe214v-01152179.jpeg\" data-lazy-src-webp=\"https:\/\/www.europesays.com\/fr\/wp-content\/uploads\/2025\/07\/372146dc926862b21fe214v-01152179.jpeg.webp\" data-lazy-srcset-webp=\"https:\/\/www.europesays.com\/fr\/wp-content\/uploads\/2025\/07\/372146dc926862b21fe214v-01152179.jpeg.webp 576w, https:\/\/www.lebonhommepicard.fr\/wp-content\/uploads\/2025\/07\/372146dc926862b21fe214v-01152179-225x300.jpeg.webp 225w, https:\/\/www.lebonhommepicard.fr\/wp-content\/uploads\/2025\/07\/372146dc926862b21fe214v-01152179-315x420.jpeg.webp 315w, https:\/\/www.lebonhommepicard.fr\/wp-content\/uploads\/2025\/07\/372146dc926862b21fe214v-01152179-150x200.jpeg.webp 150w, https:\/\/www.lebonhommepicard.fr\/wp-content\/uploads\/2025\/07\/372146dc926862b21fe214v-01152179-300x400.jpeg.webp 300w\"\/><\/p>\n<p>\u00c0 22 ans, Lola Palpied s\u2019appr\u00eate \u00e0 vivre une aventure unique : participer \u00e0 la totalit\u00e9 du Tour de France 2025, au sein de la caravane publicitaire qui animera la course pendant trois semaines.<\/p>\n<p>Le r\u00eave d\u2019enfant devient r\u00e9alit\u00e9 pour cette jeune psychomotricienne, originaire de Gaudechart et domicili\u00e9e depuis peu \u00e0 Grandvilliers.<\/p>\n<p>Dans la team Senseo<\/p>\n<p>Lola a en effet \u00e9t\u00e9 retenue comme h\u00f4tesse ligne par l\u2019agence de communication \u00e9v\u00e9nementielle Id\u00e9actif. Elle se trouvera au sein de la team Senseo, l\u2019une des marques que les spectateurs verront passer dans la caravane publicitaire.<\/p>\n<p>\u201cEn tant qu\u2019h\u00f4tesse de ligne, je serai \u00e0 chaque d\u00e9part d\u2019\u00e9tape mais pas dans la caravane\u201d pr\u00e9cise-t-elle.<\/p>\n<p>Son p\u00e8re, un sportif<br \/>de renom<\/p>\n<p>Lola a baign\u00e9 dans le sport depuis sa prime enfance. Son papa Jean-Michel est un athl\u00e8te de renom, connu entre autres pour sa participation \u00e0 des triathlons et des Iron man :\u00a0 \u201cJe l\u2019ai suivi partout en Europe\u201d.<\/p>\n<p>Forte de cette passion familiale, Lola a pratiqu\u00e9, en club,\u00a0 la natation, le tennis, la danse classique. Elle continue \u00e0 se maintenir en forme, seule ou avec des amis.<\/p>\n<p>\u201cJ\u2019ai vu le sourire sur le visage des<br \/>caravaniers\u201d<\/p>\n<p>\u00catre de l\u2019aventure du Tour de France est un Graal : \u201cC\u2019est un \u00e9v\u00e9nement que j\u2019ai connu gr\u00e2ce \u00e0 mes grands-parents qui m\u2019emmenaient applaudir les coureurs. Il y a deux ans, j\u2019ai assist\u00e9 \u00e0 l\u2019arriv\u00e9e\u00a0 du Tour sur les Champs-Elys\u00e9es. J\u2019ai vu le sourire sur le visage des caravaniers et j\u2019ai voulu y participer\u201d.<\/p>\n<p>L\u2019an pass\u00e9, elle d\u00e9cide de d\u00e9marcher des agences prestataires du Tour et de postuler, mais sans succ\u00e8s.<\/p>\n<p>Entre temps, Lola gagne en maturit\u00e9, en confiance en soi, de par son activit\u00e9 professionnelle, exerc\u00e9e d\u2019abord \u00e0 l\u2019IME de Poix-de-Picardie et bient\u00f4t \u00e0 temps plein au P\u00f4le sant\u00e9 de Breteuil-sur-Noye.\u00a0<\/p>\n<p>La psychomotricienne tente de nouveau sa chance pour la Grande Boucle 2025, avec cette fois-ci, des perspectives bien plus prometteuses.\u00a0<\/p>\n<p>\u201cJ\u2019ai re\u00e7u plusieurs r\u00e9ponses positives d\u2019agences dont Id\u00e9actif qui s\u2019occupe des marques Leclerc, Xtra, FDJ, Velux et Senseo. C\u2019est finalement pour cette derni\u00e8re que j\u2019ai \u00e9t\u00e9 retenue. Je pense que mon profil et ma profession avec l\u2019aspect humain les a int\u00e9ress\u00e9s.\u201d<\/p>\n<p>\u201cJ\u2019ai h\u00e2te\u201d<\/p>\n<p>Le d\u00e9fi qui se profile la comble : \u201d J\u2019ai h\u00e2te, mais je ne me rends pas encore vraiment compte de ce que \u00e7a va repr\u00e9senter\u201d.<\/p>\n<p>La psychomotricienne sera int\u00e9gr\u00e9e \u00e0 diff\u00e9rents dispositifs d\u2019animation tout au long du Tour. Ses principales missions ?\u00a0 Avant le d\u00e9marrage des cyclistes et de la caravane publicitaire, elle sera pr\u00e9sente chaque matin sur la ligne du village de d\u00e9part, avec un triporteur\u00a0 \u2013 qu\u2019elle aura recharg\u00e9 de cadeaux publicitaires \u2013 , aux c\u00f4t\u00e9s d\u2019une chanteuse, le tout rythm\u00e9 par un slogan accrocheur \u2014 \u201d Avec Senseo, relance le tempo \u201c.<\/p>\n<p>Concernant la marque, Lola est satisfaite : \u201cLe caf\u00e9 c\u2019est chaleureux, \u00e7a touche tout le monde, et les goodies sont bien et utiles. On va distribuer notamment des chaussettes illustr\u00e9es d\u2019images des r\u00e9gions dont le Nord et les Alpes.\u201d<\/p>\n<p>L\u2019\u00e9tape Amiens-Rouen : une saveur particuli\u00e8re<\/p>\n<p>Pendant les trois semaines de course, Lola sera log\u00e9e et nourrie par la marque.<\/p>\n<p>Il y a quelques jours, elle ne savait pas encore comment s\u2019op\u00e9reront les transferts d\u2019une ville d\u00e9part \u00e0 une ville arriv\u00e9e. Avec les 24 autres membres de son \u00e9quipe, la Picarde a cr\u00e9\u00e9 un groupe WhatsApp :\u00a0Ils devaient se retrouver ce mercredi 2 juillet \u00e0 Lille pour une journ\u00e9e de formation qui finalisera les d\u00e9tails avant le lancement du Tour.<\/p>\n<p>Une \u00e9tape lui tiendra particuli\u00e8rement \u00e0 c\u0153ur, celle reliant Amiens \u00e0 Rouen : \u201cJe suis n\u00e9e \u00e0 Amiens et j\u2019ai fait mes trois ann\u00e9es d\u2019\u00e9tudes de psychomotricienne \u00e0 Rouen.\u201d<\/p>\n<p>Son p\u00e8re viendra la voir \u00e0 l\u2019occasion du contre-la-montre, \u00e0 Caen.<\/p>\n<p>Avant de retrouver les patients au P\u00f4le sant\u00e9 de Breteuil Lola s\u2019appr\u00eate \u00e0 vivre l\u2019\u00e9t\u00e9 le plus intense de sa vie et pense d\u00e9j\u00e0 \u00e0 l\u2019an prochain.<\/p>\n<p>Des animations le long du parcours\u00c0 Amiens<img loading=\"lazy\" decoding=\"async\" width=\"1000\" height=\"751\" src=\"data:image\/svg+xml,%3Csvg%20xmlns=\" http:=\"\" alt=\"\" class=\"wp-image-154498 ewww_webp_lazy_load\" data-lazy- data-lazy- data-lazy-src=\"https:\/\/www.europesays.com\/fr\/wp-content\/uploads\/2025\/07\/b3cebaff22686b7ce9bcebv-01151683.jpeg\" data-lazy-src-webp=\"https:\/\/www.europesays.com\/fr\/wp-content\/uploads\/2025\/07\/b3cebaff22686b7ce9bcebv-01151683.jpeg.webp\" data-lazy-srcset-webp=\"https:\/\/www.europesays.com\/fr\/wp-content\/uploads\/2025\/07\/b3cebaff22686b7ce9bcebv-01151683.jpeg.webp 1000w, https:\/\/www.lebonhommepicard.fr\/wp-content\/uploads\/2025\/07\/b3cebaff22686b7ce9bcebv-01151683-300x225.jpeg.webp 300w, https:\/\/www.lebonhommepicard.fr\/wp-content\/uploads\/2025\/07\/b3cebaff22686b7ce9bcebv-01151683-768x577.jpeg.webp 768w, https:\/\/www.lebonhommepicard.fr\/wp-content\/uploads\/2025\/07\/b3cebaff22686b7ce9bcebv-01151683-559x420.jpeg.webp 559w, https:\/\/www.lebonhommepicard.fr\/wp-content\/uploads\/2025\/07\/b3cebaff22686b7ce9bcebv-01151683-80x60.jpeg.webp 80w, https:\/\/www.lebonhommepicard.fr\/wp-content\/uploads\/2025\/07\/b3cebaff22686b7ce9bcebv-01151683-150x113.jpeg.webp 150w, https:\/\/www.lebonhommepicard.fr\/wp-content\/uploads\/2025\/07\/b3cebaff22686b7ce9bcebv-01151683-696x523.jpeg.webp 696w, https:\/\/www.lebonhommepicard.fr\/wp-content\/uploads\/2025\/07\/b3cebaff22686b7ce9bcebv-01151683-265x198.jpeg.webp 265w, https:\/\/www.lebonhommepicard.fr\/wp-content\/uploads\/2025\/07\/b3cebaff22686b7ce9bcebv-01151683-817x614.jpeg.webp 817w\"\/><\/p>\n<p>Les habitu\u00e9s du Tour de France \u00e0 Amiens gardent en m\u00e9moire ces images du Mail Albert 1er plein de monde et les cyclistes arrivant ou partant face au cirque Jules-Verne. Cette ann\u00e9e, il n\u2019en sera rien. C\u2019est de la rue de la R\u00e9publique que sera donn\u00e9 le d\u00e9part de l\u2019\u00e9tape et des festivit\u00e9s.<\/p>\n<p>Avant le d\u00e9part<\/p>\n<p>Avant les coureurs, c\u2019est la caravane publicitaire qui donnera le v\u00e9ritable coup d\u2019envoi des animations de la journ\u00e9e \u00e0 Amiens. \u00c0 11h15, les premiers v\u00e9hicules quitteront la rue de la R\u00e9publique vers la rue de Beauvais pour contourner le centre-ville via le Quai Belu et la gare puis remonter vers la rue Saint-Fucien pour quitter Amiens.\u00a0<\/p>\n<p>Derri\u00e8re la caravane, une d\u00e9ambulation de tricycles anciens, illumin\u00e9s et en musique viendra animer tout le parcours amienois. Ensuite, des concerts seront propos\u00e9s rue Dum\u00e9ril (musique jazz), place L\u00e9on-Gontier (musique orientale), place du Don (reprises de tubes musicaux) et place Ren\u00e9-Goblet (percussions).<\/p>\n<p>En d\u00e9but de journ\u00e9e, 10h, une course de draisiennes aura lieu sur la rue de la R\u00e9publique. Elle verra s\u2019affronter des petits amienois issus des cr\u00e8ches municipales et des centres de loisirs. Peut-\u00eatre de futurs champions.<\/p>\n<p>Le d\u00e9part \u00e0 13h15<\/p>\n<p>C\u2019est donc face au mus\u00e9e de Picardie que sera donn\u00e9 le d\u00e9part fictif de l\u2019\u00e9tape, Amiens\/Rouen. Les coureurs emprunteront le m\u00eame parcours que la caravane publicitaire.\u00a0<\/p>\n<p>Le d\u00e9part r\u00e9el sera donn\u00e9 une vingtaine de minutes plus tard, vers Salouel. Les coureurs partiront alors pour 174,2km jusque Rouen.<\/p>\n<p>Sur l\u2019ensemble du circuit et dans tout le centre-ville, la circulation sera impossible de 10h \u00e0 14h (et m\u00eame lundi 17h30 sur les boulevards).<\/p>\n<p>Apr\u00e8s le d\u00e9part<\/p>\n<p>Les cyclistes ne sont plus l\u00e0, mais la ville d\u2019Amiens a pr\u00e9vu une journ\u00e9e enti\u00e8re sur le th\u00e8me du v\u00e9lo et tout sera fait pour vous faire p\u00e9daler.<\/p>\n<p>Dans la cour de l\u2019h\u00f4tel-de-ville, un skate park, un circuit de BMX et un atelier de r\u00e9paration seront install\u00e9s.\u00a0<\/p>\n<p>Place Gambetta, il sera possible d\u2019immortaliser cette journ\u00e9e gr\u00e2ce \u00e0 un photomaton aux couleurs du Tour. Pour se restaurer, il faudra p\u00e9daler : un v\u00e9lo smoothie sera \u00e9galement install\u00e9 avec des fruits frais \u00e0 d\u00e9guster.\u00a0 Rue des 3 cailloux, un mini v\u00e9lodrome donnera lieu \u00e0 de mini courses. Des v\u00e9los connect\u00e9s font avancer les personnages sur la piste, qui arrivera le premier ?\u00a0 Dans le square Jules-Bocquet, le v\u00e9lo se mue en instrument de musique. L\u00e0 encore, il faudra p\u00e9daler, mais pour faire sortir les notes. Square Jules-Denis, un man\u00e8ge fitness vous permettra de faire du sport tout en tournant comme dans un caroussel.\u00a0<\/p>\n<p>Enfin, en soir\u00e9e (\u00e0 partir de 18h), trois concerts seront donn\u00e9s place Gambetta avec la petite culotte, Jlow et Sound of Legend \u00e0 l\u2019affiche.<\/p>\n<p>Ils viendront mettre fin \u00e0 une journ\u00e9e pas comme les autres dans les rues d\u2019Amiens. Mais c\u2019est \u00e7a aussi le Tour de France.<\/p>\n<p>\u00c0 Nampty<\/p>\n<p>Apr\u00e8s avoir travers\u00e9 une partie de Plachy-Buyon, les coureurs fonceront vers Nampty sur la D 210, une ligne droite, situ\u00e9e dans la partie haute du village. La chapelle Notre-Dame des Vertus, \u00e9rig\u00e9e au Moyen-\u00c2ge borde l\u2019axe.<\/p>\n<p>Pas s\u00fbr n\u00e9anmoins que les sportifs aient le temps d\u2019appr\u00e9cier les ex-votos qui garnissent les murs de l\u2019\u00e9difice religieux. \u201cLes coureurs seront partis d\u2019Amiens peu de temps avant, je pense donc qu\u2019ils rouleront en peloton\u201d note le maire Pascal Delaporte.<\/p>\n<p>La municipalit\u00e9 se r\u00e9jouit de voir les habitants assister \u00e0 cet \u00e9v\u00e9nement populaire. D\u2019autant que le village est un habitu\u00e9 du Tour. \u201d Je pense que c\u2019est la 4e fois que la course passe \u00e0 Nampty et c\u2019est toujours le m\u00eame bonheur \u201c.<\/p>\n<p>Apr\u00e8s Nampty, le peloton poursuivra sa route en traversant Lestoc, hameau de Monsures, dernier village de la Somme avant l\u2019Oise. A Monsures un food truck est une buvette sont pr\u00e9vus.<\/p>\n<p><strong>La RD 210 sera ferm\u00e9e entre 10h30 et 14h30. Emprunter la RD 8, parall\u00e8le \u00e0 la RD 210.<\/strong><\/p>\n<p>\u00c0 Catheux et Fontaine-Bonneleau<img loading=\"lazy\" decoding=\"async\" width=\"1000\" height=\"666\" src=\"data:image\/svg+xml,%3Csvg%20xmlns=\" http:=\"\" alt=\"\" class=\"wp-image-154500 ewww_webp_lazy_load\" data-lazy- data-lazy- data-lazy-src=\"https:\/\/www.europesays.com\/fr\/wp-content\/uploads\/2025\/07\/7f5e88dc62686536e576e8v-01151964.jpeg\" data-lazy-src-webp=\"https:\/\/www.europesays.com\/fr\/wp-content\/uploads\/2025\/07\/7f5e88dc62686536e576e8v-01151964.jpeg.webp\" data-lazy-srcset-webp=\"https:\/\/www.europesays.com\/fr\/wp-content\/uploads\/2025\/07\/7f5e88dc62686536e576e8v-01151964.jpeg.webp 1000w, https:\/\/www.lebonhommepicard.fr\/wp-content\/uploads\/2025\/07\/7f5e88dc62686536e576e8v-01151964-300x200.jpeg.webp 300w, https:\/\/www.lebonhommepicard.fr\/wp-content\/uploads\/2025\/07\/7f5e88dc62686536e576e8v-01151964-768x511.jpeg.webp 768w, https:\/\/www.lebonhommepicard.fr\/wp-content\/uploads\/2025\/07\/7f5e88dc62686536e576e8v-01151964-631x420.jpeg.webp 631w, https:\/\/www.lebonhommepicard.fr\/wp-content\/uploads\/2025\/07\/7f5e88dc62686536e576e8v-01151964-150x100.jpeg.webp 150w, https:\/\/www.lebonhommepicard.fr\/wp-content\/uploads\/2025\/07\/7f5e88dc62686536e576e8v-01151964-696x464.jpeg.webp 696w, https:\/\/www.lebonhommepicard.fr\/wp-content\/uploads\/2025\/07\/7f5e88dc62686536e576e8v-01151964-817x544.jpeg.webp 817w\"\/>Les habitants se pr\u00e9parent \u00e0 recevoir le passage du Tour de France avec l\u2019embl\u00e9matique caravane. Photo d\u2019archive.<\/p>\n<p>Dans les communes travers\u00e9es par les coureurs, l\u2019ambiance se veut r\u00e9solument festive.<\/p>\n<p>\u00c0 Catheux, la circulation sera interdite de 9h \u00e0 14h, et des gendarmes seront mobilis\u00e9s pour encadrer l\u2019\u00e9v\u00e9nement.<\/p>\n<p>\u201d Cette ann\u00e9e, nous avons choisi de permettre aux habitants de profiter pleinement du passage de la caravane, qui est tr\u00e8s attendue. Par le pass\u00e9, nous avions organis\u00e9 quelques animations, mais elles demandaient beaucoup de temps et n\u2019avaient pas \u00e9t\u00e9 relay\u00e9es comme nous l\u2019esp\u00e9rions \u201c, explique \u00c9ric Tribout, maire de Catheux.<\/p>\n<p>\u00c0 Fontaine-Bonneleau, l\u2019accent est \u00e9galement mis sur la convivialit\u00e9 et la c\u00e9l\u00e9bration de l\u2019\u00e9v\u00e9nement.<\/p>\n<p>\u201d Les agriculteurs r\u00e9fl\u00e9chissent encore aux installations qu\u2019ils pourraient mettre en place pour l\u2019occasion. De plus, nous pr\u00e9voyons un repas partag\u00e9 avec les communes voisines, Le Crocq et Cormeilles \u201c, pr\u00e9cise Sylvie Leclerc, maire de Fontaine-Bonneleau.<\/p>\n<p>L\u00e0 aussi, la circulation sera interrompue \u00e0 partir de 9h.<\/p>\n<p>\u00c0 Cr\u00e8vecoeur<img loading=\"lazy\" decoding=\"async\" width=\"1000\" height=\"690\" src=\"data:image\/svg+xml,%3Csvg%20xmlns=\" http:=\"\" alt=\"\" class=\"wp-image-154501 ewww_webp_lazy_load\" data-lazy- data-lazy- data-lazy-src=\"https:\/\/www.europesays.com\/fr\/wp-content\/uploads\/2025\/07\/b1baba5c6268695ba59babv-01151962.jpeg\" data-lazy-src-webp=\"https:\/\/www.europesays.com\/fr\/wp-content\/uploads\/2025\/07\/b1baba5c6268695ba59babv-01151962.jpeg.webp\" data-lazy-srcset-webp=\"https:\/\/www.europesays.com\/fr\/wp-content\/uploads\/2025\/07\/b1baba5c6268695ba59babv-01151962.jpeg.webp 1000w, https:\/\/www.lebonhommepicard.fr\/wp-content\/uploads\/2025\/07\/b1baba5c6268695ba59babv-01151962-300x207.jpeg.webp 300w, https:\/\/www.lebonhommepicard.fr\/wp-content\/uploads\/2025\/07\/b1baba5c6268695ba59babv-01151962-768x530.jpeg.webp 768w, https:\/\/www.lebonhommepicard.fr\/wp-content\/uploads\/2025\/07\/b1baba5c6268695ba59babv-01151962-609x420.jpeg.webp 609w, https:\/\/www.lebonhommepicard.fr\/wp-content\/uploads\/2025\/07\/b1baba5c6268695ba59babv-01151962-150x104.jpeg.webp 150w, https:\/\/www.lebonhommepicard.fr\/wp-content\/uploads\/2025\/07\/b1baba5c6268695ba59babv-01151962-218x150.jpeg.webp 218w, https:\/\/www.lebonhommepicard.fr\/wp-content\/uploads\/2025\/07\/b1baba5c6268695ba59babv-01151962-696x480.jpeg.webp 696w, https:\/\/www.lebonhommepicard.fr\/wp-content\/uploads\/2025\/07\/b1baba5c6268695ba59babv-01151962-100x70.jpeg.webp 100w, https:\/\/www.lebonhommepicard.fr\/wp-content\/uploads\/2025\/07\/b1baba5c6268695ba59babv-01151962-817x564.jpeg.webp 817w\"\/>Photo d\u2019archive du Tour de France en 2004 et du passage du peloton au niveau du centre bourg de Cr\u00e8vec\u0153ur-le-Grand.<\/p>\n<p>Comme chaque \u00e9t\u00e9, le Tour de France dessine \u00e0 travers les paysages fran\u00e7ais son parcours mythique. Cette ann\u00e9e encore, les coureurs emprunteront les routes sinueuses de l\u2019Hexagone\u2026 et passeront par Cr\u00e8vec\u0153ur, pour la plus grande joie des habitants.<\/p>\n<p>Si certaines villes redoublent d\u2019efforts pour accueillir l\u2019\u00e9v\u00e9nement avec faste, la commune de Cr\u00e8vec\u0153ur a choisi une approche plus sobre, mais tout aussi chaleureuse. Pour le maire, Aymeric Bourleau, pas besoin d\u2019en faire trop : \u201d L\u2019id\u00e9e est plut\u00f4t de laisser les habitants profiter pleinement du passage de la caravane. On sait qu\u2019elle est tr\u00e8s attendue, et que beaucoup se placent longtemps \u00e0 l\u2019avance pour ne rien manquer. On pr\u00e9f\u00e8re donc laisser la magie du Tour op\u00e9rer naturellement. \u201c<\/p>\n<p>Dans les rues, l\u2019effervescence monte \u00e0 mesure que l\u2019\u00e9v\u00e9nement approche. Les familles pr\u00e9parent leurs chaises pliantes, les enfants comptent les jours, et les plus passionn\u00e9s rep\u00e8rent d\u00e9j\u00e0 leur emplacement pour avoir une vue imprenable sur les coureurs et les v\u00e9hicules bariol\u00e9s de la caravane publicitaire.<\/p>\n<p>Un rendez-vous convivial et une vitrine du patrimoine<\/p>\n<p>Le club cycliste local (LCC) ne sera pas en reste. Pour marquer l\u2019occasion, un repas convivial r\u00e9unira les adh\u00e9rents autour de leur passion commune.<\/p>\n<p>Mais au-del\u00e0 de l\u2019\u00e9motion populaire, la venue du Tour de France est aussi une formidable vitrine pour les communes travers\u00e9es. Avec ses paysages vallonn\u00e9s, ses routes sinueuses et son charme typiquement r\u00e9gional, Cr\u00e8vec\u0153ur a d\u00e9j\u00e0 su s\u00e9duire les organisateurs \u00e0 plusieurs reprises : il s\u2019agit l\u00e0 de la cinqui\u00e8me visite du peloton depuis le d\u00e9but des ann\u00e9es 2000.<\/p>\n<p>Ce choix n\u2019a rien de fortuit. Les environs offrent un terrain de jeu id\u00e9al pour les coureurs, avec des d\u00e9nivel\u00e9s, des pentes techniques et des virages serr\u00e9s qui promettent du spectacle. Autant de caract\u00e9ristiques qui font de Cr\u00e8vec\u0153ur une \u00e9tape appr\u00e9ci\u00e9e des cyclistes comme des suiveurs.<\/p>\n<p>En somme, pas besoin de grandes installations ni de fanfares : ici, c\u2019est la simplicit\u00e9 et l\u2019authenticit\u00e9 qui priment. Et c\u2019est peut-\u00eatre cela, finalement, qui rend chaque passage du Tour \u00e0 Cr\u00e8vec\u0153ur si unique.<\/p>\n<p>\u00c0 Gerberoy<img loading=\"lazy\" decoding=\"async\" width=\"1000\" height=\"750\" src=\"data:image\/svg+xml,%3Csvg%20xmlns=\" http:=\"\" alt=\"\" class=\"wp-image-154502 ewww_webp_lazy_load\" data-lazy- data-lazy- data-lazy-src=\"https:\/\/www.europesays.com\/fr\/wp-content\/uploads\/2025\/07\/361661ade75868a167e166v-00181607.jpeg\" data-lazy-src-webp=\"https:\/\/www.europesays.com\/fr\/wp-content\/uploads\/2025\/07\/361661ade75868a167e166v-00181607.jpeg.webp\" data-lazy-srcset-webp=\"https:\/\/www.europesays.com\/fr\/wp-content\/uploads\/2025\/07\/361661ade75868a167e166v-00181607.jpeg.webp 1000w, https:\/\/www.lebonhommepicard.fr\/wp-content\/uploads\/2025\/07\/361661ade75868a167e166v-00181607-300x225.jpeg.webp 300w, https:\/\/www.lebonhommepicard.fr\/wp-content\/uploads\/2025\/07\/361661ade75868a167e166v-00181607-768x576.jpeg.webp 768w, https:\/\/www.lebonhommepicard.fr\/wp-content\/uploads\/2025\/07\/361661ade75868a167e166v-00181607-560x420.jpeg.webp 560w, https:\/\/www.lebonhommepicard.fr\/wp-content\/uploads\/2025\/07\/361661ade75868a167e166v-00181607-80x60.jpeg.webp 80w, https:\/\/www.lebonhommepicard.fr\/wp-content\/uploads\/2025\/07\/361661ade75868a167e166v-00181607-150x113.jpeg.webp 150w, https:\/\/www.lebonhommepicard.fr\/wp-content\/uploads\/2025\/07\/361661ade75868a167e166v-00181607-696x522.jpeg.webp 696w, https:\/\/www.lebonhommepicard.fr\/wp-content\/uploads\/2025\/07\/361661ade75868a167e166v-00181607-265x198.jpeg.webp 265w, https:\/\/www.lebonhommepicard.fr\/wp-content\/uploads\/2025\/07\/361661ade75868a167e166v-00181607-817x613.jpeg.webp 817w\"\/><\/p>\n<p>Apr\u00e8s le passage de la flamme olympique en 2024, Gerberoy va de nouveau \u00eatre associ\u00e9 \u00e0 un \u00e9v\u00e9nement sportif de rayonnement mondial, avec le Tour de France.<\/p>\n<p>Les coureurs passeront en effet par le village, comme ce fut le cas en 2018.<\/p>\n<p>Une exp\u00e9rience dont la commune a gard\u00e9 un excellent souvenir : \u201c En 2018, les coureurs venaient de Gournay, en direction de Songeons, cette fois ce sera dans le sens inverse\u201d note le maire, Pierre Chavonnet.<\/p>\n<p>Ecran g\u00e9ant et restauration<\/p>\n<p>Pour l\u2019\u00e9lu, \u201cLe Tour, c\u2019est festif, \u00e7a fait venir du monde\u201d.<\/p>\n<p>\u00a0Le conseil municipal a donc choisi de s\u2019engager pour que ce passage soit un moment appr\u00e9ci\u00e9 de tous.\u00a0<\/p>\n<p>\u201cNous aurons un \u00e9cran g\u00e9ant pour la retransmission de la course et le public pourra se restaurer aupr\u00e8s des restaurants de la commune mais \u00e9galement sous la halle.\u201d<\/p>\n<p>Une banderole \u2013 \u201d Gerberoy aime le Tour de France \u201d \u2013 sera par ailleurs d\u00e9ploy\u00e9e au c\u0153ur de la petite cit\u00e9, tandis qu\u2019une jeune fille immortalisera la journ\u00e9e<\/p>\n<p>avec des photos \u201c\u00e0 l\u2019ancienne\u201d, une atmosph\u00e8re qui colle avec le charme hors du temps de la localit\u00e9.<\/p>\n<p>Et pour venir ?<\/p>\n<p>Pierre Chavonnet donne quelques conseils pour venir participer \u00e0 la f\u00eate. \u201cIl est pr\u00e9f\u00e9rable d\u2019acc\u00e9der \u00e0 Gerberoy avant 11 heures, et de venir par la D930, c\u00f4t\u00e9 Wambez car les autres axes seront interdits. Le dispositif de s\u00e9curit\u00e9 sera install\u00e9 avant midi\u201d.<\/p>\n<p>\u00c0 Marseille-en-Beauvaisis<\/p>\n<p>Le bourg de Marseille-en-Beauvaisis se pr\u00e9pare \u00e0 accueillir le Tour de France.<\/p>\n<p>Les coureurs qui auront travers\u00e9 auparavant Cr\u00e8vec\u0153ur et Haute-Epine, arriveront dans le bourg en empruntant la D\u00e9partementale 901, puis le rond-point, avant de foncer vers\u00a0 Gerberoy.<\/p>\n<p>Comme en 2018, le passage des cyclistes \u00e0 Marseille sera bref. Pas question pour autant de rater l\u2019\u00e9v\u00e9nement.<\/p>\n<p>Les agriculteurs seront en premi\u00e8re ligne avec la FDSEA et les Jeunes Agriculteurs auxquels se sont associ\u00e9s divers partenaires : Massey Ferguson, Songeons Boissons, le Conseil d\u00e9partemental, Freulet, la CCPV, la Chambre d\u2019agriculture, Groupama, Isagri, Ose\u2026<\/p>\n<p>Au programme :\u00a0 une fresque g\u00e9ante dans le champ en face du Cr\u00e9dit agricole. Avec une Ola collective au passage des cyclistes.<\/p>\n<p>Des animations et goodies compl\u00e8teront le dispositif des agriculteurs rue de la Gare avec la pr\u00e9sence d\u2019un village \u201cemploi\u201d et d\u2019une buvette.<\/p>\n<p>De son c\u00f4t\u00e9, le comit\u00e9 des f\u00eates de Marseille-en-Beauvaisis a r\u00e9cup\u00e9r\u00e9 quelques anciens v\u00e9los qui seront d\u00e9cor\u00e9s aux couleurs du Tour.<\/p>\n<p>Le caf\u00e9 La Civette, situ\u00e9 au rond-point du bourg, sera aussi au c\u0153ur de la f\u00eate.<\/p>\n<p>L\u2019un des responsables de l\u2019\u00e9tablissement explique : \u201cNous avons notre terrasse habituelle que nous allons agrandir un peu devant et sur le c\u00f4t\u00e9 de la halle. Nous proposerons des frites, un barbecue et une pompe \u00e0 bi\u00e8re.\u201d<\/p>\n<p>C\u00f4t\u00e9 s\u00e9curit\u00e9, la maire confiait il y a quelques jours\u00a0 : \u201cLa pr\u00e9fecture a seulement demand\u00e9 de prendre des arr\u00eat\u00e9s sur le stationnement\u201d.<\/p>\n<p>A noter que le mus\u00e9e d\u2019H\u00e9tomesnil n\u2019est pas en reste. Un v\u00e9lo a en effet \u00e9t\u00e9 trac\u00e9 dans le labyrinthe de ma\u00efs qui ouvre cet \u00e9t\u00e9. \u201cLe mus\u00e9e a envoy\u00e9 aux organisateurs des informations sur l\u2019historique du site\u201d pr\u00e9cise le maire du village Pascal Verbeke. Peut-\u00eatre que Franck Ferrand, le Monsieur Histoire du Tour, \u00e9voquera les lieux si les cam\u00e9ras de France T\u00e9l\u00e9vision les survolent.<\/p>\n<p>En voiture avec Pascal Carlot\u00a0<img loading=\"lazy\" decoding=\"async\" width=\"727\" height=\"1000\" src=\"data:image\/svg+xml,%3Csvg%20xmlns=\" http:=\"\" alt=\"\" class=\"wp-image-154506 ewww_webp_lazy_load\" data-lazy- data-lazy- data-lazy-src=\"https:\/\/www.europesays.com\/fr\/wp-content\/uploads\/2025\/07\/screenshot-20250627-235446-chrome.jpg\" data-lazy-src-webp=\"https:\/\/www.europesays.com\/fr\/wp-content\/uploads\/2025\/07\/screenshot-20250627-235446-chrome.jpg.webp\" data-lazy-srcset-webp=\"https:\/\/www.europesays.com\/fr\/wp-content\/uploads\/2025\/07\/screenshot-20250627-235446-chrome.jpg.webp 727w, https:\/\/www.lebonhommepicard.fr\/wp-content\/uploads\/2025\/07\/screenshot-20250627-235446-chrome-218x300.jpg.webp 218w, https:\/\/www.lebonhommepicard.fr\/wp-content\/uploads\/2025\/07\/screenshot-20250627-235446-chrome-305x420.jpg.webp 305w, https:\/\/www.lebonhommepicard.fr\/wp-content\/uploads\/2025\/07\/screenshot-20250627-235446-chrome-150x206.jpg.webp 150w, https:\/\/www.lebonhommepicard.fr\/wp-content\/uploads\/2025\/07\/screenshot-20250627-235446-chrome-300x413.jpg.webp 300w, https:\/\/www.lebonhommepicard.fr\/wp-content\/uploads\/2025\/07\/screenshot-20250627-235446-chrome-696x957.jpg.webp 696w\"\/><\/p>\n<p>Ancien directeur sportif du CC Nogent o\u00f9 il eu notamment sous ses ordres Arnaud Demare, Brice et Romain Feillu ou encore Anthony Turgis, le picard, qui est d\u00e9sormais manager du VC Rouen, est \u00e9galement pilote pour les commissaires du jury sur le Tour de France depuis 2020.\u00a0<\/p>\n<p><strong>Quel est votre premier souvenir li\u00e9 au Tour de France ?<br \/><\/strong>Je me souviens que, tout gamin, j\u2019\u00e9tais all\u00e9 le voir du c\u00f4t\u00e9 de Gournay. Ce qui m\u2019a surtout marqu\u00e9, c\u2019est la caravane publicitaire (rires). Plus tard, vers l\u2019\u00e2ge de 25 ans, je suis retourn\u00e9 le voir en montagne.\u00a0<\/p>\n<p><strong>Depuis 2020, vous \u00eates pilote de commissaires du jury sur les \u00e9tapes du Tour. Pourriez-vous nous pr\u00e9senter votre r\u00f4le et une journ\u00e9e type ?<br \/><\/strong>Nous logeons \u00e0 l\u2019h\u00f4tel avec les commissaires, que nous accompagnons ensuite au d\u00e9part de l\u2019\u00e9tape, en respectant certains points de passage obligatoires. Une fois sur place, une position nous est attribu\u00e9e pour la course : soit \u00e0 l\u2019avant du peloton, \u00e0 l\u2019arri\u00e8re, ou derri\u00e8re les \u00e9chapp\u00e9s.\u00a0<\/p>\n<p><strong>Avez-vous le temps de profiter du spectacle et de la course ?<br \/><\/strong>Honn\u00eatement, pas vraiment. La priorit\u00e9, c\u2019est la s\u00e9curit\u00e9 et la vigilance. Nous traversons les villes rapidement, et avec toutes les voitures, motos et spectateurs pr\u00e9sents sur les routes, la tension est constante. Il faut rester concentr\u00e9 pour \u00e9viter le moindre incident.\u00a0<\/p>\n<p><strong>La 4\u1d49 \u00e9tape partira d\u2019Amiens pour rejoindre Rouen. Aura-t-elle une saveur particuli\u00e8re pour vous ?<br \/><\/strong>Oui, \u00e0 double titre. D\u2019une part, ce sera le jour o\u00f9 je commencerai ma mission sur le Tour ; d\u2019autre part, elle reliera ma r\u00e9gion \u00e0 la ville o\u00f9 se trouve mon club, le VC Rouen.<br \/>J\u2019ai cependant des sentiments partag\u00e9s, car plusieurs actions seront men\u00e9es ce jour-l\u00e0 par le club, notamment avec plus de 85 jeunes qui participeront \u00e0 la fin de l\u2019\u00e9tape, ainsi qu\u2019un barbecue g\u00e9ant \u00e0 cinq kilom\u00e8tres de l\u2019arriv\u00e9e\u2026 auxquels je ne pourrai pas participer.<br \/>Concernant l\u2019\u00e9tape elle-m\u00eame, je ne connais pas encore toutes les routes emprunt\u00e9es, mais ce sera assur\u00e9ment l\u2019\u00e9tape la plus difficile de la premi\u00e8re semaine. L\u2019arriv\u00e9e, assez punchy, devrait permettre aux favoris pour le maillot jaune de commencer \u00e0 se montrer.\u00a0<\/p>\n<p><strong>Pour finir, quel est votre pronostic ?<br \/><\/strong>Ce sera sans doute dans la lign\u00e9e des derni\u00e8res ann\u00e9es. Pogacar semble encore tr\u00e8s fort, Vingegaard revient bien, et on peut s\u2019attendre \u00e0 une belle bagarre. Mais rien n\u2019est jamais certain : une chute ou un probl\u00e8me technique peut tout bouleverser. Cela pourrait profiter \u00e0 d\u2019autres, comme Evenepoel, qui monte lui aussi en puissance et pourrait bien cr\u00e9er la surprise.<\/p>\n","protected":false},"excerpt":{"rendered":"Mardi 8 juillet, le Tour de France s\u2019\u00e9lancera d\u2019Amiens direction Rouen. Une \u00e9tape qui passera par le Contynois,&hellip;\n","protected":false},"author":2,"featured_media":233798,"comment_status":"","ping_status":"","sticky":false,"template":"","format":"standard","meta":{"footnotes":""},"categories":[9587],"tags":[1111,11,24738,1777,674,1011,27,12,5161,25,9590,210],"class_list":{"0":"post-233797","1":"post","2":"type-post","3":"status-publish","4":"format-standard","5":"has-post-thumbnail","7":"category-rouen","8":"tag-actu","9":"tag-actualites","10":"tag-amiens","11":"tag-eu","12":"tag-europe","13":"tag-fr","14":"tag-france","15":"tag-news","16":"tag-normandie","17":"tag-republique-francaise","18":"tag-rouen","19":"tag-tour-de-france"},"share_on_mastodon":{"url":"https:\/\/pubeurope.com\/@fr\/114814652926516198","error":""},"_links":{"self":[{"href":"https:\/\/www.europesays.com\/fr\/wp-json\/wp\/v2\/posts\/233797","targetHints":{"allow":["GET"]}}],"collection":[{"href":"https:\/\/www.europesays.com\/fr\/wp-json\/wp\/v2\/posts"}],"about":[{"href":"https:\/\/www.europesays.com\/fr\/wp-json\/wp\/v2\/types\/post"}],"author":[{"embeddable":true,"href":"https:\/\/www.europesays.com\/fr\/wp-json\/wp\/v2\/users\/2"}],"replies":[{"embeddable":true,"href":"https:\/\/www.europesays.com\/fr\/wp-json\/wp\/v2\/comments?post=233797"}],"version-history":[{"count":0,"href":"https:\/\/www.europesays.com\/fr\/wp-json\/wp\/v2\/posts\/233797\/revisions"}],"wp:featuredmedia":[{"embeddable":true,"href":"https:\/\/www.europesays.com\/fr\/wp-json\/wp\/v2\/media\/233798"}],"wp:attachment":[{"href":"https:\/\/www.europesays.com\/fr\/wp-json\/wp\/v2\/media?parent=233797"}],"wp:term":[{"taxonomy":"category","embeddable":true,"href":"https:\/\/www.europesays.com\/fr\/wp-json\/wp\/v2\/categories?post=233797"},{"taxonomy":"post_tag","embeddable":true,"href":"https:\/\/www.europesays.com\/fr\/wp-json\/wp\/v2\/tags?post=233797"}],"curies":[{"name":"wp","href":"https:\/\/api.w.org\/{rel}","templated":true}]}}