{"id":233799,"date":"2025-07-07T23:55:15","date_gmt":"2025-07-07T23:55:15","guid":{"rendered":"https:\/\/www.europesays.com\/fr\/233799\/"},"modified":"2025-07-07T23:55:15","modified_gmt":"2025-07-07T23:55:15","slug":"un-homme-vole-un-telephone-apres-avoir-donne-un-coup-de-couteau-a-sa-victime","status":"publish","type":"post","link":"https:\/\/www.europesays.com\/fr\/233799\/","title":{"rendered":"un homme vole un t\u00e9l\u00e9phone apr\u00e8s avoir donn\u00e9 un coup de couteau \u00e0 sa victime"},"content":{"rendered":"<p>\t\t\t\t\t\t\t\t\t\t\t<img loading=\"lazy\" decoding=\"async\" width=\"1110\" title=\"Grenoble : un homme vole un t\u00e9l\u00e9phone apr\u00e8s avoir donn\u00e9 un coup de couteau \u00e0 sa victime\" class=\"img-fluid not_lzld mb-3\" src=\"https:\/\/grandgrenoble.alpes1.com\/media\/news\/thumb\/1110x624_grenoble-un-homme-vole-un-telephone-apres-avoir-donne-un-coup-de-couteau-a-sa-victime_686bc5ca1c03f.webp\" alt=\"Grenoble : un homme vole un t\u00e9l\u00e9phone apr\u00e8s avoir donn\u00e9 un coup de couteau \u00e0 sa victime\" itemprop=\"image\" height=\"624\"\/>\t\t\t\t\t\t\t\t\t\t\t\t<\/p>\n<p>Grenoble : un homme vole un t\u00e9l\u00e9phone apr\u00e8s avoir donn\u00e9 un coup de couteau \u00e0 sa victime &#8211; DR<\/p>\n<p itemprop=\"description\"><strong>Il lui donne un coup de couteau au bras pour lui prendre son t\u00e9l\u00e9phone portable.<\/strong><\/p>\n<p>Un homme, \u00e2g\u00e9 de 24 ans, a \u00e9t\u00e9 agress\u00e9 par un voleur dans la nuit du dimanche 6 au lundi 7 juillet dans le quartier de la gare \u00e0 Grenoble. Ce dernier lui aurait port\u00e9 un coup de couteau dans le bras pour lui prendre son t\u00e9l\u00e9phone.<\/p>\n<p>La victime et un t\u00e9moin ont contact\u00e9 la police apr\u00e8s que l\u2019auteur a eu pris la fuite. Celui-ci serait entr\u00e9 dans un immeuble de la rue Marcel-Deprez d\u2019o\u00f9 il a jet\u00e9 le t\u00e9l\u00e9phone par une fen\u00eatre selon le Dauphin\u00e9 Lib\u00e9r\u00e9.<\/p>\n<p>Une fois alert\u00e9e, une patrouille de police est rapidement intervenue et a pu interpeller le suspect, \u00e2g\u00e9 de 37 ans, qui ne semblait pas jouir de toutes ses facult\u00e9s mentales.<\/p>\n<p>De son c\u00f4t\u00e9, le bless\u00e9 a \u00e9t\u00e9 secouru par les sapeurs-pompiers. Il a \u00e9t\u00e9 transport\u00e9 au CHU Grenoble Alpes pour se faire poser des points de suture.<\/p>\n","protected":false},"excerpt":{"rendered":"Grenoble : un homme vole un t\u00e9l\u00e9phone apr\u00e8s avoir donn\u00e9 un coup de couteau \u00e0 sa victime &#8211;&hellip;\n","protected":false},"author":2,"featured_media":233800,"comment_status":"","ping_status":"","sticky":false,"template":"","format":"standard","meta":{"footnotes":""},"categories":[9566],"tags":[1111,11,7733,8279,2430,7736,650,7734,2889,2263,1777,674,1011,27,2731,8280,6417,1114,108,4662,12,3725,1825,25,7737],"class_list":{"0":"post-233799","1":"post","2":"type-post","3":"status-publish","4":"format-standard","5":"has-post-thumbnail","7":"category-grenoble","8":"tag-actu","9":"tag-actualites","10":"tag-alpes","11":"tag-alpes1","12":"tag-auvergne-rhone-alpes","13":"tag-cds","14":"tag-cinema","15":"tag-ecoute","16":"tag-emission","17":"tag-equipe","18":"tag-eu","19":"tag-europe","20":"tag-fr","21":"tag-france","22":"tag-grenoble","23":"tag-haute","24":"tag-information","25":"tag-infos","26":"tag-isere","27":"tag-journal","28":"tag-news","29":"tag-podcast","30":"tag-radio","31":"tag-republique-francaise","32":"tag-winamp"},"share_on_mastodon":{"url":"https:\/\/pubeurope.com\/@fr\/114814656761565162","error":""},"_links":{"self":[{"href":"https:\/\/www.europesays.com\/fr\/wp-json\/wp\/v2\/posts\/233799","targetHints":{"allow":["GET"]}}],"collection":[{"href":"https:\/\/www.europesays.com\/fr\/wp-json\/wp\/v2\/posts"}],"about":[{"href":"https:\/\/www.europesays.com\/fr\/wp-json\/wp\/v2\/types\/post"}],"author":[{"embeddable":true,"href":"https:\/\/www.europesays.com\/fr\/wp-json\/wp\/v2\/users\/2"}],"replies":[{"embeddable":true,"href":"https:\/\/www.europesays.com\/fr\/wp-json\/wp\/v2\/comments?post=233799"}],"version-history":[{"count":0,"href":"https:\/\/www.europesays.com\/fr\/wp-json\/wp\/v2\/posts\/233799\/revisions"}],"wp:featuredmedia":[{"embeddable":true,"href":"https:\/\/www.europesays.com\/fr\/wp-json\/wp\/v2\/media\/233800"}],"wp:attachment":[{"href":"https:\/\/www.europesays.com\/fr\/wp-json\/wp\/v2\/media?parent=233799"}],"wp:term":[{"taxonomy":"category","embeddable":true,"href":"https:\/\/www.europesays.com\/fr\/wp-json\/wp\/v2\/categories?post=233799"},{"taxonomy":"post_tag","embeddable":true,"href":"https:\/\/www.europesays.com\/fr\/wp-json\/wp\/v2\/tags?post=233799"}],"curies":[{"name":"wp","href":"https:\/\/api.w.org\/{rel}","templated":true}]}}