{"id":233801,"date":"2025-07-07T23:56:16","date_gmt":"2025-07-07T23:56:16","guid":{"rendered":"https:\/\/www.europesays.com\/fr\/233801\/"},"modified":"2025-07-07T23:56:16","modified_gmt":"2025-07-07T23:56:16","slug":"un-cambrioleur-de-14-ans-se-cache-dans-un-placard-pour-eviter-detre-arrete","status":"publish","type":"post","link":"https:\/\/www.europesays.com\/fr\/233801\/","title":{"rendered":"un cambrioleur de 14 ans se cache dans un placard pour \u00e9viter d\u2019\u00eatre arr\u00eat\u00e9"},"content":{"rendered":"<p>\t\t\t\t\t\t\t\t\t\t\t<img loading=\"lazy\" decoding=\"async\" width=\"1110\" title=\"Grenoble : un cambrioleur de 14 ans se cache dans un placard pour \u00e9viter d\u2019\u00eatre arr\u00eat\u00e9\" class=\"img-fluid not_lzld mb-3\" src=\"https:\/\/grandgrenoble.alpes1.com\/media\/news\/thumb\/1110x624_grenoble-un-cambrioleur-de-14-ans-se-cache-dans-un-placard-pour-eviter-d-etre-arrete_686bceb81de5a.webp\" alt=\"Grenoble : un cambrioleur de 14 ans se cache dans un placard pour \u00e9viter d\u2019\u00eatre arr\u00eat\u00e9\" itemprop=\"image\" height=\"624\"\/>\t\t\t\t\t\t\t\t\t\t\t\t<\/p>\n<p>Grenoble : un cambrioleur de 14 ans se cache dans un placard pour \u00e9viter d\u2019\u00eatre arr\u00eat\u00e9 &#8211; DR<\/p>\n<p itemprop=\"description\"><strong>Les policiers ne s\u2019attendaient pas \u00e0 retrouver aussi facilement le cambrioleur.<\/strong><\/p>\n<p>Ce lundi, aux alentours de 4h du matin, un adolescent de 14 ans est entr\u00e9 par effraction dans le restaurant indien Le Punjab, situ\u00e9 rue Irvoy, en plein c\u0153ur de Grenoble. Les policiers, qui se sont imm\u00e9diatement rendus sur place lorsque l\u2019alarme a retenti, ont r\u00e9ussi \u00e0 interpeller le cambrioleur.<\/p>\n<p>Mais aussi \u00e9tonnant que cela puisse para\u00eetre, le jeune individu s\u2019\u00e9tait cach\u00e9 dans un placard de fa\u00e7on tr\u00e8s indiscr\u00e8te.<\/p>\n<p>Lors de son audition aupr\u00e8s des enqu\u00eateurs de la police grenobloise, l\u2019adolescent a reconnu les faits. Il a \u00e9galement \u00e9t\u00e9 identifi\u00e9 comme l\u2019auteur d\u2019un autre cambriolage effectu\u00e9 quelques heures plus t\u00f4t, samedi soir vers 21h30, dans un appartement du quartier Saint-Bruno.<\/p>\n","protected":false},"excerpt":{"rendered":"Grenoble : un cambrioleur de 14 ans se cache dans un placard pour \u00e9viter d\u2019\u00eatre arr\u00eat\u00e9 &#8211; DR&hellip;\n","protected":false},"author":2,"featured_media":233802,"comment_status":"","ping_status":"","sticky":false,"template":"","format":"standard","meta":{"footnotes":""},"categories":[9566],"tags":[1111,11,7733,8279,2430,7736,650,7734,2889,2263,1777,674,1011,27,2731,8280,6417,1114,108,4662,12,3725,1825,25,7737],"class_list":{"0":"post-233801","1":"post","2":"type-post","3":"status-publish","4":"format-standard","5":"has-post-thumbnail","7":"category-grenoble","8":"tag-actu","9":"tag-actualites","10":"tag-alpes","11":"tag-alpes1","12":"tag-auvergne-rhone-alpes","13":"tag-cds","14":"tag-cinema","15":"tag-ecoute","16":"tag-emission","17":"tag-equipe","18":"tag-eu","19":"tag-europe","20":"tag-fr","21":"tag-france","22":"tag-grenoble","23":"tag-haute","24":"tag-information","25":"tag-infos","26":"tag-isere","27":"tag-journal","28":"tag-news","29":"tag-podcast","30":"tag-radio","31":"tag-republique-francaise","32":"tag-winamp"},"share_on_mastodon":{"url":"https:\/\/pubeurope.com\/@fr\/114814660573130741","error":""},"_links":{"self":[{"href":"https:\/\/www.europesays.com\/fr\/wp-json\/wp\/v2\/posts\/233801","targetHints":{"allow":["GET"]}}],"collection":[{"href":"https:\/\/www.europesays.com\/fr\/wp-json\/wp\/v2\/posts"}],"about":[{"href":"https:\/\/www.europesays.com\/fr\/wp-json\/wp\/v2\/types\/post"}],"author":[{"embeddable":true,"href":"https:\/\/www.europesays.com\/fr\/wp-json\/wp\/v2\/users\/2"}],"replies":[{"embeddable":true,"href":"https:\/\/www.europesays.com\/fr\/wp-json\/wp\/v2\/comments?post=233801"}],"version-history":[{"count":0,"href":"https:\/\/www.europesays.com\/fr\/wp-json\/wp\/v2\/posts\/233801\/revisions"}],"wp:featuredmedia":[{"embeddable":true,"href":"https:\/\/www.europesays.com\/fr\/wp-json\/wp\/v2\/media\/233802"}],"wp:attachment":[{"href":"https:\/\/www.europesays.com\/fr\/wp-json\/wp\/v2\/media?parent=233801"}],"wp:term":[{"taxonomy":"category","embeddable":true,"href":"https:\/\/www.europesays.com\/fr\/wp-json\/wp\/v2\/categories?post=233801"},{"taxonomy":"post_tag","embeddable":true,"href":"https:\/\/www.europesays.com\/fr\/wp-json\/wp\/v2\/tags?post=233801"}],"curies":[{"name":"wp","href":"https:\/\/api.w.org\/{rel}","templated":true}]}}