{"id":233803,"date":"2025-07-07T23:57:36","date_gmt":"2025-07-07T23:57:36","guid":{"rendered":"https:\/\/www.europesays.com\/fr\/233803\/"},"modified":"2025-07-07T23:57:36","modified_gmt":"2025-07-07T23:57:36","slug":"immobilier-voici-les-communes-les-plus-cheres-dille-et-vilaine","status":"publish","type":"post","link":"https:\/\/www.europesays.com\/fr\/233803\/","title":{"rendered":"Immobilier\u00a0: voici les communes les plus ch\u00e8res\u00a0d\u2019Ille-et-Vilaine"},"content":{"rendered":"<p>Un volume de ventes qui repart \u00e0 la hausse et des prix qui continuent de diminuer en Ille-et-Vilaine. Voici les principaux enseignements du <a href=\"https:\/\/www.letelegramme.fr\/economie\/logement\/immobilier-en-bretagne-des-prix-en-baisse-et-une-reprise-fragile-video-6848714.php\" target=\"_blank\" rel=\"noopener\">dernier barom\u00e8tre des notaires bretons<\/a>, publi\u00e9 jeudi 3 juillet. <\/p>\n<p>Si le prix m\u00e9dian d\u2019une maison ancienne ressort aujourd\u2019hui \u00e0 228 000 \u20ac dans le d\u00e9partement, certaines communes tr\u00e8s pris\u00e9es affichent des prix bien plus \u00e9lev\u00e9s. En particulier sur la c\u00f4te, comme \u00e0 Saint-Briac-sur-Mer (570 000 \u20ac), Saint-Lunaire (470 000 \u20ac), Saint-Coulomb (465 300 \u20ac), Dinard (442 700 \u20ac) et Saint-Malo (426 300 \u20ac). La zone rennaise n\u2019est pas en reste, avec des prix \u00e9lev\u00e9s \u00e0 Saint-Gr\u00e9goire (494 100 \u20ac), Rennes (434 000 \u20ac) ou Cesson-S\u00e9vign\u00e9 (422 400 \u20ac).<\/p>\n<p>S\u2019agissant des appartements anciens, le prix m\u00e9dian ressort \u00e0 3 090 \u20ac\/m\u00b2 dans le d\u00e9partement. Il grimpe \u00e0 5 760 \u20ac \u00e0 Dinard, 4 650 \u20ac \u00e0 Saint-Malo et 4 100 \u20ac \u00e0 Cancale.<\/p>\n<p>Dans le neuf, plusieurs communes d\u00e9passent largement le prix m\u00e9dian d\u00e9partemental (4 450 \u20ac\/m\u00b2). C\u2019est le cas, une nouvelle fois, de Dinard (5 950 \u20ac), Saint-Malo (5 730 \u20ac), Rennes (5 570 \u20ac) et Pac\u00e9 (4 590 \u20ac).<\/p>\n","protected":false},"excerpt":{"rendered":"Un volume de ventes qui repart \u00e0 la hausse et des prix qui continuent de diminuer en Ille-et-Vilaine.&hellip;\n","protected":false},"author":2,"featured_media":233804,"comment_status":"","ping_status":"","sticky":false,"template":"","format":"standard","meta":{"footnotes":""},"categories":[2821],"tags":[1111,11,829,1777,674,1011,27,848,4555,12,584,25],"class_list":{"0":"post-233803","1":"post","2":"type-post","3":"status-publish","4":"format-standard","5":"has-post-thumbnail","7":"category-rennes","8":"tag-actu","9":"tag-actualites","10":"tag-bretagne","11":"tag-eu","12":"tag-europe","13":"tag-fr","14":"tag-france","15":"tag-ille-et-vilaine","16":"tag-local","17":"tag-news","18":"tag-rennes","19":"tag-republique-francaise"},"share_on_mastodon":{"url":"https:\/\/pubeurope.com\/@fr\/114814664442202942","error":""},"_links":{"self":[{"href":"https:\/\/www.europesays.com\/fr\/wp-json\/wp\/v2\/posts\/233803","targetHints":{"allow":["GET"]}}],"collection":[{"href":"https:\/\/www.europesays.com\/fr\/wp-json\/wp\/v2\/posts"}],"about":[{"href":"https:\/\/www.europesays.com\/fr\/wp-json\/wp\/v2\/types\/post"}],"author":[{"embeddable":true,"href":"https:\/\/www.europesays.com\/fr\/wp-json\/wp\/v2\/users\/2"}],"replies":[{"embeddable":true,"href":"https:\/\/www.europesays.com\/fr\/wp-json\/wp\/v2\/comments?post=233803"}],"version-history":[{"count":0,"href":"https:\/\/www.europesays.com\/fr\/wp-json\/wp\/v2\/posts\/233803\/revisions"}],"wp:featuredmedia":[{"embeddable":true,"href":"https:\/\/www.europesays.com\/fr\/wp-json\/wp\/v2\/media\/233804"}],"wp:attachment":[{"href":"https:\/\/www.europesays.com\/fr\/wp-json\/wp\/v2\/media?parent=233803"}],"wp:term":[{"taxonomy":"category","embeddable":true,"href":"https:\/\/www.europesays.com\/fr\/wp-json\/wp\/v2\/categories?post=233803"},{"taxonomy":"post_tag","embeddable":true,"href":"https:\/\/www.europesays.com\/fr\/wp-json\/wp\/v2\/tags?post=233803"}],"curies":[{"name":"wp","href":"https:\/\/api.w.org\/{rel}","templated":true}]}}