{"id":233805,"date":"2025-07-07T23:58:10","date_gmt":"2025-07-07T23:58:10","guid":{"rendered":"https:\/\/www.europesays.com\/fr\/233805\/"},"modified":"2025-07-07T23:58:10","modified_gmt":"2025-07-07T23:58:10","slug":"previsions-du-mardi-8-juillet-2025-4","status":"publish","type":"post","link":"https:\/\/www.europesays.com\/fr\/233805\/","title":{"rendered":"pr\u00e9visions du mardi 8 juillet 2025"},"content":{"rendered":"<p>Le soleil sera au rendez-vous \u00e0 Rennes : une magnifique journ\u00e9e se pr\u00e9sente ! Il va faire 17\u00b0C en moyenne. Le matin, un l\u00e9ger vent de nord-ouest sera ressenti par les habitants. Les temp\u00e9ratures vont conna\u00eetre une hausse de quelques degr\u00e9s durant l&rsquo;apr\u00e8s-midi. Les valeurs s&rsquo;\u00e9chelonneront entre 21 et 23\u00b0C. Un vent de nord est pr\u00e9vu : il soufflera \u00e0 23 km\/h. Le passage de mardi \u00e0 mercredi se fera sous un ciel d\u00e9pourvu de nuages.<\/p>\n<p>Demain, les Rennais vont pouvoir b\u00e9n\u00e9ficier d&rsquo;un soleil radieux. Un temps plus chaud est \u00e0 pr\u00e9voir puisque les temp\u00e9ratures vont enregistrer une augmentation. Le thermom\u00e8tre affichera 18\u00b0C en moyenne. Un vent de nord-est rafra\u00eechira un peu l&rsquo;atmosph\u00e8re. Les temp\u00e9ratures vont monter pendant l&rsquo;apr\u00e8s-midi de plusieurs degr\u00e9s. Les valeurs seront de 25\u00b0C au minimum et de 27\u00b0C au plus haut.<\/p>\n<p>Peu d&rsquo;\u00e9volutions pour la suite. Il fera 30\u00b0C en moyenne pour des journ\u00e9es avec un ciel ensoleill\u00e9.<\/p>\n<p><\/p>\n","protected":false},"excerpt":{"rendered":"Le soleil sera au rendez-vous \u00e0 Rennes : une magnifique journ\u00e9e se pr\u00e9sente ! Il va faire 17\u00b0C&hellip;\n","protected":false},"author":2,"featured_media":233806,"comment_status":"","ping_status":"","sticky":false,"template":"","format":"standard","meta":{"footnotes":""},"categories":[2821],"tags":[1111,11,829,1777,674,1011,27,848,12,2119,584,25],"class_list":{"0":"post-233805","1":"post","2":"type-post","3":"status-publish","4":"format-standard","5":"has-post-thumbnail","7":"category-rennes","8":"tag-actu","9":"tag-actualites","10":"tag-bretagne","11":"tag-eu","12":"tag-europe","13":"tag-fr","14":"tag-france","15":"tag-ille-et-vilaine","16":"tag-news","17":"tag-previsions-meteo","18":"tag-rennes","19":"tag-republique-francaise"},"share_on_mastodon":{"url":"https:\/\/pubeurope.com\/@fr\/114814668444897055","error":""},"_links":{"self":[{"href":"https:\/\/www.europesays.com\/fr\/wp-json\/wp\/v2\/posts\/233805","targetHints":{"allow":["GET"]}}],"collection":[{"href":"https:\/\/www.europesays.com\/fr\/wp-json\/wp\/v2\/posts"}],"about":[{"href":"https:\/\/www.europesays.com\/fr\/wp-json\/wp\/v2\/types\/post"}],"author":[{"embeddable":true,"href":"https:\/\/www.europesays.com\/fr\/wp-json\/wp\/v2\/users\/2"}],"replies":[{"embeddable":true,"href":"https:\/\/www.europesays.com\/fr\/wp-json\/wp\/v2\/comments?post=233805"}],"version-history":[{"count":0,"href":"https:\/\/www.europesays.com\/fr\/wp-json\/wp\/v2\/posts\/233805\/revisions"}],"wp:featuredmedia":[{"embeddable":true,"href":"https:\/\/www.europesays.com\/fr\/wp-json\/wp\/v2\/media\/233806"}],"wp:attachment":[{"href":"https:\/\/www.europesays.com\/fr\/wp-json\/wp\/v2\/media?parent=233805"}],"wp:term":[{"taxonomy":"category","embeddable":true,"href":"https:\/\/www.europesays.com\/fr\/wp-json\/wp\/v2\/categories?post=233805"},{"taxonomy":"post_tag","embeddable":true,"href":"https:\/\/www.europesays.com\/fr\/wp-json\/wp\/v2\/tags?post=233805"}],"curies":[{"name":"wp","href":"https:\/\/api.w.org\/{rel}","templated":true}]}}