{"id":233807,"date":"2025-07-07T23:59:15","date_gmt":"2025-07-07T23:59:15","guid":{"rendered":"https:\/\/www.europesays.com\/fr\/233807\/"},"modified":"2025-07-07T23:59:15","modified_gmt":"2025-07-07T23:59:15","slug":"geispolsheim-les-elus-se-plongent-dans-les-comptes-avant-les-vacances","status":"publish","type":"post","link":"https:\/\/www.europesays.com\/fr\/233807\/","title":{"rendered":"Geispolsheim. Les \u00e9lus se plongent dans les comptes avant les vacances"},"content":{"rendered":"<p>Les \u00e9lus du conseil municipal de Geispolsheim se sont pench\u00e9s sur le compte financier unique, qui regroupe les comptes de gestion et administratif de l\u2019ann\u00e9e 2024. Son examen met en lumi\u00e8re \u00ab\u00a0un exc\u00e9dent net de cl\u00f4ture de 2\u00a0millions d\u2019euros\u00a0\u00bb, en tenant compte des r\u00e9sultats report\u00e9s de 2023, indique Philippe Schaal, adjoint en charge des finances.<\/p>\n<p>La section de fonctionnement pr\u00e9sente un r\u00e9sultat de cl\u00f4ture exc\u00e9dentaire de 1,2\u00a0million d\u2019euros, dont 570\u00a0000\u00a0euros r\u00e9alis\u00e9s sur l\u2019exercice 2024, le reste provenant de l\u2019exc\u00e9dent de 2023. La section d\u2019investissement affiche quant \u00e0 elle un d\u00e9ficit de 790\u00a0000\u00a0euros pour l\u2019ann\u00e9e 2024, compens\u00e9 par un&#8230;<\/p>\n","protected":false},"excerpt":{"rendered":"Les \u00e9lus du conseil municipal de Geispolsheim se sont pench\u00e9s sur le compte financier unique, qui regroupe les&hellip;\n","protected":false},"author":2,"featured_media":233808,"comment_status":"","ping_status":"","sticky":false,"template":"","format":"standard","meta":{"footnotes":""},"categories":[2820],"tags":[1111,11,1984,2880,1777,674,107,1011,27,4076,775,12,316,25,640,3089],"class_list":{"0":"post-233807","1":"post","2":"type-post","3":"status-publish","4":"format-standard","5":"has-post-thumbnail","7":"category-strasbourg","8":"tag-actu","9":"tag-actualites","10":"tag-conseil-municipal","11":"tag-edition-strasbourg","12":"tag-eu","13":"tag-europe","14":"tag-fil-info","15":"tag-fr","16":"tag-france","17":"tag-geispolsheim","18":"tag-grand-est","19":"tag-news","20":"tag-politique","21":"tag-republique-francaise","22":"tag-strasbourg","23":"tag-strasbourg-sud"},"share_on_mastodon":{"url":"https:\/\/pubeurope.com\/@fr\/114814672242757956","error":""},"_links":{"self":[{"href":"https:\/\/www.europesays.com\/fr\/wp-json\/wp\/v2\/posts\/233807","targetHints":{"allow":["GET"]}}],"collection":[{"href":"https:\/\/www.europesays.com\/fr\/wp-json\/wp\/v2\/posts"}],"about":[{"href":"https:\/\/www.europesays.com\/fr\/wp-json\/wp\/v2\/types\/post"}],"author":[{"embeddable":true,"href":"https:\/\/www.europesays.com\/fr\/wp-json\/wp\/v2\/users\/2"}],"replies":[{"embeddable":true,"href":"https:\/\/www.europesays.com\/fr\/wp-json\/wp\/v2\/comments?post=233807"}],"version-history":[{"count":0,"href":"https:\/\/www.europesays.com\/fr\/wp-json\/wp\/v2\/posts\/233807\/revisions"}],"wp:featuredmedia":[{"embeddable":true,"href":"https:\/\/www.europesays.com\/fr\/wp-json\/wp\/v2\/media\/233808"}],"wp:attachment":[{"href":"https:\/\/www.europesays.com\/fr\/wp-json\/wp\/v2\/media?parent=233807"}],"wp:term":[{"taxonomy":"category","embeddable":true,"href":"https:\/\/www.europesays.com\/fr\/wp-json\/wp\/v2\/categories?post=233807"},{"taxonomy":"post_tag","embeddable":true,"href":"https:\/\/www.europesays.com\/fr\/wp-json\/wp\/v2\/tags?post=233807"}],"curies":[{"name":"wp","href":"https:\/\/api.w.org\/{rel}","templated":true}]}}