{"id":233811,"date":"2025-07-08T00:01:09","date_gmt":"2025-07-08T00:01:09","guid":{"rendered":"https:\/\/www.europesays.com\/fr\/233811\/"},"modified":"2025-07-08T00:01:09","modified_gmt":"2025-07-08T00:01:09","slug":"previsions-du-mardi-8-juillet-2025-5","status":"publish","type":"post","link":"https:\/\/www.europesays.com\/fr\/233811\/","title":{"rendered":"pr\u00e9visions du mardi 8 juillet 2025"},"content":{"rendered":"<p>Nice va vivre une belle journ\u00e9e particuli\u00e8rement ensoleill\u00e9e. Les valeurs seront de 19\u00b0C au minimum et de 25\u00b0C au plus haut. Un vent de sud-est soufflera un peu, avec 10 km\/h. Les temp\u00e9ratures iront de 21 \u00e0 24\u00b0C sur l&rsquo;ensemble de la matin\u00e9e. Les valeurs afficheront entre 24 et 25\u00b0C pendant l&rsquo;apr\u00e8s-midi. Les temp\u00e9ratures seront comprises entre 22\u00b0C et 23\u00b0C dans la soir\u00e9e. Le ciel sera d\u00e9pourvu de nuages dans la nuit de mardi \u00e0 mercredi.<\/p>\n<p>C&rsquo;est un soleil \u00e9clatant qui va se montrer demain sur Nice. Une chute des temp\u00e9ratures est \u00e0 pr\u00e9voir. Il va faire 21\u00b0C en moyenne. Un vent de sud-est rafra\u00eechira sensiblement l&rsquo;atmosph\u00e8re. Les maximales pourront atteindre 23\u00b0C dans la matin\u00e9e et les minimales seront de 21\u00b0C. Les valeurs s&rsquo;\u00e9chelonneront entre 21 et 22\u00b0C demain soir.<\/p>\n<p>Pour les prochains jours, le temps ne bougera pas. Des temp\u00e9ratures dans les 26\u00b0C accompagneront un ciel ensoleill\u00e9.<\/p>\n<p><\/p>\n","protected":false},"excerpt":{"rendered":"Nice va vivre une belle journ\u00e9e particuli\u00e8rement ensoleill\u00e9e. Les valeurs seront de 19\u00b0C au minimum et de 25\u00b0C&hellip;\n","protected":false},"author":2,"featured_media":233812,"comment_status":"","ping_status":"","sticky":false,"template":"","format":"standard","meta":{"footnotes":""},"categories":[2819],"tags":[1111,11,2898,1777,674,1011,27,12,2401,883,2119,882,25],"class_list":{"0":"post-233811","1":"post","2":"type-post","3":"status-publish","4":"format-standard","5":"has-post-thumbnail","7":"category-nice","8":"tag-actu","9":"tag-actualites","10":"tag-alpes-maritimes","11":"tag-eu","12":"tag-europe","13":"tag-fr","14":"tag-france","15":"tag-news","16":"tag-nice","17":"tag-paca","18":"tag-previsions-meteo","19":"tag-provence-alpes-cote-dazur","20":"tag-republique-francaise"},"share_on_mastodon":{"url":"https:\/\/pubeurope.com\/@fr\/114814680122683399","error":""},"_links":{"self":[{"href":"https:\/\/www.europesays.com\/fr\/wp-json\/wp\/v2\/posts\/233811","targetHints":{"allow":["GET"]}}],"collection":[{"href":"https:\/\/www.europesays.com\/fr\/wp-json\/wp\/v2\/posts"}],"about":[{"href":"https:\/\/www.europesays.com\/fr\/wp-json\/wp\/v2\/types\/post"}],"author":[{"embeddable":true,"href":"https:\/\/www.europesays.com\/fr\/wp-json\/wp\/v2\/users\/2"}],"replies":[{"embeddable":true,"href":"https:\/\/www.europesays.com\/fr\/wp-json\/wp\/v2\/comments?post=233811"}],"version-history":[{"count":0,"href":"https:\/\/www.europesays.com\/fr\/wp-json\/wp\/v2\/posts\/233811\/revisions"}],"wp:featuredmedia":[{"embeddable":true,"href":"https:\/\/www.europesays.com\/fr\/wp-json\/wp\/v2\/media\/233812"}],"wp:attachment":[{"href":"https:\/\/www.europesays.com\/fr\/wp-json\/wp\/v2\/media?parent=233811"}],"wp:term":[{"taxonomy":"category","embeddable":true,"href":"https:\/\/www.europesays.com\/fr\/wp-json\/wp\/v2\/categories?post=233811"},{"taxonomy":"post_tag","embeddable":true,"href":"https:\/\/www.europesays.com\/fr\/wp-json\/wp\/v2\/tags?post=233811"}],"curies":[{"name":"wp","href":"https:\/\/api.w.org\/{rel}","templated":true}]}}