{"id":233819,"date":"2025-07-08T00:05:09","date_gmt":"2025-07-08T00:05:09","guid":{"rendered":"https:\/\/www.europesays.com\/fr\/233819\/"},"modified":"2025-07-08T00:05:09","modified_gmt":"2025-07-08T00:05:09","slug":"previsions-du-mardi-8-juillet-2025-7","status":"publish","type":"post","link":"https:\/\/www.europesays.com\/fr\/233819\/","title":{"rendered":"pr\u00e9visions du mardi 8 juillet 2025"},"content":{"rendered":"<p>Un superbe soleil brillera sur Bordeaux, o\u00f9 la journ\u00e9e s&rsquo;annoncera des plus plaisantes. Les temp\u00e9ratures seront de 20\u00b0C. Le matin, un vent de nord rafra\u00eechira quelque peu l&rsquo;atmosph\u00e8re. L&rsquo;apr\u00e8s-midi, c&rsquo;est une hausse de plusieurs degr\u00e9s que vont enregistrer les temp\u00e9ratures. Ces valeurs s&rsquo;\u00e9chelonneront de 25 \u00e0 27\u00b0C. Un ciel clair est \u00e0 pr\u00e9voir dans la nuit reliant mardi et mercredi.<\/p>\n<p>Un beau soleil est attendu demain \u00e0 Bordeaux. Le temps va se r\u00e9chauffer avec une augmentation de quelques degr\u00e9s. La ville va conna\u00eetre un passage d&rsquo;importantes chaleurs avec des valeurs qui atteindront parfois les 32\u00b0C. Les temp\u00e9ratures s&rsquo;\u00e9chelonneront entre 13 et 32\u00b0C. Une petite brise de nord-est sera ressentie par les habitants. Les temp\u00e9ratures vont grimper pendant l&rsquo;apr\u00e8s-midi de plusieurs degr\u00e9s. Attention \u00e0 la vague de chaud. Des valeurs de 29 \u00e0 32\u00b0C sont annonc\u00e9es. D\u00e8s demain soir, les temp\u00e9ratures \u00e9volueront entre 22 et 30\u2009\u00b0C. Les valeurs seront de 26\u00b0C.<\/p>\n<p>Pour les jours suivants, la m\u00e9t\u00e9o ne changera pas. Des temp\u00e9ratures dans les 35\u00b0C accompagneront un ciel ensoleill\u00e9.<\/p>\n<p><\/p>\n","protected":false},"excerpt":{"rendered":"Un superbe soleil brillera sur Bordeaux, o\u00f9 la journ\u00e9e s&rsquo;annoncera des plus plaisantes. Les temp\u00e9ratures seront de 20\u00b0C.&hellip;\n","protected":false},"author":2,"featured_media":233820,"comment_status":"","ping_status":"","sticky":false,"template":"","format":"standard","meta":{"footnotes":""},"categories":[2817],"tags":[1111,11,3177,1997,1777,674,1011,27,2905,12,2219,2119,25],"class_list":{"0":"post-233819","1":"post","2":"type-post","3":"status-publish","4":"format-standard","5":"has-post-thumbnail","7":"category-bordeaux","8":"tag-actu","9":"tag-actualites","10":"tag-aquitaine","11":"tag-bordeaux","12":"tag-eu","13":"tag-europe","14":"tag-fr","15":"tag-france","16":"tag-gironde","17":"tag-news","18":"tag-nouvelle-aquitaine","19":"tag-previsions-meteo","20":"tag-republique-francaise"},"share_on_mastodon":{"url":"https:\/\/pubeurope.com\/@fr\/114814695908770126","error":""},"_links":{"self":[{"href":"https:\/\/www.europesays.com\/fr\/wp-json\/wp\/v2\/posts\/233819","targetHints":{"allow":["GET"]}}],"collection":[{"href":"https:\/\/www.europesays.com\/fr\/wp-json\/wp\/v2\/posts"}],"about":[{"href":"https:\/\/www.europesays.com\/fr\/wp-json\/wp\/v2\/types\/post"}],"author":[{"embeddable":true,"href":"https:\/\/www.europesays.com\/fr\/wp-json\/wp\/v2\/users\/2"}],"replies":[{"embeddable":true,"href":"https:\/\/www.europesays.com\/fr\/wp-json\/wp\/v2\/comments?post=233819"}],"version-history":[{"count":0,"href":"https:\/\/www.europesays.com\/fr\/wp-json\/wp\/v2\/posts\/233819\/revisions"}],"wp:featuredmedia":[{"embeddable":true,"href":"https:\/\/www.europesays.com\/fr\/wp-json\/wp\/v2\/media\/233820"}],"wp:attachment":[{"href":"https:\/\/www.europesays.com\/fr\/wp-json\/wp\/v2\/media?parent=233819"}],"wp:term":[{"taxonomy":"category","embeddable":true,"href":"https:\/\/www.europesays.com\/fr\/wp-json\/wp\/v2\/categories?post=233819"},{"taxonomy":"post_tag","embeddable":true,"href":"https:\/\/www.europesays.com\/fr\/wp-json\/wp\/v2\/tags?post=233819"}],"curies":[{"name":"wp","href":"https:\/\/api.w.org\/{rel}","templated":true}]}}