{"id":233825,"date":"2025-07-08T00:08:10","date_gmt":"2025-07-08T00:08:10","guid":{"rendered":"https:\/\/www.europesays.com\/fr\/233825\/"},"modified":"2025-07-08T00:08:10","modified_gmt":"2025-07-08T00:08:10","slug":"previsions-du-mardi-8-juillet-2025-8","status":"publish","type":"post","link":"https:\/\/www.europesays.com\/fr\/233825\/","title":{"rendered":"pr\u00e9visions du mardi 8 juillet 2025"},"content":{"rendered":"<p>C&rsquo;est une magnifique journ\u00e9e dont va b\u00e9n\u00e9ficier Toulouse, o\u00f9 le soleil va briller avec force. Les maximales pourront atteindre 28\u00b0C tandis que les minimales seront de 13\u00b0C. Une modeste brise de nord-ouest sera ressentie par les habitants. Les temp\u00e9ratures tourneront autour des 20\u00b0C au cours de la matin\u00e9e. L&rsquo;apr\u00e8s-midi, c&rsquo;est une hausse de plusieurs degr\u00e9s que vont conna\u00eetre les temp\u00e9ratures. Les valeurs seront comprises entre 26 et 28\u00b0C. Il fera en moyenne 23\u00b0C, le soir. Un ciel clair est attendu dans la nuit entre mardi et mercredi.<\/p>\n<p>Demain, un important soleil rayonnera sur Toulouse. Une m\u00e9t\u00e9o plus chaude est pr\u00e9vue \u00e9tant donn\u00e9 que les temp\u00e9ratures vont enregistrer une augmentation. De tr\u00e8s fortes chaleurs (entre 13\u00b0C et 31\u00b0C) sont annonc\u00e9es. Les temp\u00e9ratures s&rsquo;\u00e9chelonneront entre 13 et 31\u00b0C. Un vent de nord-ouest rafra\u00eechira un peu l&rsquo;atmosph\u00e8re. Dans la matin\u00e9e, les temp\u00e9ratures seront de 22\u00b0C. Les valeurs vont conna\u00eetre une hausse de plusieurs degr\u00e9s lors de l&rsquo;apr\u00e8s-midi. La ville va subir une vague de grosses chaleurs avec des valeurs qui atteindront parfois les 31\u00b0C. Les temp\u00e9ratures seront de 29\u00b0C au minimum et de 31\u00b0C au plus haut.<\/p>\n<p>Le temps restera stable les prochains jours. Il fera 36\u00b0C en moyenne pour des journ\u00e9es avec une m\u00e9t\u00e9o ensoleill\u00e9e.<\/p>\n<p><\/p>\n","protected":false},"excerpt":{"rendered":"C&rsquo;est une magnifique journ\u00e9e dont va b\u00e9n\u00e9ficier Toulouse, o\u00f9 le soleil va briller avec force. Les maximales pourront&hellip;\n","protected":false},"author":2,"featured_media":233826,"comment_status":"","ping_status":"","sticky":false,"template":"","format":"standard","meta":{"footnotes":""},"categories":[2816],"tags":[1111,11,1777,674,1011,27,2722,2721,12,2680,2119,25,2312],"class_list":{"0":"post-233825","1":"post","2":"type-post","3":"status-publish","4":"format-standard","5":"has-post-thumbnail","7":"category-toulouse","8":"tag-actu","9":"tag-actualites","10":"tag-eu","11":"tag-europe","12":"tag-fr","13":"tag-france","14":"tag-haute-garonne","15":"tag-midi-pyrenees","16":"tag-news","17":"tag-occitanie","18":"tag-previsions-meteo","19":"tag-republique-francaise","20":"tag-toulouse"},"share_on_mastodon":{"url":"https:\/\/pubeurope.com\/@fr\/114814707691118659","error":""},"_links":{"self":[{"href":"https:\/\/www.europesays.com\/fr\/wp-json\/wp\/v2\/posts\/233825","targetHints":{"allow":["GET"]}}],"collection":[{"href":"https:\/\/www.europesays.com\/fr\/wp-json\/wp\/v2\/posts"}],"about":[{"href":"https:\/\/www.europesays.com\/fr\/wp-json\/wp\/v2\/types\/post"}],"author":[{"embeddable":true,"href":"https:\/\/www.europesays.com\/fr\/wp-json\/wp\/v2\/users\/2"}],"replies":[{"embeddable":true,"href":"https:\/\/www.europesays.com\/fr\/wp-json\/wp\/v2\/comments?post=233825"}],"version-history":[{"count":0,"href":"https:\/\/www.europesays.com\/fr\/wp-json\/wp\/v2\/posts\/233825\/revisions"}],"wp:featuredmedia":[{"embeddable":true,"href":"https:\/\/www.europesays.com\/fr\/wp-json\/wp\/v2\/media\/233826"}],"wp:attachment":[{"href":"https:\/\/www.europesays.com\/fr\/wp-json\/wp\/v2\/media?parent=233825"}],"wp:term":[{"taxonomy":"category","embeddable":true,"href":"https:\/\/www.europesays.com\/fr\/wp-json\/wp\/v2\/categories?post=233825"},{"taxonomy":"post_tag","embeddable":true,"href":"https:\/\/www.europesays.com\/fr\/wp-json\/wp\/v2\/tags?post=233825"}],"curies":[{"name":"wp","href":"https:\/\/api.w.org\/{rel}","templated":true}]}}