{"id":233827,"date":"2025-07-08T00:09:09","date_gmt":"2025-07-08T00:09:09","guid":{"rendered":"https:\/\/www.europesays.com\/fr\/233827\/"},"modified":"2025-07-08T00:09:09","modified_gmt":"2025-07-08T00:09:09","slug":"previsions-du-mardi-8-juillet-2025-9","status":"publish","type":"post","link":"https:\/\/www.europesays.com\/fr\/233827\/","title":{"rendered":"pr\u00e9visions du mardi 8 juillet 2025"},"content":{"rendered":"<p>Lille, o\u00f9 des nuages subsisteront aujourd&rsquo;hui, continuera de guetter le soleil. Il fera en moyenne 16\u00b0C. Une l\u00e9g\u00e8re brise de nord-ouest sera ressentie par les habitants. Dans la matin\u00e9e, de l\u00e9g\u00e8res averses seront possibles. L&rsquo;apr\u00e8s-midi, du mauvais temps est \u00e0 pr\u00e9voir. Des pluies \u00e9parses vont tomber. En revanche, les temp\u00e9ratures vont enregistrer une hausse de quelques degr\u00e9s. Les valeurs s&rsquo;\u00e9chelonneront de 17 \u00e0 20\u00b0C. Les valeurs seront de 16\u00b0C dans la soir\u00e9e. Le ciel sera d\u00e9pourvu de nuages dans la nuit de mardi \u00e0 mercredi.<\/p>\n<p>Un beau soleil est pr\u00e9vu demain \u00e0 Lille. Une m\u00e9t\u00e9o plus chaude est attendue \u00e9tant donn\u00e9 que le mercure va conna\u00eetre une augmentation. Il va faire 18\u00b0C en moyenne. Un l\u00e9ger vent de nord-ouest soufflera au cours de la matin\u00e9e. Les temp\u00e9ratures vont enregistrer une hausse de quelques degr\u00e9s dans l&rsquo;apr\u00e8s-midi. Les maximales atteindront les 24\u00b0C et les minimales seront de 22\u00b0C. Une brise de nord-est soufflera doucement dans la soir\u00e9e.<\/p>\n<p>Pour les jours suivants, le temps ne bougera pas. On s&rsquo;attend \u00e0 des journ\u00e9es ensoleill\u00e9es, accompagn\u00e9es par des temp\u00e9ratures dans les 27\u00b0C en moyenne.<\/p>\n<p><\/p>\n","protected":false},"excerpt":{"rendered":"Lille, o\u00f9 des nuages subsisteront aujourd&rsquo;hui, continuera de guetter le soleil. Il fera en moyenne 16\u00b0C. Une l\u00e9g\u00e8re&hellip;\n","protected":false},"author":2,"featured_media":233828,"comment_status":"","ping_status":"","sticky":false,"template":"","format":"standard","meta":{"footnotes":""},"categories":[2815],"tags":[1111,11,1777,674,1011,27,811,1307,12,1308,1309,2119,25],"class_list":{"0":"post-233827","1":"post","2":"type-post","3":"status-publish","4":"format-standard","5":"has-post-thumbnail","7":"category-lille","8":"tag-actu","9":"tag-actualites","10":"tag-eu","11":"tag-europe","12":"tag-fr","13":"tag-france","14":"tag-hauts-de-france","15":"tag-lille","16":"tag-news","17":"tag-nord","18":"tag-nord-pas-de-calais","19":"tag-previsions-meteo","20":"tag-republique-francaise"},"share_on_mastodon":{"url":"https:\/\/pubeurope.com\/@fr\/114814711628860319","error":""},"_links":{"self":[{"href":"https:\/\/www.europesays.com\/fr\/wp-json\/wp\/v2\/posts\/233827","targetHints":{"allow":["GET"]}}],"collection":[{"href":"https:\/\/www.europesays.com\/fr\/wp-json\/wp\/v2\/posts"}],"about":[{"href":"https:\/\/www.europesays.com\/fr\/wp-json\/wp\/v2\/types\/post"}],"author":[{"embeddable":true,"href":"https:\/\/www.europesays.com\/fr\/wp-json\/wp\/v2\/users\/2"}],"replies":[{"embeddable":true,"href":"https:\/\/www.europesays.com\/fr\/wp-json\/wp\/v2\/comments?post=233827"}],"version-history":[{"count":0,"href":"https:\/\/www.europesays.com\/fr\/wp-json\/wp\/v2\/posts\/233827\/revisions"}],"wp:featuredmedia":[{"embeddable":true,"href":"https:\/\/www.europesays.com\/fr\/wp-json\/wp\/v2\/media\/233828"}],"wp:attachment":[{"href":"https:\/\/www.europesays.com\/fr\/wp-json\/wp\/v2\/media?parent=233827"}],"wp:term":[{"taxonomy":"category","embeddable":true,"href":"https:\/\/www.europesays.com\/fr\/wp-json\/wp\/v2\/categories?post=233827"},{"taxonomy":"post_tag","embeddable":true,"href":"https:\/\/www.europesays.com\/fr\/wp-json\/wp\/v2\/tags?post=233827"}],"curies":[{"name":"wp","href":"https:\/\/api.w.org\/{rel}","templated":true}]}}