{"id":23383,"date":"2025-04-14T00:53:09","date_gmt":"2025-04-14T00:53:09","guid":{"rendered":"https:\/\/www.europesays.com\/fr\/23383\/"},"modified":"2025-04-14T00:53:09","modified_gmt":"2025-04-14T00:53:09","slug":"on-a-roule-avec-la-nouvelle-voiture-electrique-de-byd-stellantis-abandonne-la-production-en-europe-de-sa-voiture-chinoise-et-on-est-montes-a-bord-du-nouveau-xpeng-g6-le-recap-survo","status":"publish","type":"post","link":"https:\/\/www.europesays.com\/fr\/23383\/","title":{"rendered":"On a roul\u00e9 avec la nouvelle voiture \u00e9lectrique de BYD, Stellantis abandonne la production en Europe de sa voiture chinoise et on est mont\u00e9s \u00e0 bord du nouveau Xpeng G6 \u2013 Le r\u00e9cap\u2019 Survolt\u00e9s"},"content":{"rendered":"<p>Cette semaine, l\u2019actualit\u00e9 100 % \u00e9lectrique \u00e9tait survolt\u00e9e. Au programme : l\u2019arriv\u00e9e officielle de Denza, la nouvelle marque de voiture \u00e9lectrique de BYD, en Europe. L\u2019arr\u00eat imminent de la production de la nouvelle voiture \u00e9lectrique chinoise de Stellantis en Europe et notre d\u00e9couverte du nouveau Xpeng G6 qui se recharge en 15 minutes.<\/p>\n<p>Nous avons pu rouler avec la Denza Z9 GT qui sera la premi\u00e8re voiture \u00e9lectrique de la marque \u00e0 \u00eatre commercialis\u00e9e en Europe. Et <a href=\"https:\/\/www.frandroid.com\/marques\/denza\/2578139_on-a-roule-avec-la-voiture-electrique-de-byd-1000-ch-un-confort-royal-des-technologies-inedites-mais-quelque-chose-qui-cloche\" rel=\"nofollow noopener\" target=\"_blank\">voici notre premier avis.<\/a><\/p>\n<p>La nouvelle Xpeng G6 restyl\u00e9e est d\u00e9j\u00e0 commercialis\u00e9e en Chine avant son arriv\u00e9e en Europe. Nous avons pu monter \u00e0 bord de cette voiture \u00e9lectrique, concurrente redoutable du Tesla Model Y, avec sa nouvelle recharge en 12 minutes. <a href=\"https:\/\/www.frandroid.com\/marques\/xpeng\/2566599_on-est-montes-a-bord-du-nouveau-xpeng-g6-electrique-le-tesla-mode-y-prend-un-gros-coup-de-vieux\" rel=\"nofollow noopener\" target=\"_blank\">Voici notre premier avis<\/a>.<\/p>\n","protected":false},"excerpt":{"rendered":"Cette semaine, l\u2019actualit\u00e9 100 % \u00e9lectrique \u00e9tait survolt\u00e9e. Au programme : l\u2019arriv\u00e9e officielle de Denza, la nouvelle marque&hellip;\n","protected":false},"author":2,"featured_media":23384,"comment_status":"","ping_status":"","sticky":false,"template":"","format":"standard","meta":{"footnotes":""},"categories":[6],"tags":[35,33,34,1011,27,8526],"class_list":{"0":"post-23383","1":"post","2":"type-post","3":"status-publish","4":"format-standard","5":"has-post-thumbnail","7":"category-economie","8":"tag-business","9":"tag-economie","10":"tag-economy","11":"tag-fr","12":"tag-france","13":"tag-recap-survoltes"},"share_on_mastodon":{"url":"https:\/\/pubeurope.com\/@fr\/114333588125315501","error":""},"_links":{"self":[{"href":"https:\/\/www.europesays.com\/fr\/wp-json\/wp\/v2\/posts\/23383","targetHints":{"allow":["GET"]}}],"collection":[{"href":"https:\/\/www.europesays.com\/fr\/wp-json\/wp\/v2\/posts"}],"about":[{"href":"https:\/\/www.europesays.com\/fr\/wp-json\/wp\/v2\/types\/post"}],"author":[{"embeddable":true,"href":"https:\/\/www.europesays.com\/fr\/wp-json\/wp\/v2\/users\/2"}],"replies":[{"embeddable":true,"href":"https:\/\/www.europesays.com\/fr\/wp-json\/wp\/v2\/comments?post=23383"}],"version-history":[{"count":0,"href":"https:\/\/www.europesays.com\/fr\/wp-json\/wp\/v2\/posts\/23383\/revisions"}],"wp:featuredmedia":[{"embeddable":true,"href":"https:\/\/www.europesays.com\/fr\/wp-json\/wp\/v2\/media\/23384"}],"wp:attachment":[{"href":"https:\/\/www.europesays.com\/fr\/wp-json\/wp\/v2\/media?parent=23383"}],"wp:term":[{"taxonomy":"category","embeddable":true,"href":"https:\/\/www.europesays.com\/fr\/wp-json\/wp\/v2\/categories?post=23383"},{"taxonomy":"post_tag","embeddable":true,"href":"https:\/\/www.europesays.com\/fr\/wp-json\/wp\/v2\/tags?post=23383"}],"curies":[{"name":"wp","href":"https:\/\/api.w.org\/{rel}","templated":true}]}}