{"id":233841,"date":"2025-07-08T00:16:16","date_gmt":"2025-07-08T00:16:16","guid":{"rendered":"https:\/\/www.europesays.com\/fr\/233841\/"},"modified":"2025-07-08T00:16:16","modified_gmt":"2025-07-08T00:16:16","slug":"autoroutes-a-50-km-h-en-ile-de-france-est-ce-reellement-viable","status":"publish","type":"post","link":"https:\/\/www.europesays.com\/fr\/233841\/","title":{"rendered":"Autoroutes \u00e0 50 km\/h en \u00cele-de-France, est-ce r\u00e9ellement viable ?"},"content":{"rendered":"<p>R\u00e9duire la vitesse sur le p\u00e9riph\u00e9rique et les autoroutes autour d\u2019\u00cele-de-France \u00e0 50 km\/h : id\u00e9e loufoque ou vraie piste pour am\u00e9liorer la qualit\u00e9 de vie ? La proposition fait pol\u00e9mique. Entre arguments sanitaires et contestation des automobilistes.<\/p>\n<p>Une proposition choc venue des rangs \u00e9cologistes <\/p>\n<p class=\"p1\">L\u2019id\u00e9e a de quoi surprendre : <strong>fixer la vitesse maximale \u00e0 50 km\/h sur les principales autoroutes franciliennes,<\/strong> y compris <a href=\"https:\/\/www.autojournal.fr\/actu\/autoroutes-abaissement-vitesse-70-kmh-confirme-368116.html#item=1\" target=\"_blank\" rel=\"noopener nofollow\">l&rsquo;A86,<\/a> l&rsquo;A6, l&rsquo;A1. C\u2019est ce que propose un collectif d\u2019\u00e9lus de gauche et d\u2019associations \u00e9cologistes d\u2019\u00cele-de-France dans un r\u00e9cent plaidoyer.<\/p>\n<p class=\"p1\">Derri\u00e8re cette mesure radicale, <strong>l\u2019objectif affich\u00e9 est clair. R\u00e9duire la pollution, am\u00e9liorer la qualit\u00e9 de l&rsquo;air, et fluidifier le trafic,<\/strong> en limitant les \u00e0-coups et <a href=\"https:\/\/www.autojournal.fr\/actu\/voie-de-covoiturage-paris-plus-embouteillages-venir-378485.html\" target=\"_blank\" rel=\"noopener nofollow\">les embouteillages<\/a> li\u00e9s aux variations de vitesse. Et on ne peut nier qu\u2019il y a des arguments en faveur de la limitation \u00e0 50 km\/h. Pour les d\u00e9fenseurs du projet, cette mesure aurait plusieurs effets positifs.<\/p>\n<ul class=\"ul1\">\n<li class=\"li1\"><strong> Am\u00e9lioration de la qualit\u00e9 de l&rsquo;air :<\/strong> \u00e0 vitesse constante et mod\u00e9r\u00e9e, les \u00e9missions de particules fines et d&rsquo;oxyde d&rsquo;azote chuteraient. Voil\u00e0 qui contribuerait ainsi \u00e0 <a href=\"https:\/\/www.autojournal.fr\/environnement\/zfe-dispositif-efficace-contre-la-pollution-de-l-air-mais-anti-social-380891.html\" target=\"_blank\" rel=\"noopener nofollow\">r\u00e9duire la pollution<\/a>. Notamment dans les zones dens\u00e9ment peupl\u00e9es.<\/li>\n<li class=\"li1\"><strong> R\u00e9duction du bruit :<\/strong> moins de vitesse, c\u2019est aussi moins de nuisances sonores pour les riverains. Un enjeu crucial en p\u00e9riph\u00e9rie de la capitale. C\u2019\u00e9tait un argument pour le p\u00e9riph\u00e9rique parisien notamment.<\/li>\n<li class=\"li1\"><strong> Diminution des accidents graves :<\/strong> \u00e0 50 km\/h, l&rsquo;impact <a href=\"https:\/\/www.autojournal.fr\/pratique\/collision-avec-un-animal-sauvage-est-on-forcement-indemnise-par-l-assurance-373888.html\" target=\"_blank\" rel=\"noopener nofollow\">en cas de collision<\/a> est nettement moins violent. Ce qui pourrait alors r\u00e9duire la gravit\u00e9 des accidents.<\/li>\n<li class=\"li1\"><strong> Meilleure fluidit\u00e9 th\u00e9orique :<\/strong> les partisans estiment que des vitesses uniformis\u00e9es \u00e9viteraient les bouchons caus\u00e9s par les freinages intempestifs et les acc\u00e9l\u00e9rations inutiles.<\/li>\n<\/ul>\n<p>    Les limites et critiques d\u2019une telle mesure <\/p>\n<p class=\"p1\">Mais la proposition ne fait pas l\u2019unanimit\u00e9, loin de l\u00e0. Les automobilistes, associations de d\u00e9fense des conducteurs et experts en mobilit\u00e9 soulignent plusieurs \u00e9cueils majeurs. Notamment l\u2019inapplicabilit\u00e9 concr\u00e8te. Sur certaines portions fluides, comme <a href=\"https:\/\/www.autojournal.fr\/actu\/autoroute-a1-million-euros-reparation-353082.html\" target=\"_blank\" rel=\"noopener nofollow\">l&rsquo;A1<\/a> ou l&rsquo;A6 en dehors des heures de pointe,<strong><a href=\"https:\/\/www.autojournal.fr\/actu\/peripherique-parisien-les-bienfaits-des-50-km-h-se-font-ressentir-379798.html\" target=\"_blank\" rel=\"noopener nofollow\"> rouler \u00e0 50 km\/h<\/a> rel\u00e8verait de l&rsquo;absurde et risquerait m\u00eame d&rsquo;accentuer les congestions<\/strong> en cr\u00e9ant des bouchons artificiels. Mais ce n\u2019est pas tout.<\/p>\n<ul class=\"ul1\">\n<li class=\"li1\"><strong> Perte de temps consid\u00e9rable :<\/strong> abaisser la vitesse moyenne sur des axes cens\u00e9s permettre des d\u00e9placements rapides rallongerait fortement les trajets domicile-travail et p\u00e9naliserait les professionnels.<\/li>\n<li class=\"li1\"><strong> Mesure difficilement contr\u00f4lable :<\/strong> faire respecter une telle limite, notamment de nuit ou en heure creuse, n\u00e9cessiterait une surveillance permanente quasi impossible \u00e0 mettre en place.<\/li>\n<li class=\"li1\"><strong> Effet contest\u00e9 sur la pollution :<\/strong> plusieurs \u00e9tudes montrent que des vitesses trop basses, notamment en cas de surpopulation automobile, peuvent g\u00e9n\u00e9rer plus d&rsquo;\u00e9missions que pr\u00e9vu.<\/li>\n<\/ul>\n<p> Une id\u00e9e qui rappelle d\u2019autres exp\u00e9rimentations <\/p>\n<p class=\"p1\">Ce n\u2019est pas la premi\u00e8re fois que l\u2019abaissement des limitations de vitesse sur les grands axes fait d\u00e9bat. Le <a href=\"https:\/\/www.autojournal.fr\/actu\/peripherique-parisien-deja-4400-amendes-pour-voie-covoiturage-386467.html\" target=\"_blank\" rel=\"noopener nofollow\">p\u00e9riph\u00e9rique parisien<\/a> est d\u00e9j\u00e0 limit\u00e9 \u00e0 50 km\/h. <strong>En province, certaines m\u00e9tropoles ont r\u00e9duit la vitesse sur les rocades, mais rarement \u00e0 ce niveau aussi bas.<\/strong><\/p>\n<p class=\"p1\">Le d\u00e9bat reste ouvert, entre volont\u00e9 de prot\u00e9ger l\u2019environnement et n\u00e9cessit\u00e9 de garantir une mobilit\u00e9 efficace. Si l\u2019objectif sanitaire est difficilement contestable, la m\u00e9thode suscite de nombreuses interrogations.<\/p>\n<p class=\"p1\"><strong>Reste \u00e0 savoir si cette proposition restera un simple effet d\u2019annonce\u2026 Ou si elle pourrait, \u00e0 terme, se concr\u00e9tiser<\/strong>. Une chose est s\u00fbre : toucher aux <a href=\"https:\/\/www.autojournal.fr\/actu\/ile-de-france-une-baisse-drastique-de-la-pollution-336373.html\" target=\"_blank\" rel=\"noopener nofollow\">autoroutes franciliennes<\/a>, c\u2019est toucher \u00e0 un sujet hautement inflammable\u2026 Et \u00e0 des milliers de conducteurs d\u00e9j\u00e0 exc\u00e9d\u00e9s par les restrictions successives. Mais aussi par les bouchons \u00e0 r\u00e9p\u00e9titions, tous les jours\u2026<strong> Difficile en l\u2019\u00e9tat de juger si abaisser la vitesse \u00e0 50 km\/h sur les autoroutes serait une bonne ou une mauvaise id\u00e9e.<\/strong> Mais il est \u00e9vident que le d\u00e9bat va durer.<\/p>\n<p class=\"p1\">Dans un premier temps, <strong>les \u00e9lus souhaiteraient que la vitesse soit <a href=\"https:\/\/www.autojournal.fr\/actu\/les-autoroutes-franciliennes-bridees-a-50-km-h-366506.html#item=1\" target=\"_blank\" rel=\"noopener nofollow\">abaiss\u00e9e \u00e0 70 km\/h<\/a>. Et cela, d\u00e8s 2026.<\/strong> Ensuite, l\u2019abaissement \u00e0 50 km\/h est envisag\u00e9 pour 2032.<\/p>\n","protected":false},"excerpt":{"rendered":"R\u00e9duire la vitesse sur le p\u00e9riph\u00e9rique et les autoroutes autour d\u2019\u00cele-de-France \u00e0 50 km\/h : id\u00e9e loufoque ou&hellip;\n","protected":false},"author":2,"featured_media":233842,"comment_status":"","ping_status":"","sticky":false,"template":"","format":"standard","meta":{"footnotes":""},"categories":[1592],"tags":[1111,11,1777,674,1011,27,1638,662,12,626,25],"class_list":{"0":"post-233841","1":"post","2":"type-post","3":"status-publish","4":"format-standard","5":"has-post-thumbnail","7":"category-ile-de-france","8":"tag-actu","9":"tag-actualites","10":"tag-eu","11":"tag-europe","12":"tag-fr","13":"tag-france","14":"tag-has_diapo","15":"tag-ile-de-france","16":"tag-news","17":"tag-paris","18":"tag-republique-francaise"},"share_on_mastodon":{"url":"https:\/\/pubeurope.com\/@fr\/114814739132266333","error":""},"_links":{"self":[{"href":"https:\/\/www.europesays.com\/fr\/wp-json\/wp\/v2\/posts\/233841","targetHints":{"allow":["GET"]}}],"collection":[{"href":"https:\/\/www.europesays.com\/fr\/wp-json\/wp\/v2\/posts"}],"about":[{"href":"https:\/\/www.europesays.com\/fr\/wp-json\/wp\/v2\/types\/post"}],"author":[{"embeddable":true,"href":"https:\/\/www.europesays.com\/fr\/wp-json\/wp\/v2\/users\/2"}],"replies":[{"embeddable":true,"href":"https:\/\/www.europesays.com\/fr\/wp-json\/wp\/v2\/comments?post=233841"}],"version-history":[{"count":0,"href":"https:\/\/www.europesays.com\/fr\/wp-json\/wp\/v2\/posts\/233841\/revisions"}],"wp:featuredmedia":[{"embeddable":true,"href":"https:\/\/www.europesays.com\/fr\/wp-json\/wp\/v2\/media\/233842"}],"wp:attachment":[{"href":"https:\/\/www.europesays.com\/fr\/wp-json\/wp\/v2\/media?parent=233841"}],"wp:term":[{"taxonomy":"category","embeddable":true,"href":"https:\/\/www.europesays.com\/fr\/wp-json\/wp\/v2\/categories?post=233841"},{"taxonomy":"post_tag","embeddable":true,"href":"https:\/\/www.europesays.com\/fr\/wp-json\/wp\/v2\/tags?post=233841"}],"curies":[{"name":"wp","href":"https:\/\/api.w.org\/{rel}","templated":true}]}}