{"id":233843,"date":"2025-07-08T00:17:11","date_gmt":"2025-07-08T00:17:11","guid":{"rendered":"https:\/\/www.europesays.com\/fr\/233843\/"},"modified":"2025-07-08T00:17:11","modified_gmt":"2025-07-08T00:17:11","slug":"paris-pourquoi-la-baignade-dans-la-seine-doit-etre-interdite-apres-des-intemperies","status":"publish","type":"post","link":"https:\/\/www.europesays.com\/fr\/233843\/","title":{"rendered":"Paris\u00a0: pourquoi la baignade dans la Seine doit \u00eatre interdite apr\u00e8s des intemp\u00e9ries"},"content":{"rendered":"<p class=\"paragraph text_align_left lp-f-body-02\">La fermeture de ce lundi et dimanche tranche avec le sans-faute qui a marqu\u00e9 l\u2019ouverture enthousiaste des sites de baignade dans la Seine, ce samedi \u00e0 Bercy (XIIe), Bras-Marie (IVe) et Grenelle (XVe). La Ville a annonc\u00e9 ce dimanche 6 juillet une <a href=\"https:\/\/www.paris.fr\/paris-en-seine-2025\" target=\"_blank\" rel=\"noreferrer nofollow noopener\">fermeture d\u2019au moins 48 heures<\/a>, le temps que la qualit\u00e9 de l\u2019eau redevienne conforme aux normes. Pour l\u2019heure, le <a href=\"https:\/\/www.leparisien.fr\/paris-75\/paris-drapeau-rouge-la-baignade-dans-la-seine-interdite-ce-dimanche-06-07-2025-E6XCGA4WHFHFFNELM6ELQQOL6U.php\" target=\"_blank\" rel=\"noreferrer nofollow noopener\">drapeau rouge flotte donc sur les bords de Seine<\/a>. Pourquoi la baignade est-elle suspendue plusieurs jours lorsqu\u2019il pleut ?<\/p>\n<p class=\"paragraph text_align_left lp-f-body-02\">\u00c0 Paris, eaux de pluie et eaux us\u00e9es empruntent le m\u00eame r\u00e9seau. Lorsque les pr\u00e9cipitations deviennent trop importantes, le syst\u00e8me sature et le trop-plein est d\u00e9vers\u00e9 dans la Seine. Une soupape de s\u00e9curit\u00e9 indispensable pour \u00e9viter que les \u00e9gouts ne d\u00e9bordent dans les rues de la capitale.<\/p>\n","protected":false},"excerpt":{"rendered":"La fermeture de ce lundi et dimanche tranche avec le sans-faute qui a marqu\u00e9 l\u2019ouverture enthousiaste des sites&hellip;\n","protected":false},"author":2,"featured_media":233844,"comment_status":"","ping_status":"","sticky":false,"template":"","format":"standard","meta":{"footnotes":""},"categories":[1888],"tags":[1111,1928,11,1927,1777,674,1011,27,1944,12,1926,626,1925,25],"class_list":{"0":"post-233843","1":"post","2":"type-post","3":"status-publish","4":"format-standard","5":"has-post-thumbnail","7":"category-paris","8":"tag-actu","9":"tag-actu-paris","10":"tag-actualites","11":"tag-actualites-paris","12":"tag-eu","13":"tag-europe","14":"tag-fr","15":"tag-france","16":"tag-ma-ville","17":"tag-news","18":"tag-news-paris","19":"tag-paris","20":"tag-paris-news","21":"tag-republique-francaise"},"share_on_mastodon":{"url":"https:\/\/pubeurope.com\/@fr\/114814743105396086","error":""},"_links":{"self":[{"href":"https:\/\/www.europesays.com\/fr\/wp-json\/wp\/v2\/posts\/233843","targetHints":{"allow":["GET"]}}],"collection":[{"href":"https:\/\/www.europesays.com\/fr\/wp-json\/wp\/v2\/posts"}],"about":[{"href":"https:\/\/www.europesays.com\/fr\/wp-json\/wp\/v2\/types\/post"}],"author":[{"embeddable":true,"href":"https:\/\/www.europesays.com\/fr\/wp-json\/wp\/v2\/users\/2"}],"replies":[{"embeddable":true,"href":"https:\/\/www.europesays.com\/fr\/wp-json\/wp\/v2\/comments?post=233843"}],"version-history":[{"count":0,"href":"https:\/\/www.europesays.com\/fr\/wp-json\/wp\/v2\/posts\/233843\/revisions"}],"wp:featuredmedia":[{"embeddable":true,"href":"https:\/\/www.europesays.com\/fr\/wp-json\/wp\/v2\/media\/233844"}],"wp:attachment":[{"href":"https:\/\/www.europesays.com\/fr\/wp-json\/wp\/v2\/media?parent=233843"}],"wp:term":[{"taxonomy":"category","embeddable":true,"href":"https:\/\/www.europesays.com\/fr\/wp-json\/wp\/v2\/categories?post=233843"},{"taxonomy":"post_tag","embeddable":true,"href":"https:\/\/www.europesays.com\/fr\/wp-json\/wp\/v2\/tags?post=233843"}],"curies":[{"name":"wp","href":"https:\/\/api.w.org\/{rel}","templated":true}]}}