{"id":233845,"date":"2025-07-08T00:18:14","date_gmt":"2025-07-08T00:18:14","guid":{"rendered":"https:\/\/www.europesays.com\/fr\/233845\/"},"modified":"2025-07-08T00:18:14","modified_gmt":"2025-07-08T00:18:14","slug":"le-paris-fc-reprend-lentrainement-sans-sa-nouvelle-tete-daffiche","status":"publish","type":"post","link":"https:\/\/www.europesays.com\/fr\/233845\/","title":{"rendered":"le Paris FC reprend l&rsquo;entra\u00eenement sans sa nouvelle t\u00eate d\u2019affiche"},"content":{"rendered":"<p>Alors que le Paris FC a repris l\u2019entra\u00eenement ce lundi, Moses Simons, Recrue phare de l\u2019\u00e9t\u00e9 n\u2019\u00e9tait pas pr\u00e9sent avec le promu.<\/p>\n<p class=\"fig-paragraph\"><a href=\"http:\/\/www.lefigaro.fr\/sports\/football\/difficile-de-creer-une-ambiance-dans-un-tel-stade-assume-juergen-klopp-apres-sa-visite-au-stade-charlety-du-paris-fc-20250114\" data-fig-type=\"NewsFlash\" data-gtm-custom-categorie=\"navigation\" data-gtm-custom-action=\"crossclick\" data-gtm-custom-label=\"Contextuel\" data-gtm-event=\"customEventSPE\" data-fig-domain=\"LEFIGARO\" rel=\"nofollow noopener\" target=\"_blank\">Le Paris FC<\/a>\u00a0a repris l&rsquo;entra\u00eenement collectif presque au complet pour pr\u00e9parer la saison de son retour en Ligue 1, lundi dans son centre d&rsquo;Orly (Val-de-Marne) sous la pluie.<\/p>\n<p class=\"fig-paragraph\">Seuls \u00e9taient absents la recrue\u00a0<a href=\"http:\/\/www.lefigaro.fr\/sports\/football\/transferts\/mercato-apres-moses-simons-le-paris-fc-proche-d-un-nouveau-gros-coup-en-ligue-1-20250706\" data-fig-type=\"NewsFlash\" data-gtm-custom-categorie=\"navigation\" data-gtm-custom-action=\"crossclick\" data-gtm-custom-label=\"Contextuel\" data-gtm-event=\"customEventSPE\" data-fig-domain=\"LEFIGARO\" rel=\"nofollow noopener\" target=\"_blank\">Moses Simon<\/a>, sollicit\u00e9e par le Nigeria d\u00e9but juin, et le gardien Obed Nkambadio, engag\u00e9 avec les Espoirs fran\u00e7ais \u00e0 l&rsquo;Euro, qui b\u00e9n\u00e9ficient d&rsquo;une semaine de vacances suppl\u00e9mentaire et reprendront le 14 juillet, a-t-on appris aupr\u00e8s du club promu apr\u00e8s 46 ans hors de l&rsquo;\u00e9lite. L&rsquo;autre recrue du d\u00e9but de l&rsquo;\u00e9t\u00e9, le d\u00e9fenseur de Reims Nhoa Sangui, \u00e9tait bien sur le terrain du centre d&rsquo;entra\u00eenement tremp\u00e9 par la pluie pour les premiers \u00e9changes, apr\u00e8s une s\u00e9rie de tests individuels effectu\u00e9s jeudi et vendredi.<\/p>\n<p class=\"fig-body-link\">\n            \u00c0 lire aussi<br \/>\n        <a class=\"fig-body-link__link fig-premium-mark\" href=\"http:\/\/www.lefigaro.fr\/sports\/football\/ligue-1\/mercato-budget-staff-quelles-ambitions-pour-le-paris-fc-version-famille-arnault-en-ligue-1-20250504\" data-fig-type=\"Article\" data-gtm-custom-categorie=\"navigation\" data-gtm-custom-action=\"crossclick\" data-gtm-custom-label=\"Contextuel\" data-gtm-event=\"customEventSPE\" data-fig-domain=\"LEFIGARO\" rel=\"nofollow noopener\" target=\"_blank\">Mercato, budget, staff\u2026 Quelles ambitions pour le Paris FC version famille Arnault en Ligue\u00a01\u00a0?<br \/>\n    <\/a>\n<\/p>\n<p>                                    <a class=\"fig-a11y-skip a11y-hidden\" href=\"#fig-a11y-skip-main-inarticle\"><br \/>\n        Passer la publicit\u00e9<br \/>\n    <\/a><\/p>\n<p class=\"fig-paragraph\">\u00abOn ne dirait pas un temps de juillet, mais ce sont des bonnes conditions pour travailler\u00bb, a comment\u00e9 devant les m\u00e9dias pr\u00e9sents l&rsquo;entra\u00eeneur St\u00e9phane Gilli. Les joueurs ont touch\u00e9 le ballon d\u00e8s lundi matin, \u00abcomme je le fais toujours d\u00e8s la premi\u00e8re s\u00e9ance\u00bb, a expliqu\u00e9 le technicien.<\/p>\n<p>2e journ\u00e9e de Ligue 1 contre l\u2019OM au V\u00e9lodrome<\/p>\n<p class=\"fig-paragraph\">Les tests individuels \u00abse sont tr\u00e8s bien pass\u00e9s\u00bb, a ajout\u00e9 Gilli. \u00abOn a retrouv\u00e9 des joueurs avec beaucoup d&rsquo;envie, de motivation, apr\u00e8s une belle p\u00e9riode de vacances. C&rsquo;est rare d&rsquo;avoir un mois et demi de repos, ils sont revenus dans de tr\u00e8s bonnes dispositions\u00bb.<\/p>\n<p class=\"fig-paragraph\">L&rsquo;objectif num\u00e9ro un du club est de se maintenir dans l&rsquo;\u00e9lite. \u00abBeaucoup de joueurs vont d\u00e9couvrir la Ligue 1, d&rsquo;autres qui vont la retrouver, on sait que c&rsquo;est un championnat tr\u00e8s comp\u00e9titif, un autre monde. On ne va pas se mentir, l&rsquo;objectif, c&rsquo;est d&rsquo;y rester, bien \u00e9videmment\u00bb, explique le milieu de terrain Maxime Lopez qui a d\u00e9j\u00e0 en t\u00eate le match de la deuxi\u00e8me journ\u00e9e \u00e0 Marseille, son club formateur. \u00abTout club qui monte en Ligue 1 veut se maintenir au minimum\u00bb, confirme le buteur Jean-Philippe Krasso.<\/p>\n","protected":false},"excerpt":{"rendered":"Alors que le Paris FC a repris l\u2019entra\u00eenement ce lundi, Moses Simons, Recrue phare de l\u2019\u00e9t\u00e9 n\u2019\u00e9tait pas&hellip;\n","protected":false},"author":2,"featured_media":233846,"comment_status":"","ping_status":"","sticky":false,"template":"","format":"standard","meta":{"footnotes":""},"categories":[1888],"tags":[1111,1928,11,1927,1777,674,1011,27,66,12,1926,626,445,1925,25],"class_list":{"0":"post-233845","1":"post","2":"type-post","3":"status-publish","4":"format-standard","5":"has-post-thumbnail","7":"category-paris","8":"tag-actu","9":"tag-actu-paris","10":"tag-actualites","11":"tag-actualites-paris","12":"tag-eu","13":"tag-europe","14":"tag-fr","15":"tag-france","16":"tag-ligue-1","17":"tag-news","18":"tag-news-paris","19":"tag-paris","20":"tag-paris-fc","21":"tag-paris-news","22":"tag-republique-francaise"},"share_on_mastodon":{"url":"https:\/\/pubeurope.com\/@fr\/114814747323431510","error":""},"_links":{"self":[{"href":"https:\/\/www.europesays.com\/fr\/wp-json\/wp\/v2\/posts\/233845","targetHints":{"allow":["GET"]}}],"collection":[{"href":"https:\/\/www.europesays.com\/fr\/wp-json\/wp\/v2\/posts"}],"about":[{"href":"https:\/\/www.europesays.com\/fr\/wp-json\/wp\/v2\/types\/post"}],"author":[{"embeddable":true,"href":"https:\/\/www.europesays.com\/fr\/wp-json\/wp\/v2\/users\/2"}],"replies":[{"embeddable":true,"href":"https:\/\/www.europesays.com\/fr\/wp-json\/wp\/v2\/comments?post=233845"}],"version-history":[{"count":0,"href":"https:\/\/www.europesays.com\/fr\/wp-json\/wp\/v2\/posts\/233845\/revisions"}],"wp:featuredmedia":[{"embeddable":true,"href":"https:\/\/www.europesays.com\/fr\/wp-json\/wp\/v2\/media\/233846"}],"wp:attachment":[{"href":"https:\/\/www.europesays.com\/fr\/wp-json\/wp\/v2\/media?parent=233845"}],"wp:term":[{"taxonomy":"category","embeddable":true,"href":"https:\/\/www.europesays.com\/fr\/wp-json\/wp\/v2\/categories?post=233845"},{"taxonomy":"post_tag","embeddable":true,"href":"https:\/\/www.europesays.com\/fr\/wp-json\/wp\/v2\/tags?post=233845"}],"curies":[{"name":"wp","href":"https:\/\/api.w.org\/{rel}","templated":true}]}}