{"id":233850,"date":"2025-07-08T00:21:11","date_gmt":"2025-07-08T00:21:11","guid":{"rendered":"https:\/\/www.europesays.com\/fr\/233850\/"},"modified":"2025-07-08T00:21:11","modified_gmt":"2025-07-08T00:21:11","slug":"en-russie-un-ministre-retrouve-mort-quelques-heures-apres-avoir-ete-demis-de-ses-fonctions","status":"publish","type":"post","link":"https:\/\/www.europesays.com\/fr\/233850\/","title":{"rendered":"En Russie, un ministre retrouv\u00e9 mort quelques heures apr\u00e8s avoir \u00e9t\u00e9 d\u00e9mis de ses fonctions"},"content":{"rendered":"<p>        <img decoding=\"async\" loading=\"lazy\" src=\"https:\/\/www.europesays.com\/fr\/wp-content\/uploads\/2025\/07\/ae8538c_1687765056474-gettyimages-1259010576.jpg\"  width=\"728\" height=\"409\" alt=\"En Russie, un ministre retrouv\u00e9 mort quelques heures apr\u00e8s avoir \u00e9t\u00e9 d\u00e9mis de ses fonctions\"\/>  <\/p>\n<p>Contributor \/ Getty Images<\/p>\n<p>En Russie, un ministre retrouv\u00e9 mort quelques heures apr\u00e8s avoir \u00e9t\u00e9 d\u00e9mis de ses fonctions<\/p>\n<p class=\"asset asset-text\">RUSSIE &#8211; Un d\u00e9c\u00e8s des plus suspects. Alors qu\u2019il venait d\u2019\u00eatre d\u00e9mis de ses fonctions ce lundi 7\u00a0juillet par <a href=\"https:\/\/www.huffingtonpost.fr\/international\/article\/mort-du-general-igor-kirillov-en-russie-ce-que-l-on-sait-du-suspect-ouzbek-arrete-par-moscou_243708.html\" rel=\"nofollow noopener\" target=\"_blank\">Vladimir Poutine<\/a>, le ministre\u00a0russe\u00a0des Transports, Roman Starovo\u00eft, a \u00e9t\u00e9 retrouv\u00e9 mort dans sa voiture quelques heures plus tard. <a href=\"https:\/\/www.huffingtonpost.fr\/international\/article\/piotr-kucherenko-vice-ministre-russe-meurt-mysterieusement-apres-avoir-critique-poutine_218281.html\" rel=\"nofollow noopener\" target=\"_blank\">Il s\u2019est suicid\u00e9<\/a>, a annonc\u00e9 le Comit\u00e9 d\u2019enqu\u00eate\u00a0russe\u00a0dans un communiqu\u00e9, cit\u00e9 par l\u2019AFP.<\/p>\n<p class=\"asset asset-text\">\u00ab\u00a0Le corps de l\u2019ancien ministre des Transports de la F\u00e9d\u00e9ration de Russie, Roman Vladimirovitch Starovo\u00eft, a \u00e9t\u00e9 retrouv\u00e9 aujourd\u2019hui dans sa voiture, pr\u00e9sentant une blessure par balle\u00a0\u00bb, a indiqu\u00e9 le Comit\u00e9 d\u2019enqu\u00eate, assurant que \u00ab\u00a0la th\u00e8se principale (de sa mort, ndlr) est celle d\u2019un suicide\u00a0\u00bb.<\/p>\n<p class=\"asset asset-text\">Une enqu\u00eate a \u00e9t\u00e9 ouverte pour \u00ab\u00a0\u00e9tablir\u00a0\u00bb les \u00ab\u00a0circonstances\u00a0\u00bb exactes du d\u00e9c\u00e8s de l\u2019ancien ministre, a ajout\u00e9 cette institution charg\u00e9e des principales investigations en Russie. La date exacte de sa mort n\u2019a pour l\u2019heure pas \u00e9t\u00e9 pr\u00e9cis\u00e9e par les autorit\u00e9s.<\/p>\n<p>    Pas d\u2019explication, mais pas de \u201cperte de confiance\u201d    <\/p>\n<p class=\"asset asset-text\">Roman Starovo\u00eft, 53\u00a0ans, avait \u00e9t\u00e9 nomm\u00e9 ministre des Transports en mai\u00a02024, apr\u00e8s avoir \u00e9t\u00e9 gouverneur de la r\u00e9gion de Koursk entre 2019 et 2024. Plus t\u00f4t lundi, le Kremlin avait publi\u00e9 un d\u00e9cret sign\u00e9 par Vladimir Poutine annon\u00e7ant que Roman Starovo\u00eft \u00e9tait \u00ab\u00a0d\u00e9mis de ses fonctions de ministre des Transports de la F\u00e9d\u00e9ration de Russie\u00a0\u00bb.<\/p>\n<p class=\"asset asset-text\">\u00ab\u00a0Le pr\u00e9sent d\u00e9cret entre en vigueur \u00e0 compter de la date de la signature\u00a0\u00bb, pr\u00e9cisait le document publi\u00e9 sur le site gouvernemental, sans toutefois donner d\u2019explications sur ce limogeage surprise. Dans la foul\u00e9e, Vladimir Poutine avait nomm\u00e9 comme nouveau ministre l\u2019ancien adjoint de Roman Starovo\u00eft, Andre\u00ef Nikitine.<\/p>\n<p class=\"asset asset-text\">Interrog\u00e9 sur ce remplacement, le porte-parole de la pr\u00e9sidence\u00a0russe, Dmitri Peskov, s\u2019\u00e9tait born\u00e9 \u00e0 dire lors de son point presse que \u00ab\u00a0c\u2019est la d\u00e9cision du chef de l\u2019\u00c9tat\u00a0\u00bb. \u00ab\u00a0Le d\u00e9cret ne contient pas l\u2019expression \u201cperte de confiance\u201d\u00a0\u00bb, avait-il ajout\u00e9, balayant la question d\u2019un journaliste qui lui demandait si le limogeage de Roman Starovo\u00eft \u00e9tait li\u00e9 \u00e0 une disgr\u00e2ce du ministre.<\/p>\n<p>    Un limogeage li\u00e9 \u00e0 de possibles affaires de corruption dans la r\u00e9gion de Koursk\u00a0?    <\/p>\n<p class=\"asset asset-text\">Vladimir Poutine a re\u00e7u au Kremlin le nouveau ministre Andre\u00ef Nikitine, selon la pr\u00e9sidence\u00a0russe. \u00ab\u00a0J\u2019esp\u00e8re que vous mettrez toute votre \u00e9nergie, vos connaissances, vos comp\u00e9tences et vos talents d\u2019organisateur au service de la r\u00e9solution des t\u00e2ches les plus importantes qui se posent dans le domaine\u00a0\u00bb des Transports, lui a-t-il dit.<\/p>\n<p class=\"asset asset-text\">Le remplacement de Roman Starovo\u00eft intervient au moment o\u00f9 des a\u00e9roports russes sont soumis \u00e0 des fermetures temporaires r\u00e9p\u00e9t\u00e9es en raison des attaques de drones ukrainiens, men\u00e9es par Kiev en r\u00e9ponse \u00e0 l\u2019offensive\u00a0russe\u00a0\u00e0 grande \u00e9chelle sur son territoire depuis 2022.<\/p>\n<p class=\"asset asset-text\">\u00ab\u00a0Je vais d\u2019abord m\u2019occuper de la situation dans les a\u00e9roports\u00a0\u00bb, a d\u2019ailleurs reconnu imm\u00e9diatement ce lundi le nouveau ministre Nikitine, cit\u00e9 par l\u2019agence de presse Ria Novosti.<\/p>\n<p class=\"asset asset-text\">Des m\u00e9dias russes ont par ailleurs \u00e9voqu\u00e9 une hypoth\u00e8se selon laquelle le limogeage de Roman Starovo\u00eft est li\u00e9 \u00e0 de possibles affaires de corruption dans la r\u00e9gion de Koursk. Le minist\u00e8re\u00a0russe\u00a0des Transports g\u00e8re aussi le dossier des travaux de construction et de r\u00e9novation des routes dans les territoires ukrainiens occup\u00e9s, dans un secteur o\u00f9 la corruption est courante.<\/p>\n","protected":false},"excerpt":{"rendered":"Contributor \/ Getty Images En Russie, un ministre retrouv\u00e9 mort quelques heures apr\u00e8s avoir \u00e9t\u00e9 d\u00e9mis de ses&hellip;\n","protected":false},"author":2,"featured_media":233851,"comment_status":"","ping_status":"","sticky":false,"template":"","format":"standard","meta":{"footnotes":""},"categories":[1591],"tags":[11,1887,14,4998,12,1885,1886,132],"class_list":{"0":"post-233850","1":"post","2":"type-post","3":"status-publish","4":"format-standard","5":"has-post-thumbnail","7":"category-russie","8":"tag-actualites","9":"tag-federation-de-russie","10":"tag-international","11":"tag-kremlin","12":"tag-news","13":"tag-russia","14":"tag-russian-federation","15":"tag-russie"},"share_on_mastodon":{"url":"https:\/\/pubeurope.com\/@fr\/114814758897961070","error":""},"_links":{"self":[{"href":"https:\/\/www.europesays.com\/fr\/wp-json\/wp\/v2\/posts\/233850","targetHints":{"allow":["GET"]}}],"collection":[{"href":"https:\/\/www.europesays.com\/fr\/wp-json\/wp\/v2\/posts"}],"about":[{"href":"https:\/\/www.europesays.com\/fr\/wp-json\/wp\/v2\/types\/post"}],"author":[{"embeddable":true,"href":"https:\/\/www.europesays.com\/fr\/wp-json\/wp\/v2\/users\/2"}],"replies":[{"embeddable":true,"href":"https:\/\/www.europesays.com\/fr\/wp-json\/wp\/v2\/comments?post=233850"}],"version-history":[{"count":0,"href":"https:\/\/www.europesays.com\/fr\/wp-json\/wp\/v2\/posts\/233850\/revisions"}],"wp:featuredmedia":[{"embeddable":true,"href":"https:\/\/www.europesays.com\/fr\/wp-json\/wp\/v2\/media\/233851"}],"wp:attachment":[{"href":"https:\/\/www.europesays.com\/fr\/wp-json\/wp\/v2\/media?parent=233850"}],"wp:term":[{"taxonomy":"category","embeddable":true,"href":"https:\/\/www.europesays.com\/fr\/wp-json\/wp\/v2\/categories?post=233850"},{"taxonomy":"post_tag","embeddable":true,"href":"https:\/\/www.europesays.com\/fr\/wp-json\/wp\/v2\/tags?post=233850"}],"curies":[{"name":"wp","href":"https:\/\/api.w.org\/{rel}","templated":true}]}}