{"id":233858,"date":"2025-07-08T00:25:10","date_gmt":"2025-07-08T00:25:10","guid":{"rendered":"https:\/\/www.europesays.com\/fr\/233858\/"},"modified":"2025-07-08T00:25:10","modified_gmt":"2025-07-08T00:25:10","slug":"maroc-allemagne-le-nouveau-chef-de-la-diplomatie-allemande-prone-un-partenariat-strategique-renforce","status":"publish","type":"post","link":"https:\/\/www.europesays.com\/fr\/233858\/","title":{"rendered":"Maroc \/ Allemagne \u2013 Le nouveau chef de la diplomatie allemande pr\u00f4ne un partenariat strat\u00e9gique renforc\u00e9"},"content":{"rendered":"<p>            <a href=\"https:\/\/article19.ma\/accueil\/wp-content\/uploads\/2025\/07\/image-44.png\" data-caption=\"\" rel=\"nofollow noopener\" target=\"_blank\"><img loading=\"lazy\" decoding=\"async\" width=\"696\" height=\"406\" class=\"entry-thumb td-modal-image\" src=\"https:\/\/www.europesays.com\/fr\/wp-content\/uploads\/2025\/07\/image-44-696x406.png\"   alt=\"\" title=\"image (44)\"\/><\/a><\/p>\n<p style=\"text-align: justify;\"><strong>\u2014 Johann David Wadephul et Nasser Bourita r\u00e9affirment la dynamique positive des relations bilat\u00e9rales<\/strong><\/p>\n<p style=\"text-align: justify;\">Le nouveau ministre allemand des Affaires \u00e9trang\u00e8res, Johann David Wadephul, a salu\u00e9, lundi, la solidit\u00e9 et la diversit\u00e9 des relations de coop\u00e9ration entre l\u2019Allemagne et le Maroc, couvrant notamment les secteurs de l\u2019\u00e9conomie, de l\u2019\u00e9nergie et de l\u2019emploi.<\/p>\n<p><a class=\"gofollow\" data-track=\"NTgwLDIsMSwxMA==\" href=\"https:\/\/www.instagram.com\/ntla9awfbladna\/\" rel=\"nofollow noopener\" target=\"_blank\"><img target=\"_blank\"\/><img decoding=\"async\" src=\"https:\/\/www.europesays.com\/fr\/wp-content\/uploads\/2025\/07\/SURF-300x250-100.jpg\" style=\"width:300px;height:250px;\" border:none=\"\"\/><\/a><\/p>\n<p style=\"text-align: justify;\">Lors d\u2019un entretien t\u00e9l\u00e9phonique, le premier depuis sa prise de fonctions, Johann David Wadephul et son homologue marocain, Nasser Bourita, ministre des Affaires \u00e9trang\u00e8res, de la Coop\u00e9ration africaine et des Marocains r\u00e9sidant \u00e0 l\u2019\u00e9tranger, ont soulign\u00e9 l\u2019excellence des relations bilat\u00e9rales.<\/p>\n<p style=\"text-align: justify;\">Les deux responsables ont r\u00e9affirm\u00e9 leur engagement commun \u00e0 consolider cette dynamique positive et \u00e0 ouvrir de nouvelles perspectives de partenariat.<\/p>\n<p style=\"text-align: justify;\"><strong>Poursuite du Dialogue Strat\u00e9gique lanc\u00e9 en 2022<\/strong><\/p>\n<p style=\"text-align: justify;\">Les deux ministres ont convenu de poursuivre le Dialogue Strat\u00e9gique instaur\u00e9 par la D\u00e9claration conjointe de Rabat en 2022. Ce cadre de coop\u00e9ration, copr\u00e9sid\u00e9 de mani\u00e8re r\u00e9guli\u00e8re et structur\u00e9e, permettra d\u2019approfondir le partenariat dans des domaines prioritaires. La prochaine session de ce Dialogue se tiendra \u00e0 Rabat.<\/p>\n<p style=\"text-align: justify;\">M. Wadephul a exprim\u00e9 sa volont\u00e9 d\u2019entretenir une collaboration active avec M. Bourita dans le cadre de ce m\u00e9canisme structurant.<\/p>\n<p style=\"text-align: justify;\">Enfin, les deux parties ont soulign\u00e9 l\u2019importance de renforcer leur concertation et leur coordination sur les questions r\u00e9gionales et internationales d\u2019int\u00e9r\u00eat commun, notamment celles rev\u00eatant un caract\u00e8re strat\u00e9gique et prioritaire pour les deux nations.<\/p>\n<p style=\"text-align: justify;\"><a href=\"http:\/\/Article19.ma\" rel=\"nofollow noopener\" target=\"_blank\"><strong>Article19.ma<\/strong><\/a><\/p>\n<p>        <script async src=\"\/\/www.instagram.com\/embed.js\"><\/script><\/p>\n","protected":false},"excerpt":{"rendered":"\u2014 Johann David Wadephul et Nasser Bourita r\u00e9affirment la dynamique positive des relations bilat\u00e9rales Le nouveau ministre allemand&hellip;\n","protected":false},"author":2,"featured_media":233859,"comment_status":"","ping_status":"","sticky":false,"template":"","format":"standard","meta":{"footnotes":""},"categories":[1587],"tags":[11,672,1804,1805,1803,1777,674,1801,12,1802],"class_list":{"0":"post-233858","1":"post","2":"type-post","3":"status-publish","4":"format-standard","5":"has-post-thumbnail","7":"category-allemagne","8":"tag-actualites","9":"tag-allemagne","10":"tag-bundesrepublik-deutschland","11":"tag-de","12":"tag-deutschland","13":"tag-eu","14":"tag-europe","15":"tag-germany","16":"tag-news","17":"tag-republique-federale-dallemagne"},"share_on_mastodon":{"url":"https:\/\/pubeurope.com\/@fr\/114814774607387353","error":""},"_links":{"self":[{"href":"https:\/\/www.europesays.com\/fr\/wp-json\/wp\/v2\/posts\/233858","targetHints":{"allow":["GET"]}}],"collection":[{"href":"https:\/\/www.europesays.com\/fr\/wp-json\/wp\/v2\/posts"}],"about":[{"href":"https:\/\/www.europesays.com\/fr\/wp-json\/wp\/v2\/types\/post"}],"author":[{"embeddable":true,"href":"https:\/\/www.europesays.com\/fr\/wp-json\/wp\/v2\/users\/2"}],"replies":[{"embeddable":true,"href":"https:\/\/www.europesays.com\/fr\/wp-json\/wp\/v2\/comments?post=233858"}],"version-history":[{"count":0,"href":"https:\/\/www.europesays.com\/fr\/wp-json\/wp\/v2\/posts\/233858\/revisions"}],"wp:featuredmedia":[{"embeddable":true,"href":"https:\/\/www.europesays.com\/fr\/wp-json\/wp\/v2\/media\/233859"}],"wp:attachment":[{"href":"https:\/\/www.europesays.com\/fr\/wp-json\/wp\/v2\/media?parent=233858"}],"wp:term":[{"taxonomy":"category","embeddable":true,"href":"https:\/\/www.europesays.com\/fr\/wp-json\/wp\/v2\/categories?post=233858"},{"taxonomy":"post_tag","embeddable":true,"href":"https:\/\/www.europesays.com\/fr\/wp-json\/wp\/v2\/tags?post=233858"}],"curies":[{"name":"wp","href":"https:\/\/api.w.org\/{rel}","templated":true}]}}