{"id":233865,"date":"2025-07-08T00:29:14","date_gmt":"2025-07-08T00:29:14","guid":{"rendered":"https:\/\/www.europesays.com\/fr\/233865\/"},"modified":"2025-07-08T00:29:14","modified_gmt":"2025-07-08T00:29:14","slug":"netanyahou-a-la-maison-blanche-pour-un-cessez-le-feu-a-gaza","status":"publish","type":"post","link":"https:\/\/www.europesays.com\/fr\/233865\/","title":{"rendered":"Netanyahou \u00e0 la Maison-Blanche pour un cessez-le-feu \u00e0 Gaza"},"content":{"rendered":"<p><strong>R\u00c9CIT <\/strong>&#8211; Victorieux militairement, le premier ministre isra\u00e9lien doit \u00e0 pr\u00e9sent prendre en compte les demandes de Trump d\u2019un accord avec le Hamas.<\/p>\n<p class=\"fig-paragraph\">Netanyahou est de retour \u00e0 Washington\u00a0<a href=\"http:\/\/www.lefigaro.fr\/international\/a-washington-netanyahou-face-a-un-trump-decide-a-arracher-un-cessez-le-feu-dans-la-bande-de-gaza-20250706\" data-fig-type=\"Article\" data-gtm-custom-categorie=\"navigation\" data-gtm-custom-action=\"crossclick\" data-gtm-custom-label=\"Contextuel\" data-gtm-event=\"customEventSPE\" data-fig-domain=\"LEFIGARO\" target=\"_blank\" rel=\"noopener\">pour une troisi\u00e8me rencontre avec Donald Trump<\/a>, au cours de laquelle\u00a0<a href=\"http:\/\/www.lefigaro.fr\/international\/dossier\/attaque-du-hamas-contre-israel-le-point-sur-la-situation\" data-fig-type=\"Topic\" data-gtm-custom-categorie=\"navigation\" data-gtm-custom-action=\"crossclick\" data-gtm-custom-label=\"Contextuel\" data-gtm-event=\"customEventSPE\" data-fig-domain=\"LEFIGARO\" target=\"_blank\" rel=\"noopener\">un cessez-le-feu avec Gaza<\/a>\u00a0pourrait \u00eatre annonc\u00e9. \u00ab\u00a0Je pense qu\u2019il y a de bonnes chances que nous parvenions \u00e0 un accord avec le Hamas\u2026 au cours de la semaine\u00a0\u00bb, a dit Trump \u00e0 des journalistes dimanche. Netanyahou a sembl\u00e9 confirmer cette possibilit\u00e9. \u00ab\u00a0Nous travaillons \u00e0 conclure l\u2019accord selon les termes que nous avons convenus\u00a0\u00bb, a dit le\u00a0<a href=\"http:\/\/www.lefigaro.fr\/international\/treve-a-gaza-negociations-attendues-a-doha-avant-une-rencontre-netanyahou-trump-20250706\" data-fig-type=\"NewsFlash\" data-gtm-custom-categorie=\"navigation\" data-gtm-custom-action=\"crossclick\" data-gtm-custom-label=\"Contextuel\" data-gtm-event=\"customEventSPE\" data-fig-domain=\"LEFIGARO\" target=\"_blank\" rel=\"noopener\">premier ministre isra\u00e9lien<\/a>\u00a0avant son d\u00e9part dimanche pour les \u00c9tats-Unis. \u00ab\u00a0Notre conversation avec le pr\u00e9sident am\u00e9ricain Donald Trump peut certainement faire avancer le r\u00e9sultat que nous esp\u00e9rons tous.\u00a0\u00bb<\/p>\n<p class=\"fig-paragraph\">La visite du premier ministre isra\u00e9lien intervient deux semaines\u00a0<a href=\"http:\/\/www.lefigaro.fr\/international\/dossier\/frappes-d-israel-sur-l-iran-notre-dossier-pour-tout-comprendre\" data-fig-type=\"Topic\" data-gtm-custom-categorie=\"navigation\" data-gtm-custom-action=\"crossclick\" data-gtm-custom-label=\"Contextuel\" data-gtm-event=\"customEventSPE\" data-fig-domain=\"LEFIGARO\" target=\"_blank\" rel=\"noopener\">apr\u00e8s la fin de la \u00ab\u00a0guerre de Douze-Jours\u00a0\u00bb entre Isra\u00ebl et l\u2019Iran<\/a>, comme l\u2019avait baptis\u00e9e le pr\u00e9sident am\u00e9ricain. Trump s\u2019\u00e9tait joint \u00e0 la campagne a\u00e9rienne isra\u00e9lienne par un raid strat\u00e9gique contre les installations nucl\u00e9aires iraniennes, avant d\u2019imposer un\u2026<\/p>\n<p class=\"fig-premium-paywall__infos\">\n        Cet article est r\u00e9serv\u00e9 aux abonn\u00e9s.        Il vous reste 83% \u00e0 d\u00e9couvrir.\n    <\/p>\n<p>                <img  data- alt=\"Le Figaro\" class=\"fig-img--complete fig-img\"\/><\/p>\n<p class=\"fig-premium-paywall__title\">Vous avez envie de lire la suite ?<\/p>\n<p class=\"fig-premium-paywall__subtitle\">D\u00e9bloquez tous les articles imm\u00e9diatement.<\/p>\n<p class=\"fig-premium-paywall__connect\">\n                D\u00e9j\u00e0 abonn\u00e9\u00a0?                <a class=\"fig-premium-paywall__connect-link\" href=\"https:\/\/connect.lefigaro.fr\/login?client=horizon_web&amp;type=main&amp;redirect_uri=https%3A%2F%2Fwww.lefigaro.fr%2Finternational%2Fnotre-conversation-avec-trump-peut-faire-avancer-ce-que-nous-esperons-tous-netanyahou-a-la-maison-blanche-pour-un-cessez-le-feu-a-gaza-20250707\" data-js-gtm=\"{&quot;customCategorie&quot;: &quot;conversion&quot;, &quot;customAction&quot;: &quot;before_Landing_Connexion_paywall_auto&quot;, &quot;customLabel&quot;: &quot;bGVmaWdhcm8uZnJfXzFmMDViMmUyLWU2NzQtNjZiYy1iZjcwLTg1ZWFjN2NhNTM4M19fQXJ0aWNsZQ==_\u00abNotre conversation avec Trump peut faire avancer ce que nous esp\u00e9rons tous\u00bb: Netanyahou \u00e0 la Maison-Blanche pour un cessez-le-feu \u00e0 Gaza_329&quot;, &quot;customIDSPE&quot;: &quot;bGVmaWdhcm8uZnJfXzFmMDViMmUyLWU2NzQtNjZiYy1iZjcwLTg1ZWFjN2NhNTM4M19fQXJ0aWNsZQ==&quot;, &quot;event&quot;: &quot;customEventSPE&quot;}\" target=\"_blank\" rel=\"noopener\"><br \/>\n                    Connectez-vous<br \/>\n                <\/a>\n            <\/p>\n","protected":false},"excerpt":{"rendered":"R\u00c9CIT &#8211; Victorieux militairement, le premier ministre isra\u00e9lien doit \u00e0 pr\u00e9sent prendre en compte les demandes de Trump&hellip;\n","protected":false},"author":2,"featured_media":233866,"comment_status":"","ping_status":"","sticky":false,"template":"","format":"standard","meta":{"footnotes":""},"categories":[2],"tags":[11,952,75,1011,27,12,25],"class_list":{"0":"post-233865","1":"post","2":"type-post","3":"status-publish","4":"format-standard","5":"has-post-thumbnail","7":"category-actualites","8":"tag-actualites","9":"tag-benyamin-netanyahou","10":"tag-donald-trump","11":"tag-fr","12":"tag-france","13":"tag-news","14":"tag-republique-francaise"},"share_on_mastodon":{"url":"https:\/\/pubeurope.com\/@fr\/114814790332262052","error":""},"_links":{"self":[{"href":"https:\/\/www.europesays.com\/fr\/wp-json\/wp\/v2\/posts\/233865","targetHints":{"allow":["GET"]}}],"collection":[{"href":"https:\/\/www.europesays.com\/fr\/wp-json\/wp\/v2\/posts"}],"about":[{"href":"https:\/\/www.europesays.com\/fr\/wp-json\/wp\/v2\/types\/post"}],"author":[{"embeddable":true,"href":"https:\/\/www.europesays.com\/fr\/wp-json\/wp\/v2\/users\/2"}],"replies":[{"embeddable":true,"href":"https:\/\/www.europesays.com\/fr\/wp-json\/wp\/v2\/comments?post=233865"}],"version-history":[{"count":0,"href":"https:\/\/www.europesays.com\/fr\/wp-json\/wp\/v2\/posts\/233865\/revisions"}],"wp:featuredmedia":[{"embeddable":true,"href":"https:\/\/www.europesays.com\/fr\/wp-json\/wp\/v2\/media\/233866"}],"wp:attachment":[{"href":"https:\/\/www.europesays.com\/fr\/wp-json\/wp\/v2\/media?parent=233865"}],"wp:term":[{"taxonomy":"category","embeddable":true,"href":"https:\/\/www.europesays.com\/fr\/wp-json\/wp\/v2\/categories?post=233865"},{"taxonomy":"post_tag","embeddable":true,"href":"https:\/\/www.europesays.com\/fr\/wp-json\/wp\/v2\/tags?post=233865"}],"curies":[{"name":"wp","href":"https:\/\/api.w.org\/{rel}","templated":true}]}}