{"id":233869,"date":"2025-07-08T00:33:09","date_gmt":"2025-07-08T00:33:09","guid":{"rendered":"https:\/\/www.europesays.com\/fr\/233869\/"},"modified":"2025-07-08T00:33:09","modified_gmt":"2025-07-08T00:33:09","slug":"tensions-en-australie-giteau-recadre-campese-apres-des-propos-polemiques","status":"publish","type":"post","link":"https:\/\/www.europesays.com\/fr\/233869\/","title":{"rendered":"Tensions en Australie : Giteau recadre Campese apr\u00e8s des propos pol\u00e9miques !"},"content":{"rendered":"<p>Deux icones du rugby Australien ne sont clairement plus sur la m\u00eame longueur d\u2019onde.<\/p>\n<p>La tourn\u00e9e estivale bat son plein, mais en Australie, ce n\u2019est pas uniquement le rugby sur le terrain qui fait parler. Deux figures majeures du XV australien ont \u00e9chang\u00e9 \u00e0 distance dans un climat \u00e9lectrique.<\/p>\n<p>Matt Giteau, ancien cadre des Wallabies (103 s\u00e9lections), a publiquement exprim\u00e9 son agacement envers David Campese, l\u00e9gende vivante du rugby mondial et champion du monde en 1991, aujourd\u2019hui reconverti en chroniqueur.<\/p>\n<p>Connue pour ses prises de position \u00e0 la fois tranch\u00e9es et controvers\u00e9es, la plume de David Campese sur le site Planet Rugby agace, et pas qu\u2019un peu. Ses critiques virulentes, souvent dirig\u00e9es vers des figures du rugby actuel, ne passent plus aupr\u00e8s de certains anciens internationaux, \u00e0 commencer par Giteau.<\/p>\n<p><strong>Sur Twitter, l\u2019ancien trois-quarts centre de Toulon a exprim\u00e9 son ras-le-bol :<\/strong><\/p>\n<p>\u00ab Je respecte Campo en tant que joueur et en tant que personne, mais il doit arr\u00eater de faire ces commentaires stupides. Plus il parlera du jeu comme il le fait, moins les gens se souviendront de lui comme du g\u00e9nie qu\u2019il \u00e9tait \u00bb, a-t-il d\u00e9clar\u00e9, pointant du doigt la d\u00e9t\u00e9rioration de l\u2019image de Campese au fil de ses sorties m\u00e9diatiques.<\/p>\n<p>Farrell, la derni\u00e8re cible en date<\/p>\n<p><strong>La pol\u00e9mique est r\u00e9cemment mont\u00e9e d\u2019un cran apr\u00e8s une chronique particuli\u00e8rement acide visant Owen Farrell. L\u2019ex-star australienne avait raill\u00e9 le demi d\u2019ouverture anglais en d\u00e9clarant :<\/strong><\/p>\n<p>\u00ab Qu\u2019il a quitt\u00e9 Paris la queue entre les jambes et une r\u00e9putation qui en a p\u00e2ti. \u00bb<\/p>\n<p><strong>Une sortie peu \u00e9l\u00e9gante qui a fait grincer des dents, d\u2019autant que Farrell a r\u00e9cemment \u00e9t\u00e9 rappel\u00e9 en s\u00e9lection par son p\u00e8re, Andy Farrell, s\u00e9lectionneur des Lions britanniques et irlandais. Un choix que Campese a fustig\u00e9 sans d\u00e9tour :<\/strong><\/p>\n<p>\u00ab J\u2019ai toujours respect\u00e9 le nom de Farrell mais c\u2019est un choix faible de la part de papa. Je ne m\u2019attendais pas \u00e0 un choix faible de sa part. \u00bb<\/p>\n<p>Respect sur le terrain, d\u00e9saccord en dehors<\/p>\n<p>Si Matt Giteau n\u2019enl\u00e8ve rien \u00e0 l\u2019immense carri\u00e8re de son a\u00een\u00e9, il d\u00e9plore l\u2019attitude et la ligne \u00e9ditoriale actuelle de Campese. Cette prise de parole publique illustre une fracture grandissante entre certaines figures historiques du rugby et les attentes modernes en mati\u00e8re de communication et de respect entre g\u00e9n\u00e9rations.<\/p>\n<p>Dans un sport o\u00f9 l\u2019h\u00e9ritage compte autant que les performances, la fronti\u00e8re entre franc-parler et propos d\u00e9plac\u00e9s semble de plus en plus fine. Et pour certains, Campese l\u2019a d\u00e9sormais franchie.<\/p>\n","protected":false},"excerpt":{"rendered":"Deux icones du rugby Australien ne sont clairement plus sur la m\u00eame longueur d\u2019onde. La tourn\u00e9e estivale bat&hellip;\n","protected":false},"author":2,"featured_media":233870,"comment_status":"","ping_status":"","sticky":false,"template":"","format":"standard","meta":{"footnotes":""},"categories":[1416],"tags":[1011,27,479,1468,60],"class_list":{"0":"post-233869","1":"post","2":"type-post","3":"status-publish","4":"format-standard","5":"has-post-thumbnail","7":"category-rugby","8":"tag-fr","9":"tag-france","10":"tag-rugby","11":"tag-rugby-football","12":"tag-sports"},"share_on_mastodon":{"url":"https:\/\/pubeurope.com\/@fr\/114814805862768516","error":""},"_links":{"self":[{"href":"https:\/\/www.europesays.com\/fr\/wp-json\/wp\/v2\/posts\/233869","targetHints":{"allow":["GET"]}}],"collection":[{"href":"https:\/\/www.europesays.com\/fr\/wp-json\/wp\/v2\/posts"}],"about":[{"href":"https:\/\/www.europesays.com\/fr\/wp-json\/wp\/v2\/types\/post"}],"author":[{"embeddable":true,"href":"https:\/\/www.europesays.com\/fr\/wp-json\/wp\/v2\/users\/2"}],"replies":[{"embeddable":true,"href":"https:\/\/www.europesays.com\/fr\/wp-json\/wp\/v2\/comments?post=233869"}],"version-history":[{"count":0,"href":"https:\/\/www.europesays.com\/fr\/wp-json\/wp\/v2\/posts\/233869\/revisions"}],"wp:featuredmedia":[{"embeddable":true,"href":"https:\/\/www.europesays.com\/fr\/wp-json\/wp\/v2\/media\/233870"}],"wp:attachment":[{"href":"https:\/\/www.europesays.com\/fr\/wp-json\/wp\/v2\/media?parent=233869"}],"wp:term":[{"taxonomy":"category","embeddable":true,"href":"https:\/\/www.europesays.com\/fr\/wp-json\/wp\/v2\/categories?post=233869"},{"taxonomy":"post_tag","embeddable":true,"href":"https:\/\/www.europesays.com\/fr\/wp-json\/wp\/v2\/tags?post=233869"}],"curies":[{"name":"wp","href":"https:\/\/api.w.org\/{rel}","templated":true}]}}