{"id":233880,"date":"2025-07-08T00:40:20","date_gmt":"2025-07-08T00:40:20","guid":{"rendered":"https:\/\/www.europesays.com\/fr\/233880\/"},"modified":"2025-07-08T00:40:20","modified_gmt":"2025-07-08T00:40:20","slug":"pierre-sled-lex-epoux-de-sophie-davant-evoque-leurs-enfants-valentine-et-nicolas","status":"publish","type":"post","link":"https:\/\/www.europesays.com\/fr\/233880\/","title":{"rendered":"Pierre Sled, l\u2019ex-\u00e9poux de Sophie Davant, \u00e9voque leurs enfants Valentine et Nicolas"},"content":{"rendered":"<p>Pierre Sled est un p\u00e8re admiratif de sa fille et son fils. Le journaliste de 66 ans a donn\u00e9 des nouvelles de Valentine et Nicolas, ses enfants n\u00e9s de son mariage avec l&rsquo;animatrice Sophie Davant.<\/p>\n<p>Mari\u00e9s pendant plus de vingt ans mais unis \u00e0 vie gr\u00e2ce \u00e0 leurs enfants, Sophie Davant et Pierre Sled ont tous les deux retrouv\u00e9 l&rsquo;amour. L&rsquo;animatrice est sur un petit nuage depuis qu&rsquo;elle a officialis\u00e9<a href=\"https:\/\/www.programme-tv.net\/news\/people\/382458-sophie-davant-et-william-leymergie-retour-sur-leur-histoire-d-amour-nee-apres-un-deuil-difficile\/\" data-api-deeplink=\"teleloisirs:\/\/news\/382458\" target=\"_blank\" rel=\"noopener\"> sa relation avec William Leymergie<\/a>. Le journaliste sportif a quant \u00e0 lui \u00e9pous\u00e9 <a href=\"https:\/\/www.programme-tv.net\/news\/people\/333149-pierre-sled-amoureux-lex-mari-de-sophie-davant-pose-avec-sa-nouvelle-compagne-lors-de-leur-sejour-en-italie\/\" data-api-deeplink=\"teleloisirs:\/\/news\/333149\" target=\"_blank\" rel=\"noopener\">Barbara Ricevuto<\/a>, une directrice artistique d&rsquo;origine italienne. Le lien \u00e9vident entre ces ex-amoureux est donc leurs prog\u00e9nitures : <a href=\"https:\/\/www.programme-tv.net\/news\/people\/372602-une-famille-soudee-valentine-sled-la-fille-de-sophie-davant-reagit-a-l-arret-de-l-emission-de-william-leymergie\/\" data-api-deeplink=\"teleloisirs:\/\/news\/372602\" target=\"_blank\" rel=\"noopener\">Valentine<\/a>, 29 ans, et <a href=\"https:\/\/www.programme-tv.net\/news\/people\/246906-qui-sont-valentine-et-nicolas-les-enfants-de-sophie-davant\/\" data-api-deeplink=\"teleloisirs:\/\/news\/246906\" target=\"_blank\" rel=\"noopener\">Nicolas<\/a>, \u00e2g\u00e9 de 31 ans, deux brillants jeunes adultes qui \u00e9voluent dans des milieux bien diff\u00e9rents.<\/p>\n<p>Pierre Sled donne des nouvelles de ses deux enfants avec Sophie Davant<\/p>\n<p>Associ\u00e9 dans la culture populaire \u00e0 la saison estivale en raison de l&rsquo;\u00e9mission L&rsquo;\u00e9t\u00e9 de tous les records qu&rsquo;il pr\u00e9sentait de 2003 \u00e0 2005 sur une cha\u00eene du service public, Pierre Sled s&rsquo;est entretenu avec nos confr\u00e8res de<a href=\"https:\/\/www.gala.fr\/l_actu\/news_de_stars\/exclu-sophie-davant-son-ex-mari-pierre-sled-emouvant-sur-leurs-enfants-je-suis-fier-d-eux-20250707\" target=\"_blank\" rel=\"noopener\"> Gala.fr<\/a>. Dans une interview parue ce lundi 7\u00a0juillet, le sexag\u00e9naire a donn\u00e9 des nouvelles de ses petits devenus grands. Et il se targue de leur r\u00e9ussite\u00a0! \u00ab\u00a0Mon fils a un super job. Il travaille dans une \u00e9norme bo\u00eete \u00e0 l\u2019international, <b>il est tr\u00e8s \u00e9panoui et il vient de se marier\u00a0\u00bb<\/b>, a r\u00e9v\u00e9l\u00e9 celui qui a \u00e9pous\u00e9 sa nouvelle compagne \u00e0 Rome. L&rsquo;\u00e9volution de la cadette de la fratrie est \u00e9galement tr\u00e8s positive. \u00ab\u00a0Elle fait un peu le m\u00eame m\u00e9tier. Elle est tomb\u00e9e moins loin du nid.<a href=\"https:\/\/www.programme-tv.net\/news\/tv\/375109-faire-attention-a-valentine-sled-qui-anime-une-emission-sur-france-3-confie-ce-precieux-conseil-de-ses-parents-sophie-davant-et-pierre-sled\/\" data-api-deeplink=\"teleloisirs:\/\/news\/375109\" target=\"_blank\" rel=\"noopener\"> Elle est critique gastronomique et elle fait une \u00e9mission culinaire sur France 3<\/a>. <b>Je suis vraiment tr\u00e8s fier de mes deux enfants<\/b>\u00ab\u00a0, assure le papa qui est d\u00e9j\u00e0 apparu \u00e0 la t\u00e9l\u00e9 \u00e0 leurs c\u00f4t\u00e9s.<\/p>\n<p>                        Pierre Sled aux premi\u00e8res loges pour aider ses enfants<\/p>\n<p>Au-del\u00e0 d&rsquo;admirer leurs carri\u00e8res \u00e0 distance, Pierre Sled tente aussi d&rsquo;impacter Valentine et Nicolas en leur donnant des conseils \u00ab\u00a0surtout \u00e0 [s]a fille\u00a0\u00bb, lui qui a multipli\u00e9 les exp\u00e9riences journalistiques dans diverses sph\u00e8res. \u00ab\u00a0Elle en tient plus ou moins compte\u00a0\u00bb, constate-t-il. Ce dernier n&rsquo;est pas toujours utile pour aiguiller son a\u00een\u00e9 au travail. Et pour cause&#8230; \u00ab\u00a0Je ne pourrai pas vraiment l\u2019aider car il est dans l\u2019intelligence artificielle. Je lui donne des conseils strat\u00e9giques mais pas professionnels\u00a0\u00bb, nuance l&rsquo;homme qui f\u00eatera ses 66 ans dans dix-huit jours.<\/p>\n","protected":false},"excerpt":{"rendered":"Pierre Sled est un p\u00e8re admiratif de sa fille et son fils. Le journaliste de 66 ans a&hellip;\n","protected":false},"author":2,"featured_media":233881,"comment_status":"","ping_status":"","sticky":false,"template":"","format":"standard","meta":{"footnotes":""},"categories":[1359],"tags":[244,58,59,1011,27,973,37266,32401,37267],"class_list":{"0":"post-233880","1":"post","2":"type-post","3":"status-publish","4":"format-standard","5":"has-post-thumbnail","7":"category-people","8":"tag-commentaire","9":"tag-divertissement","10":"tag-entertainment","11":"tag-fr","12":"tag-france","13":"tag-people","14":"tag-pierre-sled","15":"tag-sophie-davant","16":"tag-valentine-sled"},"share_on_mastodon":{"url":"https:\/\/pubeurope.com\/@fr\/114814833315913074","error":""},"_links":{"self":[{"href":"https:\/\/www.europesays.com\/fr\/wp-json\/wp\/v2\/posts\/233880","targetHints":{"allow":["GET"]}}],"collection":[{"href":"https:\/\/www.europesays.com\/fr\/wp-json\/wp\/v2\/posts"}],"about":[{"href":"https:\/\/www.europesays.com\/fr\/wp-json\/wp\/v2\/types\/post"}],"author":[{"embeddable":true,"href":"https:\/\/www.europesays.com\/fr\/wp-json\/wp\/v2\/users\/2"}],"replies":[{"embeddable":true,"href":"https:\/\/www.europesays.com\/fr\/wp-json\/wp\/v2\/comments?post=233880"}],"version-history":[{"count":0,"href":"https:\/\/www.europesays.com\/fr\/wp-json\/wp\/v2\/posts\/233880\/revisions"}],"wp:featuredmedia":[{"embeddable":true,"href":"https:\/\/www.europesays.com\/fr\/wp-json\/wp\/v2\/media\/233881"}],"wp:attachment":[{"href":"https:\/\/www.europesays.com\/fr\/wp-json\/wp\/v2\/media?parent=233880"}],"wp:term":[{"taxonomy":"category","embeddable":true,"href":"https:\/\/www.europesays.com\/fr\/wp-json\/wp\/v2\/categories?post=233880"},{"taxonomy":"post_tag","embeddable":true,"href":"https:\/\/www.europesays.com\/fr\/wp-json\/wp\/v2\/tags?post=233880"}],"curies":[{"name":"wp","href":"https:\/\/api.w.org\/{rel}","templated":true}]}}