{"id":233894,"date":"2025-07-08T00:48:17","date_gmt":"2025-07-08T00:48:17","guid":{"rendered":"https:\/\/www.europesays.com\/fr\/233894\/"},"modified":"2025-07-08T00:48:17","modified_gmt":"2025-07-08T00:48:17","slug":"jade-hallyday-en-bikini-rouge-sur-la-toile-la-soeur-de-joy-vivement-critiquee-respectez-vous","status":"publish","type":"post","link":"https:\/\/www.europesays.com\/fr\/233894\/","title":{"rendered":"Jade Hallyday en bikini rouge sur la Toile, la s\u0153ur de Joy vivement critiqu\u00e9e : \u00ab\u00a0Respectez-vous !\u00a0\u00bb"},"content":{"rendered":"<p>\u00catre \u00ab\u00a0fille de\u00a0\u00bb n\u2019est pas toujours facile \u00e0 vivre et Jade et Joy<br \/>\nen savent malheureusement quelque chose. Adopt\u00e9es par Johnny<br \/>\nHallyday et Laeticia en 2004 et 2008, les deux jeunes filles font<br \/>\nl\u2019objet de nombreuses critiques depuis quelques ann\u00e9es. Alors que<br \/>\nleurs relations avec Laura Smet et David Hallyday ne sont pas<br \/>\nfranchement au beau fixe, Jade et Joy doivent en plus faire face au<br \/>\ncyberharc\u00e8lement. Il n\u2019est en effet pas rare que les deux s\u0153urs<br \/>\ns\u2019affichent en maillot de bain sur les r\u00e9seaux sociaux, ce qui a le<br \/>\ndon d\u2019agacer certains de leurs abonn\u00e9s.<\/p>\n<p>Jade et Joy constamment en proie aux critiques<\/p>\n<p>Les haters \u00e9tant nombreux, <strong>Jade et Joy n\u2019\u00e9chappent<br \/>\n\u00e9videmment pas aux commentaires haineux<\/strong> sous chacune de<br \/>\nleurs publications. Il y a quelques semaines, Joy en faisait encore<br \/>\n<strong>l\u2019am\u00e8re exp\u00e9rience<\/strong> apr\u00e8s <a href=\"https:\/\/www.melty.fr\/people\/joy-hallyday-affiche-ses-formes-en-bikini-les-internautes-choques-la-vulgarite-dans-toute-sa-splendeur-2246219.html\" rel=\"nofollow noopener\" target=\"_blank\"><br \/>\ns\u2019\u00eatre affich\u00e9e en bikini sur son compte Instagram<\/a>.<\/p>\n<p><strong>\u00ab\u00a0La vulgarit\u00e9 dans toute sa splendeur\u00a0\u00bb<\/strong>,<br \/>\n\u00ab\u00a0C\u00a0\u00bbest quand m\u00eame un autre monde (surr\u00e9aliste) de voir une fille de<br \/>\ncet \u00e2ge ainsi. (\u2026) Je suis plut\u00f4t tr\u00e8s attrist\u00e9e, <strong>outr\u00e9e et<br \/>\nchoqu\u00e9e de voir cette d\u00e9cadence&#8230;\u00a0\u00bb<\/strong>, \u00ab\u00a0C\u2019est quoi ces<br \/>\nl\u00e8vres ?\u00a0\u00bb, \u00ab\u00a0Toujours des photos \u00e0 moiti\u00e9 \u00e0 poil\u00a0\u00bb, pouvait-on<br \/>\nainsi lire en dessous de cette fameuse publication. Heureusement,<br \/>\nla s\u0153ur de Jade peut compter sur <strong>le soutien sans faille de<br \/>\nses autres abonn\u00e9s<\/strong>, alors toujours pr\u00eats \u00e0 la<br \/>\nd\u00e9fendre.<\/p>\n<p>Furieuse, Laeticia Hallyday monte au cr\u00e9neau<\/p>\n<p><strong>Le cyberharc\u00e8lement<\/strong> \u00e9tant <strong>un vrai<br \/>\nprobl\u00e8me de soci\u00e9t\u00e9<\/strong> auquel font face trop de jeunes,<br \/>\nLaeticia Hallyday n\u2019a pas h\u00e9sit\u00e9 \u00e0 monter au cr\u00e9neau. La m\u00e8re de<br \/>\nfamille ne supporte tout simplement pas que sa prog\u00e9niture en fasse<br \/>\nles frais. Car en plus d\u2019\u00eatre critiqu\u00e9es sur leur physique et leur<br \/>\nfa\u00e7on de s\u2019exhiber, <strong>Jade et Joy sont victimes d\u2019attaques<br \/>\nbien plus blessantes<\/strong>.<\/p>\n<p>\u00ab\u00a0Mes filles sont <strong>victimes de racisme, de menaces de<br \/>\nmort<\/strong>. Elles souffrent d&rsquo;avoir des mots de personnes qui<br \/>\npensent qu&rsquo;elles ne sont pas les filles l\u00e9gitimes de Johnny,<br \/>\n<strong>\u00e7a va tr\u00e8s tr\u00e8s loin<\/strong>. On les traite de<br \/>\n<strong>batardes, de bol de riz, de voleuses d&rsquo;h\u00e9ritage<\/strong>&#8230;<br \/>\nDes choses tr\u00e8s violentes\u00a0\u00bb, assurait la veuve du Taulier sur<br \/>\nle plateau de C l&rsquo;hebdo avant d\u2019ajouter : \u00ab\u00a0On en parle,<br \/>\n<strong>j&rsquo;essaye de les prot\u00e9ger<\/strong>, \u00e0 travers les valeurs<br \/>\nque je leur ai transmises, qu&rsquo;on a partag\u00e9es, cette force d&rsquo;amour,<br \/>\ncette force de vie\u00a0\u00bb.<\/p>\n<p>Cette nouvelle publication de Jade qui<br \/>\nd\u00e9range<\/p>\n<p>Malheureusement, ce coup de gueule de Laeticia Hallyday ne<br \/>\nsemble pas vraiment avoir eu l\u2019effet escompt\u00e9. Et pour cause, Jade<br \/>\nHallyday, qui a par ailleurs <a href=\"https:\/\/www.melty.fr\/people\/jade-hallyday-en-couple-presentation-officielle-avec-son-compagnon-bien-plus-grand-quelle-2246598.html\" rel=\"nofollow noopener\" target=\"_blank\"><br \/>\nr\u00e9cemment pr\u00e9sent\u00e9 son nouveau ch\u00e9ri<\/a>, a <strong>de nouveau \u00e9t\u00e9<br \/>\ncibl\u00e9e par les critiques<\/strong> alors qu\u2019elle posait <strong>en<br \/>\nbikini rouge sur les r\u00e9seaux sociaux<\/strong>.<\/p>\n<blockquote class=\"instagram-media\" style=\"background: #ffffff;border: 0;margin: 1px;width: 100%;padding: 0;max-width: 500px;\" data-instgrm-permalink=\"https:\/\/www.instagram.com\/p\/DLIcVvkPtvq\/?hl=fr&amp;img_index=1\" data-instgrm-version=\"14\"\/>\n<p>\u00ab\u00a0Pourquoi toujours poser en maillot de bain ou<br \/>\nsous-v\u00eatements ??? <strong>Il faut garder pour vous votre corps !!<br \/>\nRespectez-vous !!<\/strong> On ne se montre pas \u00e0 moiti\u00e9 nue \u00e0 des<br \/>\nmilliers de personnes que vous ne connaissez pas ! Je ne comprends<br \/>\npas que votre m\u00e8re tol\u00e8re ce genre de photos\u00a0\u00bb, \u00ab\u00a0Mais <strong>elle<br \/>\nne fait que \u00e7a poser dans des tenues l\u00e9g\u00e8res ?<\/strong> Elle n&rsquo;a<br \/>\nrien d&rsquo;autre \u00e0 faire ?\u00a0\u00bb, \u00ab\u00a0Tr\u00e8s suggestives ces photos je trouve,<br \/>\n<strong>c&rsquo;est trop os\u00e9&#8230;\u00a0\u00bb<\/strong>, se sont insurg\u00e9s quelques<br \/>\ninternautes tandis que d\u2019autres ont calm\u00e9 le jeu : \u00ab\u00a0Profitez de<br \/>\nvotre libert\u00e9 et de votre jeunesse\u00a0\u00bb, <strong>\u00ab\u00a0Elle a 20 ans,<br \/>\nlaissez-la\u00a0\u00bb<\/strong>. Les deux jeunes filles, elles, ont tout<br \/>\nsimplement d\u00e9cid\u00e9 de ne pas pr\u00eater attention aux critiques.<\/p>\n<p><script async src=\"\/\/www.instagram.com\/embed.js\"><\/script><\/p>\n","protected":false},"excerpt":{"rendered":"\u00catre \u00ab\u00a0fille de\u00a0\u00bb n\u2019est pas toujours facile \u00e0 vivre et Jade et Joy en savent malheureusement quelque chose.&hellip;\n","protected":false},"author":2,"featured_media":233895,"comment_status":"","ping_status":"","sticky":false,"template":"","format":"standard","meta":{"footnotes":""},"categories":[8],"tags":[905,58,59,1011,27,8750,3033],"class_list":{"0":"post-233894","1":"post","2":"type-post","3":"status-publish","4":"format-standard","5":"has-post-thumbnail","7":"category-divertissement","8":"tag-a-la-une-melty","9":"tag-divertissement","10":"tag-entertainment","11":"tag-fr","12":"tag-france","13":"tag-jade-hallyday","14":"tag-joy-hallyday"},"share_on_mastodon":{"url":"https:\/\/pubeurope.com\/@fr\/114814865949141893","error":""},"_links":{"self":[{"href":"https:\/\/www.europesays.com\/fr\/wp-json\/wp\/v2\/posts\/233894","targetHints":{"allow":["GET"]}}],"collection":[{"href":"https:\/\/www.europesays.com\/fr\/wp-json\/wp\/v2\/posts"}],"about":[{"href":"https:\/\/www.europesays.com\/fr\/wp-json\/wp\/v2\/types\/post"}],"author":[{"embeddable":true,"href":"https:\/\/www.europesays.com\/fr\/wp-json\/wp\/v2\/users\/2"}],"replies":[{"embeddable":true,"href":"https:\/\/www.europesays.com\/fr\/wp-json\/wp\/v2\/comments?post=233894"}],"version-history":[{"count":0,"href":"https:\/\/www.europesays.com\/fr\/wp-json\/wp\/v2\/posts\/233894\/revisions"}],"wp:featuredmedia":[{"embeddable":true,"href":"https:\/\/www.europesays.com\/fr\/wp-json\/wp\/v2\/media\/233895"}],"wp:attachment":[{"href":"https:\/\/www.europesays.com\/fr\/wp-json\/wp\/v2\/media?parent=233894"}],"wp:term":[{"taxonomy":"category","embeddable":true,"href":"https:\/\/www.europesays.com\/fr\/wp-json\/wp\/v2\/categories?post=233894"},{"taxonomy":"post_tag","embeddable":true,"href":"https:\/\/www.europesays.com\/fr\/wp-json\/wp\/v2\/tags?post=233894"}],"curies":[{"name":"wp","href":"https:\/\/api.w.org\/{rel}","templated":true}]}}