{"id":233896,"date":"2025-07-08T00:49:44","date_gmt":"2025-07-08T00:49:44","guid":{"rendered":"https:\/\/www.europesays.com\/fr\/233896\/"},"modified":"2025-07-08T00:49:44","modified_gmt":"2025-07-08T00:49:44","slug":"voici-les-meilleures-offres-tech","status":"publish","type":"post","link":"https:\/\/www.europesays.com\/fr\/233896\/","title":{"rendered":"voici les meilleures offres Tech"},"content":{"rendered":"<p>Amazon a d\u00e9j\u00e0 d\u00e9voil\u00e9 quelques bonnes affaires pendant les soldes d\u2019\u00e9t\u00e9 qui battent actuellement leur plein, mais le g\u00e9ant de l\u2019e-commerce a \u00e9videmment gard\u00e9 sous le coude ses plus belles p\u00e9pites pour son Prime Day. Dans cet article, vous trouverez nos recommandations expertes sur les meilleurs produits Tech en promotion. <\/p>\n<p><a href=\"https:\/\/images.frandroid.com\/wp-content\/uploads\/2025\/07\/copie-de-amazonprimedayjuillet25-frandro-unes-1.jpg\" target=\"_blank\" class=\"article-content__figure\" rel=\"nofollow noopener\"><img loading=\"lazy\" decoding=\"async\" width=\"1200\" height=\"675\" src=\"https:\/\/www.europesays.com\/fr\/wp-content\/uploads\/2025\/07\/copie-de-amazonprimedayjuillet25-frandro-unes-1.jpg\" alt=\"\" class=\"wp-image-2724781 wp-image wp-image\"  \/><\/a><\/p>\n<p>Eh oui, pendant les quatre prochains jours, le Prime Day est de retour sur Amazon. C\u2019est \u00e9videmment l\u2019occasion pour les membres payants de la plateforme de b\u00e9n\u00e9ficier de promotions exclusives tout au long de l\u2019\u00e9v\u00e9nement, avec de nouvelles offres in\u00e9dites tous les jours. <\/p>\n<p>Un tas de produits divers et vari\u00e9s seront brad\u00e9s, mais chez Frandroid, nous allons uniquement nous concentrer sur les produits Tech en promotion, que ce soit les <a href=\"https:\/\/www.frandroid.com\/bons-plans\/bons-plans-smartphone\" rel=\"nofollow noopener\" target=\"_blank\">smartphones<\/a>, <a href=\"https:\/\/www.frandroid.com\/bons-plans\/bons-plans-tablette\" rel=\"nofollow noopener\" target=\"_blank\">tablettes<\/a>, <a href=\"https:\/\/www.frandroid.com\/bons-plans\/bons-plans-tv\" rel=\"nofollow noopener\" target=\"_blank\">TV,<\/a> <a href=\"https:\/\/www.frandroid.com\/bons-plans\/bons-plans-pc-portable\" rel=\"nofollow noopener\" target=\"_blank\">PC portables<\/a>, <a href=\"https:\/\/www.frandroid.com\/bons-plans\/bons-plans-audio\" rel=\"nofollow noopener\" target=\"_blank\">casques ou \u00e9couteurs sans fil<\/a>, <a href=\"https:\/\/www.frandroid.com\/bons-plans\/bons-plans-objets-connectes\" rel=\"nofollow noopener\" target=\"_blank\">objets connect\u00e9s<\/a> ou m\u00eame la <a href=\"https:\/\/www.frandroid.com\/bons-plans\/bons-plans-mobilite\" rel=\"nofollow noopener\" target=\"_blank\">mobilit\u00e9 urbaine<\/a> et le <a href=\"https:\/\/www.frandroid.com\/bons-plans\/bons-plans-gaming\" rel=\"nofollow noopener\" target=\"_blank\">gaming<\/a>. <\/p>\n<p>\u00ab\u00a0Pourquoi je ne peux pas profiter des prix bas du Prime Day\u00a0\u00bb ? <\/p>\n<p>Si vous ne pouvez pas profiter de toutes les offres cit\u00e9es un peu plus bas, c\u2019est tout simplement parce que vous n\u2019avez pas un abonnement Amazon Prime actif. Si c\u2019est d\u00e9j\u00e0 le cas, pensez juste \u00e0 vous connecter \u00e0 votre compte, et sinon, vous pouvez profiter <a href=\"https:\/\/shop.frandroid.com\/m4f66x2q\" target=\"_blank\" rel=\"noopener nofollow affiliate\" data-gtm=\"{&quot;nom_marchand&quot;:&quot;amazon&quot;,&quot;nom_produit&quot;:&quot;inconnu&quot;,&quot;categorie_produit&quot;:&quot;inconnu&quot;,&quot;position_marchand&quot;:&quot;0&quot;,&quot;event&quot;:&quot;afficlic&quot;,&quot;texte&quot;:&quot;bnficier-dun-essai-de-30-jours-offerts-ou-90-jours-si-vous-tes-tudiant&quot;}\">d\u2019un essai gratuit de 30 jours, ou 90 jours si vous \u00eates \u00e9tudiant<\/a>. L\u2019offre est uniquement disponible pour les nouveaux clients.<\/p>\n<p>Amazon Prime Day 2025 : les meilleures offres en DIRECT<\/p>\n<p>Cet article sera actualis\u00e9 r\u00e9guli\u00e8rement, au rythme des ventes flash : revenez y faire un tour si vous ne trouvez pas votre bonheur la premi\u00e8re fois.<\/p>\n<p>                00:01<\/p>\n<p>                    Les produits Amazon en forte promotion<\/p>\n<p>\u00c0 l\u2019occasion du Prime Day, Amazon sort le grand jeu avec de belles promotions. Le g\u00e9ant du e-commerce a concoct\u00e9 une large s\u00e9lection de produits Tech \u00e0 prix cass\u00e9s pour vous faire de belles \u00e9conomies, notamment sur ses produits Echo, Kindle et Fire.<\/p>\n<p><a href=\"https:\/\/images.frandroid.com\/wp-content\/uploads\/2025\/07\/guide-produits-amazon-prime-day-2025.jpg\" target=\"_blank\" rel=\"noopener nofollow\" class=\"article-content__figure\"><img fetchpriority=\"high\" loading=\"eager\" decoding=\"async\" width=\"1200\" height=\"675\" class=\"wp-image-2724375 wp-image wp-image\" src=\"https:\/\/www.europesays.com\/fr\/wp-content\/uploads\/2025\/07\/guide-produits-amazon-prime-day-2025-1200x675.jpg\" alt=\"\"  \/><\/a><\/p>\n<p>                                            00:00<br \/>\n                                                                8BitDo 8BitDo Retro Mechanical Keyboard<\/p>\n<p>Le Prime Day d\u00e9barque avec un bon gros coup de nostalgie, le clavier m\u00e9canique 8Bitdo Retro est en promotion. Un design qui sent la cartouche NES, des switches hot-swappables, et deux boutons programmables.<\/p>\n<p><a href=\"https:\/\/images.frandroid.com\/wp-content\/uploads\/2025\/07\/8bitdo-retro-mechanical-keyboard-soldes-prime-day-frandroid.jpg\" target=\"_blank\" rel=\"noopener nofollow\" class=\"article-content__figure\"><img loading=\"lazy\" decoding=\"async\" width=\"1200\" height=\"675\" class=\"wp-image-2723479 wp-image wp-image\" src=\"https:\/\/www.europesays.com\/fr\/wp-content\/uploads\/2025\/07\/8bitdo-retro-mechanical-keyboard-soldes-prime-day-frandroid-1200x675.jpg\" alt=\"\"  \/><\/a><\/p>\n<ul class=\"wp-block-list\">\n<li style=\"list-style-type: none\">\n<ul class=\"wp-block-list\">\n<li>Clavier m\u00e9canique hot-swappable avec switches Kailh Box White pour un clic net<\/li>\n<\/ul>\n<\/li>\n<\/ul>\n<ul class=\"wp-block-list\">\n<li style=\"list-style-type: none\">\n<ul class=\"wp-block-list\">\n<li>Triple connectivit\u00e9 : Bluetooth, dongle 2.4 GHz et USB-C pour s\u2019adapter \u00e0 toutes vos machines<\/li>\n<\/ul>\n<\/li>\n<\/ul>\n<ul class=\"wp-block-list\">\n<li style=\"list-style-type: none\">\n<ul class=\"wp-block-list\">\n<li>Deux boutons \u201cSuper Programmable\u201d pour encha\u00eener les macros comme sur un cheat code<\/li>\n<\/ul>\n<\/li>\n<\/ul>\n<p>Au lieu de 99,99 euros, le 8BitDo Retro Mechanical Keyboard <a href=\"https:\/\/shop.frandroid.com\/std7m5uv\" target=\"_blank\" rel=\"noreferrer noopener affiliate nofollow\" data-gtm=\"{&quot;event&quot;:&quot;afficlic&quot;,&quot;nom_marchand&quot;:&quot;amazon_fr&quot;,&quot;nom_produit&quot;:&quot;inconnu&quot;,&quot;categorie_produit&quot;:&quot;inconnu&quot;,&quot;module_produit&quot;:&quot;editolink&quot;,&quot;position_marchand&quot;:0,&quot;texte&quot;:&quot;est-aujourd-hui-disponible-en-promotion-a-84-99-euros-sur-amazon&quot;,&quot;offer_url&quot;:&quot;https:\/\/shop.frandroid.com\/std7m5uv&quot;,&quot;zone&quot;:&quot;contenu-page&quot;}\">est aujourd\u2019hui disponible en promotion \u00e0 84,99 euros sur Amazon<\/a>.<\/p>\n<p>                                            00:00<br \/>\n                                                                Acer Nitro KG242YEbiif<\/p>\n<p>Si la majorit\u00e9 des gamers pr\u00e9f\u00e8rent opter pour un \u00e9cran PC rafra\u00eechi \u00e0 144 Hz (voire \u00e0 240 Hz), tous n\u2019ont pas le budget n\u00e9cessaire pour se l\u2019offrir. Sur le march\u00e9, il est tout de m\u00eame possible de d\u00e9nicher des r\u00e9f\u00e9rences avec un taux de rafra\u00eechissement un poil moindre, mais bien moins on\u00e9reuses.<\/p>\n<p><a href=\"https:\/\/images.frandroid.com\/wp-content\/uploads\/2025\/07\/acer-nitro-kg242yebiif-prime-day-2025.jpg\" target=\"_blank\" rel=\"noopener nofollow\" class=\"article-content__figure\"><img loading=\"lazy\" decoding=\"async\" width=\"1200\" height=\"675\" class=\"wp-image-2723299 wp-image wp-image\" src=\"https:\/\/www.europesays.com\/fr\/wp-content\/uploads\/2025\/07\/acer-nitro-kg242yebiif-prime-day-2025-1200x675.jpg\" alt=\"\"  \/><\/a><\/p>\n<ul class=\"wp-block-list\">\n<li style=\"list-style-type: none\">\n<ul class=\"wp-block-list\">\n<li>Une dalle IPS Full HD de 24 pouces<\/li>\n<\/ul>\n<\/li>\n<\/ul>\n<ul class=\"wp-block-list\">\n<li style=\"list-style-type: none\">\n<ul class=\"wp-block-list\">\n<li>Un taux de rafra\u00eechissement de 100 Hz<\/li>\n<\/ul>\n<\/li>\n<\/ul>\n<p>Auparavant affich\u00e9 \u00e0 119,99 euros, l\u2019\u00e9cran PC Acer Nitro KG242YEbiif est aujourd\u2019hui <a href=\"https:\/\/shop.frandroid.com\/vye6jlpd\" target=\"_blank\" rel=\"noreferrer noopener affiliate nofollow\" data-gtm=\"{&quot;event&quot;:&quot;afficlic&quot;,&quot;nom_marchand&quot;:&quot;amazon_fr&quot;,&quot;nom_produit&quot;:&quot;inconnu&quot;,&quot;categorie_produit&quot;:&quot;inconnu&quot;,&quot;module_produit&quot;:&quot;editolink&quot;,&quot;position_marchand&quot;:0,&quot;texte&quot;:&quot;disponible-en-promotion-a-79-99-euros-sur-amazon&quot;,&quot;offer_url&quot;:&quot;https:\/\/shop.frandroid.com\/vye6jlpd&quot;,&quot;zone&quot;:&quot;contenu-page&quot;}\">disponible en promotion \u00e0 79,99 euros sur Amazon<\/a>.<\/p>\n<p>                                            00:00<br \/>\n                                                                Anker Capsule 3 Laser<\/p>\n<p>Le vid\u00e9oprojecteur Nebula Capsule 3 d\u2019Anker a de nombreux atouts pour lui. D\u00e9j\u00e0, sa taille, il est \u00e0 peine plus grand qu\u2019une canette et surtout : il est disponible en deux versions. La classique LED avec sa luminosit\u00e9 \u00e0 200 ANSI lumens et la version Laser, qui est celle qui nous int\u00e9resse le plus pendant le Prime Day, qui monte \u00e0 300 ANSI lumens.<\/p>\n<p><a href=\"https:\/\/images.frandroid.com\/wp-content\/uploads\/2025\/07\/nebula-capsule-3-laser-prime-day-2025.jpg\" target=\"_blank\" rel=\"noopener nofollow\" class=\"article-content__figure\"><img loading=\"lazy\" decoding=\"async\" width=\"1200\" height=\"675\" class=\"wp-image-2724723 wp-image wp-image\" src=\"https:\/\/www.europesays.com\/fr\/wp-content\/uploads\/2025\/07\/nebula-capsule-3-laser-prime-day-2025-1200x675.jpg\" alt=\"\"  \/><\/a><\/p>\n<ul class=\"wp-block-list\">\n<li style=\"list-style-type: none\">\n<ul class=\"wp-block-list\">\n<li>Son format ultra-compact et son design r\u00e9ussi<\/li>\n<\/ul>\n<\/li>\n<\/ul>\n<ul class=\"wp-block-list\">\n<li style=\"list-style-type: none\">\n<ul class=\"wp-block-list\">\n<li>La qualit\u00e9 d\u2019image sup\u00e9rieure avec la technologie laser<\/li>\n<\/ul>\n<\/li>\n<\/ul>\n<ul class=\"wp-block-list\">\n<li style=\"list-style-type: none\">\n<ul class=\"wp-block-list\">\n<li>L\u2019int\u00e9gration d\u2019Android TV pour acc\u00e9der directement \u00e0 tout<\/li>\n<\/ul>\n<\/li>\n<\/ul>\n<p>Si vous cherchez un bon picoprojecteur avec une technologie laser pour avoir une belle image, le <a href=\"https:\/\/shop.frandroid.com\/o6212qqo\" target=\"_blank\" rel=\"noreferrer noopener affiliate nofollow\">Nebula Capsule 3 Laser est \u00e0 529 euros<\/a> pendant le Prime Day, au lieu de 799 euros.<\/p>\n<p>Le mod\u00e8le classique, LED, <a href=\"https:\/\/www.amazon.fr\/dp\/B0CKMRCZ1Q\" target=\"_blank\" rel=\"noreferrer noopener affiliate nofollow\">est \u00e0 339 euros<\/a> au lieu de 499 euros.<\/p>\n<p>                                            00:00<br \/>\n                                                                Bowers &amp; Wilkins Px7 S3 <\/p>\n<p>Le dernier casque Bluetooth de Bowers &amp; Wilkins, mod\u00e8le Px7 S3 profite du Prime Day Amazon pour passer sous la barre des 400 euros. Si vous aimez la musique et tous ses d\u00e9tails, il peut vous parler.<\/p>\n<p><a href=\"https:\/\/images.frandroid.com\/wp-content\/uploads\/2025\/07\/bowers-wilkins-px7-s3-prime-day-2025.jpg\" target=\"_blank\" rel=\"noopener nofollow\" class=\"article-content__figure\"><img loading=\"lazy\" decoding=\"async\" width=\"1200\" height=\"675\" class=\"wp-image-2723691 wp-image wp-image\" src=\"https:\/\/www.europesays.com\/fr\/wp-content\/uploads\/2025\/07\/bowers-wilkins-px7-s3-prime-day-2025-1200x675.jpg\" alt=\"\"  \/><\/a><\/p>\n<ul class=\"wp-block-list\">\n<li style=\"list-style-type: none\">\n<ul class=\"wp-block-list\">\n<li>La compatibilit\u00e9 aptX Lossless et Hi-Res Audio<\/li>\n<\/ul>\n<\/li>\n<\/ul>\n<ul class=\"wp-block-list\">\n<li style=\"list-style-type: none\">\n<ul class=\"wp-block-list\">\n<li>Le design et le confort premium avec des mat\u00e9riaux nobles<\/li>\n<\/ul>\n<\/li>\n<\/ul>\n<ul class=\"wp-block-list\">\n<li style=\"list-style-type: none\">\n<ul class=\"wp-block-list\">\n<li>Une autonomie de 30 h avec ANC et la charge rapide<\/li>\n<\/ul>\n<\/li>\n<\/ul>\n<p>Le Bowers &amp; Wilkins Px7 S3 a \u00e9t\u00e9 lanc\u00e9 \u00e0 429 euros en avril dernier. S\u2019il vous fait de l\u2019\u0153il depuis sa sortie, il passe sous la barre psychologique des 400 euros <a href=\"https:\/\/shop.frandroid.com\/3r02zakv\" target=\"_blank\" rel=\"noreferrer noopener affiliate nofollow\" data-gtm=\"{&quot;event&quot;:&quot;afficlic&quot;,&quot;nom_marchand&quot;:&quot;amazon_fr&quot;,&quot;nom_produit&quot;:&quot;inconnu&quot;,&quot;categorie_produit&quot;:&quot;inconnu&quot;,&quot;module_produit&quot;:&quot;editolink&quot;,&quot;position_marchand&quot;:0,&quot;texte&quot;:&quot;puisqu-il-est-a-399-euros&quot;,&quot;offer_url&quot;:&quot;https:\/\/shop.frandroid.com\/3r02zakv&quot;,&quot;zone&quot;:&quot;contenu-page&quot;}\">puisqu\u2019il est \u00e0 399 euros<\/a> sur Amazon pour le Prime Day.<\/p>\n<p>                                            00:00<br \/>\n                                                                CMF Phone 2 Pro<\/p>\n<p>Nothing et sa sous-marque CMF sont connus et reconnus pour proposer des smartphones de qualit\u00e9 au design original. Les premiers smartphones Nothing se d\u00e9marquaient par leur interface Glyph, des LED \u00e0 l\u2019arri\u00e8re du smartphone qui s\u2019allument diff\u00e9rentes fa\u00e7ons en fonction des notifications re\u00e7ues. Ici, il s\u2019agit du CMF Phone 2 Pro qui perd 15 % pendant le Prime Day.<\/p>\n<p><a href=\"https:\/\/images.frandroid.com\/wp-content\/uploads\/2025\/07\/cmf-phone-2-pro-prime-day-2025.jpg\" target=\"_blank\" rel=\"noopener nofollow\" class=\"article-content__figure\"><img loading=\"lazy\" decoding=\"async\" width=\"1200\" height=\"675\" class=\"wp-image-2723883 wp-image wp-image\" src=\"https:\/\/www.europesays.com\/fr\/wp-content\/uploads\/2025\/07\/cmf-phone-2-pro-prime-day-2025-1200x675.jpg\" alt=\"\"  \/><\/a><\/p>\n<ul class=\"wp-block-list\">\n<li style=\"list-style-type: none\">\n<ul class=\"wp-block-list\">\n<li>La qualit\u00e9 de son \u00e9cran et sa luminosit\u00e9<\/li>\n<\/ul>\n<\/li>\n<\/ul>\n<ul class=\"wp-block-list\">\n<li style=\"list-style-type: none\">\n<ul class=\"wp-block-list\">\n<li>Il fait de tr\u00e8s belles photos, pour le prix, \u00e7a vaut le d\u00e9tour<\/li>\n<\/ul>\n<\/li>\n<\/ul>\n<ul class=\"wp-block-list\">\n<li style=\"list-style-type: none\">\n<ul class=\"wp-block-list\">\n<li>Son autonomie cons\u00e9quente qui d\u00e9passe la journ\u00e9e d\u2019utilisation<\/li>\n<\/ul>\n<\/li>\n<\/ul>\n<p>Le CMF Phone 2 Pro b\u00e9n\u00e9ficie d\u2019une belle baisse de prix sur Amazon durant le Prime Day, alors qu\u2019il est d\u00e9j\u00e0 accessible, de base. <a href=\"https:\/\/shop.frandroid.com\/jjck7j4g\" target=\"_blank\" rel=\"noreferrer noopener affiliate nofollow\">Il passe de 259 euros \u00e0 219 euros<\/a> pendant quelques jours.<\/p>\n<p>Si vous cherchez une version encore moins ch\u00e8re, le CMF Phone 1 est, lui aussi, <a href=\"https:\/\/shop.frandroid.com\/l5s1suhd\" target=\"_blank\" rel=\"noreferrer noopener affiliate nofollow\" data-gtm=\"{&quot;event&quot;:&quot;afficlic&quot;,&quot;nom_marchand&quot;:&quot;amazon_fr&quot;,&quot;nom_produit&quot;:&quot;inconnu&quot;,&quot;categorie_produit&quot;:&quot;inconnu&quot;,&quot;module_produit&quot;:&quot;editolink&quot;,&quot;position_marchand&quot;:0,&quot;texte&quot;:&quot;brade-a-175-euros&quot;,&quot;offer_url&quot;:&quot;https:\/\/shop.frandroid.com\/l5s1suhd&quot;,&quot;zone&quot;:&quot;contenu-page&quot;}\">brad\u00e9 \u00e0 175 euros<\/a> au lieu de 199 euros.<\/p>\n<p>                                            00:00<br \/>\n                                                                Creality Ender 3 V3 SE<\/p>\n<p>CR Touch int\u00e9gr\u00e9, vitesse de 250 mm\/s et extrudeuse directe Sprite, l\u2019imprimante 3D Creality Ender 3 V3 SE ne plaisante pas. Avec sa pr\u00e9cision redoutable et son montage rapide, elle s\u2019impose comme le meilleur plan pour se lancer (ou progresser) en impression 3D.<\/p>\n<p><a href=\"https:\/\/images.frandroid.com\/wp-content\/uploads\/2025\/07\/creality-ender-3-v3-bons-plans-soldes-prime-day-frandroid.jpg\" target=\"_blank\" rel=\"noopener nofollow\" class=\"article-content__figure\"><img loading=\"lazy\" decoding=\"async\" width=\"1200\" height=\"675\" class=\"wp-image-2724005 wp-image wp-image\" src=\"https:\/\/www.europesays.com\/fr\/wp-content\/uploads\/2025\/07\/creality-ender-3-v3-bons-plans-soldes-prime-day-frandroid-1200x675.jpg\" alt=\"\"  \/><\/a><\/p>\n<ul class=\"wp-block-list\">\n<li style=\"list-style-type: none\">\n<ul class=\"wp-block-list\">\n<li>CR Touch int\u00e9gr\u00e9 : auto-nivellement pr\u00e9cis et sans prise de t\u00eate<\/li>\n<\/ul>\n<\/li>\n<\/ul>\n<ul class=\"wp-block-list\">\n<li style=\"list-style-type: none\">\n<ul class=\"wp-block-list\">\n<li>Une vitesse d\u2019impression jusqu\u2019\u00e0 250 mm\/s<\/li>\n<\/ul>\n<\/li>\n<\/ul>\n<ul class=\"wp-block-list\">\n<li style=\"list-style-type: none\">\n<ul class=\"wp-block-list\">\n<li>Une extrudeuse directe Sprit, pour une meilleure compatibilit\u00e9 avec plus de filaments.<\/li>\n<\/ul>\n<\/li>\n<\/ul>\n<p>Au lieu de 259 euros, le Creatily Ender 3 V3 est <a href=\"https:\/\/shop.frandroid.com\/ez4ml2r8\" target=\"_blank\" rel=\"noreferrer noopener affiliate nofollow\" data-type=\"link\" data-id=\"https:\/\/www.amazon.fr\/dp\/B0CC5GXZ2X\" data-gtm=\"{&quot;event&quot;:&quot;afficlic&quot;,&quot;nom_marchand&quot;:&quot;amazon_fr&quot;,&quot;nom_produit&quot;:&quot;inconnu&quot;,&quot;categorie_produit&quot;:&quot;inconnu&quot;,&quot;module_produit&quot;:&quot;editolink&quot;,&quot;position_marchand&quot;:0,&quot;texte&quot;:&quot;aujourd-hui-disponible-en-promotion-a-191-20-euros-sur-amazon&quot;,&quot;offer_url&quot;:&quot;https:\/\/shop.frandroid.com\/ez4ml2r8&quot;,&quot;zone&quot;:&quot;contenu-page&quot;}\">aujourd\u2019hui disponible en promotion \u00e0 191,20 euros sur Amazon<\/a>.<\/p>\n<p>                                            00:00<br \/>\n                                                                Dreame X50 Master<\/p>\n<p>Avec sa puissance de 20 000 Pa, son IA pour \u00e9viter les obstacles, sa base 8-en-1 ultra-compacte, le Dreame X50 Master red\u00e9finit l\u2019aspirateur robot. Et aujourd\u2019hui, \u00e0 l\u2019occasion du Prime Day, il s\u2019affiche d\u00e9j\u00e0 avec 400 euros de remise.<\/p>\n<p><a href=\"https:\/\/images.frandroid.com\/wp-content\/uploads\/2025\/07\/dreame-x50-master-prime-day-bons-plans-frandroid.jpg\" target=\"_blank\" rel=\"noopener nofollow\" class=\"article-content__figure\"><img loading=\"lazy\" decoding=\"async\" width=\"1200\" height=\"675\" class=\"wp-image-2724399 wp-image wp-image\" src=\"https:\/\/www.europesays.com\/fr\/wp-content\/uploads\/2025\/07\/dreame-x50-master-prime-day-bons-plans-frandroid-1200x675.jpg\" alt=\"\"  \/><\/a><\/p>\n<ul class=\"wp-block-list\">\n<li style=\"list-style-type: none\">\n<ul class=\"wp-block-list\">\n<li>Une puissance d\u2019aspiration de20 000 Pa<\/li>\n<\/ul>\n<\/li>\n<\/ul>\n<ul class=\"wp-block-list\">\n<li style=\"list-style-type: none\">\n<ul class=\"wp-block-list\">\n<li>Une IA de nouvelle g\u00e9n\u00e9ration pour un \u00e9vitement d\u2019obstacles pr\u00e9cis et rapide<\/li>\n<\/ul>\n<\/li>\n<\/ul>\n<ul class=\"wp-block-list\">\n<li style=\"list-style-type: none\">\n<ul class=\"wp-block-list\">\n<li>Une base multifonction 8-en-1 ultra-compacte : nettoyage et entretien automatis\u00e9s<\/li>\n<\/ul>\n<\/li>\n<\/ul>\n<p>Au lieu de 1 699 euros, le Dreame X50 Master est <a href=\"https:\/\/shop.frandroid.com\/6i7i6je7\" target=\"_blank\" rel=\"noreferrer noopener affiliate nofollow\" data-type=\"link\" data-id=\"https:\/\/www.amazon.fr\/dp\/B0DPB81CW4\" data-gtm=\"{&quot;event&quot;:&quot;afficlic&quot;,&quot;nom_marchand&quot;:&quot;amazon_fr&quot;,&quot;nom_produit&quot;:&quot;inconnu&quot;,&quot;categorie_produit&quot;:&quot;inconnu&quot;,&quot;module_produit&quot;:&quot;editolink&quot;,&quot;position_marchand&quot;:0,&quot;texte&quot;:&quot;aujourd-hui-disponible-en-promotion-a-1-299-euros-sur-amazon&quot;,&quot;offer_url&quot;:&quot;https:\/\/shop.frandroid.com\/6i7i6je7&quot;,&quot;zone&quot;:&quot;contenu-page&quot;}\">aujourd\u2019hui disponible en promotion \u00e0 1 299 euros sur Amazon<\/a>.<\/p>\n<p>Pour \u00e9conomiser encore un peu, il y a aussi l\u2019ancien mod\u00e8le, le Dreame X40 Master, <a href=\"https:\/\/shop.frandroid.com\/kdwgg9zz\" target=\"_blank\" rel=\"noreferrer noopener affiliate nofollow\" data-gtm=\"{&quot;event&quot;:&quot;afficlic&quot;,&quot;nom_marchand&quot;:&quot;amazon_fr&quot;,&quot;nom_produit&quot;:&quot;inconnu&quot;,&quot;categorie_produit&quot;:&quot;inconnu&quot;,&quot;module_produit&quot;:&quot;editolink&quot;,&quot;position_marchand&quot;:0,&quot;texte&quot;:&quot;en-promotion-a-999-euros&quot;,&quot;offer_url&quot;:&quot;https:\/\/shop.frandroid.com\/kdwgg9zz&quot;,&quot;zone&quot;:&quot;contenu-page&quot;}\">en promotion \u00e0 999 euros<\/a>.<\/p>\n<p>                                            00:00<br \/>\n                                                                Eufy G50<\/p>\n<p>L\u2019Eufy G50 fait partie des robots aspirateurs qui vont \u00e0 l\u2019essentiel. Ce mod\u00e8le a beau ne pas \u00eatre dot\u00e9 de mille technologies avanc\u00e9es, il propose tout de m\u00eame les caract\u00e9ristiques de base qu\u2019on attend d\u2019un tel appareil : puissance suffisante pour ne faire qu\u2019une bouch\u00e9e des poussi\u00e8res, navigation dynamique, brosse d\u00e9m\u00ealante ou encore bonne autonomie.<\/p>\n<p><a href=\"https:\/\/images.frandroid.com\/wp-content\/uploads\/2025\/07\/eufy-g50-prime-day-2025.jpg\" target=\"_blank\" rel=\"noopener nofollow\" class=\"article-content__figure\"><img loading=\"lazy\" decoding=\"async\" width=\"1200\" height=\"675\" class=\"wp-image-2724019 wp-image wp-image\" src=\"https:\/\/www.europesays.com\/fr\/wp-content\/uploads\/2025\/07\/eufy-g50-prime-day-2025-1200x675.jpg\" alt=\"\"  \/><\/a><\/p>\n<ul class=\"wp-block-list\">\n<li style=\"list-style-type: none\">\n<ul class=\"wp-block-list\">\n<li>Une brosse rotative d\u00e9m\u00ealante int\u00e9gr\u00e9e<\/li>\n<\/ul>\n<\/li>\n<\/ul>\n<ul class=\"wp-block-list\">\n<li style=\"list-style-type: none\">\n<ul class=\"wp-block-list\">\n<li>Une puissance de 4 000 Pa avec un mode Boost pour les tapis<\/li>\n<\/ul>\n<\/li>\n<\/ul>\n<ul class=\"wp-block-list\">\n<li style=\"list-style-type: none\">\n<ul class=\"wp-block-list\">\n<li>Une autonomie de 2 heures<\/li>\n<\/ul>\n<\/li>\n<\/ul>\n<p>Au lieu de 129 euros, le robot aspirateur Eufy G50 est aujourd\u2019hui <a href=\"https:\/\/shop.frandroid.com\/91ldlep0\" target=\"_blank\" rel=\"noreferrer noopener affiliate nofollow\" data-gtm=\"{&quot;event&quot;:&quot;afficlic&quot;,&quot;nom_marchand&quot;:&quot;amazon_fr&quot;,&quot;nom_produit&quot;:&quot;inconnu&quot;,&quot;categorie_produit&quot;:&quot;inconnu&quot;,&quot;module_produit&quot;:&quot;editolink&quot;,&quot;position_marchand&quot;:0,&quot;texte&quot;:&quot;disponible-en-promotion-a-99-euros-sur-amazon&quot;,&quot;offer_url&quot;:&quot;https:\/\/shop.frandroid.com\/91ldlep0&quot;,&quot;zone&quot;:&quot;contenu-page&quot;}\">disponible en promotion \u00e0 99 euros sur Amazon<\/a>.<\/p>\n<p>                                            00:00<br \/>\n                                                                Huawei FreeBuds 6i<\/p>\n<p>Son puissant, r\u00e9duction de bruit active bluffante, confort de port\u2026 Les Huawei FreeBuds 6i sont des \u00e9couteurs sans fil que l\u2019on a test\u00e9s et valid\u00e9s. La bonne nouvelle, c\u2019est qu\u2019on les trouve \u00e0 -35 % pendant le Prime Day d\u2019Amazon.<\/p>\n<p><a href=\"https:\/\/images.frandroid.com\/wp-content\/uploads\/2025\/07\/huawei-freebuds-6i-prime-day-2025.jpg\" target=\"_blank\" rel=\"noopener nofollow\" class=\"article-content__figure\"><img loading=\"lazy\" decoding=\"async\" width=\"1200\" height=\"675\" class=\"wp-image-2723777 wp-image wp-image\" src=\"https:\/\/www.europesays.com\/fr\/wp-content\/uploads\/2025\/07\/huawei-freebuds-6i-prime-day-2025-1200x675.jpg\" alt=\"\"  \/><\/a><\/p>\n<ul class=\"wp-block-list\">\n<li style=\"list-style-type: none\">\n<ul class=\"wp-block-list\">\n<li>Pour leur design confortable<\/li>\n<\/ul>\n<\/li>\n<\/ul>\n<ul class=\"wp-block-list\">\n<li style=\"list-style-type: none\">\n<ul class=\"wp-block-list\">\n<li>Pour leur son puissant et dynamique<\/li>\n<\/ul>\n<\/li>\n<\/ul>\n<ul class=\"wp-block-list\">\n<li style=\"list-style-type: none\">\n<ul class=\"wp-block-list\">\n<li>Pour leur excellente r\u00e9duction de bruit active + leur mode Transparence<\/li>\n<\/ul>\n<\/li>\n<\/ul>\n<p>Auparavant propos\u00e9s \u00e0 99,99 euros, les Huawei FreeBuds 6i sont <a href=\"https:\/\/shop.frandroid.com\/5khccbyd\" target=\"_blank\" rel=\"noreferrer noopener affiliate nofollow\" data-gtm=\"{&quot;event&quot;:&quot;afficlic&quot;,&quot;nom_marchand&quot;:&quot;amazon_fr&quot;,&quot;nom_produit&quot;:&quot;inconnu&quot;,&quot;categorie_produit&quot;:&quot;inconnu&quot;,&quot;module_produit&quot;:&quot;editolink&quot;,&quot;position_marchand&quot;:0,&quot;texte&quot;:&quot;desormais-affiches-a-64-99-euros-sur-amazon&quot;,&quot;offer_url&quot;:&quot;https:\/\/shop.frandroid.com\/5khccbyd&quot;,&quot;zone&quot;:&quot;contenu-page&quot;}\">d\u00e9sormais affich\u00e9s \u00e0 64,99 euros sur Amazon<\/a>.<\/p>\n<p>Les pr\u00e9d\u00e9cesseurs, les Huawei FreeBuds 5i, sont de leur c\u00f4t\u00e9 <a href=\"https:\/\/shop.frandroid.com\/1soijbmu\" target=\"_blank\" rel=\"noreferrer noopener affiliate nofollow\" data-gtm=\"{&quot;event&quot;:&quot;afficlic&quot;,&quot;nom_marchand&quot;:&quot;amazon_fr&quot;,&quot;nom_produit&quot;:&quot;inconnu&quot;,&quot;categorie_produit&quot;:&quot;inconnu&quot;,&quot;module_produit&quot;:&quot;editolink&quot;,&quot;position_marchand&quot;:0,&quot;texte&quot;:&quot;vendus-a-49-99-euros-au-lieu-de-99-99-euros-sur-amazon&quot;,&quot;offer_url&quot;:&quot;https:\/\/shop.frandroid.com\/1soijbmu&quot;,&quot;zone&quot;:&quot;contenu-page&quot;}\">vendus \u00e0 49,99 euros sur Amazon<\/a>.<\/p>\n<p>                                            00:00<br \/>\n                                                                JBL Quantum One<\/p>\n<p>Vous connaissez s\u00fbrement la marque JBL, r\u00e9put\u00e9e dans le monde de l\u2019audio, qui propose surtout de tr\u00e8s belles enceintes Bluetooth pour sonoriser votre domicile. Elle d\u00e9cline son savoir-faire dans un autre domaine : l\u2019audio pour le gaming. C\u2019est ainsi qu\u2019on se retrouve face au JBL Quantum One, un casque filaire pouvant se brancher en USB sur PC ou avec une prise jack 3.5 mm sur consoles, tablettes et smartphone.<\/p>\n<p><a href=\"https:\/\/images.frandroid.com\/wp-content\/uploads\/2025\/07\/jbl-quantum-one-prime-day-2025.jpg\" target=\"_blank\" rel=\"noopener nofollow\" class=\"article-content__figure\"><img loading=\"lazy\" decoding=\"async\" width=\"1200\" height=\"675\" class=\"wp-image-2724187 wp-image wp-image\" src=\"https:\/\/www.europesays.com\/fr\/wp-content\/uploads\/2025\/07\/jbl-quantum-one-prime-day-2025-1200x675.jpg\" alt=\"\"  \/><\/a><\/p>\n<ul class=\"wp-block-list\">\n<li style=\"list-style-type: none\">\n<ul class=\"wp-block-list\">\n<li>Les coussinets \u00e0 m\u00e9moire de forme offrent une bonne isolation passive<\/li>\n<\/ul>\n<\/li>\n<\/ul>\n<ul class=\"wp-block-list\">\n<li style=\"list-style-type: none\">\n<ul class=\"wp-block-list\">\n<li>L\u2019immersion sonore avanc\u00e9e sur PC est tr\u00e8s performante<\/li>\n<\/ul>\n<\/li>\n<\/ul>\n<ul class=\"wp-block-list\">\n<li style=\"list-style-type: none\">\n<ul class=\"wp-block-list\">\n<li>L\u2019accent sur les basses particuli\u00e8rement adapt\u00e9 aux jeux vid\u00e9o<\/li>\n<\/ul>\n<\/li>\n<\/ul>\n<p>Le JBL Quantum One est un casque qui co\u00fbte normalement 249,90 euros. Pendant le Prime Day du 8 au 11 juillet 2025, vous pouvez <a href=\"https:\/\/shop.frandroid.com\/25q5njns\" target=\"_blank\" rel=\"noreferrer noopener affiliate nofollow\" data-gtm=\"{&quot;event&quot;:&quot;afficlic&quot;,&quot;nom_marchand&quot;:&quot;amazon_fr&quot;,&quot;nom_produit&quot;:&quot;inconnu&quot;,&quot;categorie_produit&quot;:&quot;inconnu&quot;,&quot;module_produit&quot;:&quot;editolink&quot;,&quot;position_marchand&quot;:0,&quot;texte&quot;:&quot;le-commander-pour-110-99-euros-sur-amazon&quot;,&quot;offer_url&quot;:&quot;https:\/\/shop.frandroid.com\/25q5njns&quot;,&quot;zone&quot;:&quot;contenu-page&quot;}\">le commander pour 110,99 euros sur Amazon<\/a>.<\/p>\n<p>                                            00:00<br \/>\n                                                                Lenovo Legion Go S<\/p>\n<p>La Lenovo Legion Go S, c\u2019est l\u2019une des consoles portables PC avec un \u00e9cran 8 pouces en 120 Hz, 32 Go de RAM et 1 To de SSD pour mettre la pression \u00e0 la concurrence. Et pour le Prime Day, elle fond son prix comme un boss de fin sous vos combos.<\/p>\n<p><a href=\"https:\/\/images.frandroid.com\/wp-content\/uploads\/2025\/07\/lenovo-legion-go-s-soldes-prime-day-frandroid.jpg\" target=\"_blank\" rel=\"noopener nofollow\" class=\"article-content__figure\"><img loading=\"lazy\" decoding=\"async\" width=\"1200\" height=\"675\" class=\"wp-image-2723897 wp-image wp-image\" src=\"https:\/\/www.europesays.com\/fr\/wp-content\/uploads\/2025\/07\/lenovo-legion-go-s-soldes-prime-day-frandroid-1200x675.jpg\" alt=\"\"  \/><\/a><\/p>\n<ul class=\"wp-block-list\">\n<li style=\"list-style-type: none\">\n<ul class=\"wp-block-list\">\n<li>Un duo CPURyzen Z2 Go et graphique Radeon<\/li>\n<\/ul>\n<\/li>\n<\/ul>\n<ul class=\"wp-block-list\">\n<li style=\"list-style-type: none\">\n<ul class=\"wp-block-list\">\n<li>\u00c9cran 8 pouces 120 Hz : fluide, net, immersif<\/li>\n<\/ul>\n<\/li>\n<\/ul>\n<ul class=\"wp-block-list\">\n<li style=\"list-style-type: none\">\n<ul class=\"wp-block-list\">\n<li>32 Go de RAM + 1 To SSD : finies les concessions sur le stockage ou la vitesse<\/li>\n<\/ul>\n<\/li>\n<\/ul>\n<p>Au lieu de 849,99 euros, la Lenovo Legion Go S (avec 1 To de stockage) est <a href=\"https:\/\/shop.frandroid.com\/w99rs3t4\" target=\"_blank\" rel=\"noreferrer noopener affiliate nofollow\" data-type=\"link\" data-id=\"https:\/\/www.amazon.fr\/dp\/B0DTB1YLH7\" data-gtm=\"{&quot;event&quot;:&quot;afficlic&quot;,&quot;nom_marchand&quot;:&quot;amazon_fr&quot;,&quot;nom_produit&quot;:&quot;inconnu&quot;,&quot;categorie_produit&quot;:&quot;inconnu&quot;,&quot;module_produit&quot;:&quot;editolink&quot;,&quot;position_marchand&quot;:0,&quot;texte&quot;:&quot;aujourd-hui-disponible-en-promotion-a-649-euros-sur-amazon&quot;,&quot;offer_url&quot;:&quot;https:\/\/shop.frandroid.com\/w99rs3t4&quot;,&quot;zone&quot;:&quot;contenu-page&quot;}\">aujourd\u2019hui disponible en promotion \u00e0 649 euros sur Amazon<\/a>.<\/p>\n<p>                                            00:00<br \/>\n                                                                Quelques produits Apple en promotion<\/p>\n<p>Le Prime Day vient d\u2019\u00eatre lanc\u00e9\u00a0et Apple est mis \u00e0 l\u2019honneur sur Amazon. On trouve de belles r\u00e9ductions sur une foule d\u2019appareils de la marque \u00e0 la Pomme comme le r\u00e9cent\u00a0iPhone\u00a016e ou encore l\u2019iPad 11 (2025). C\u2019est l\u2019un des rares moments o\u00f9 l\u2019on peut les acqu\u00e9rir \u00e0 prix r\u00e9duit.<\/p>\n<p><a href=\"https:\/\/images.frandroid.com\/wp-content\/uploads\/2025\/07\/apple-prime-day-2025.jpg\" target=\"_blank\" rel=\"noopener nofollow\" class=\"article-content__figure\"><img loading=\"lazy\" decoding=\"async\" width=\"1200\" height=\"675\" class=\"wp-image-2724693 wp-image wp-image\" src=\"https:\/\/www.europesays.com\/fr\/wp-content\/uploads\/2025\/07\/apple-prime-day-2025-1200x675.jpg\" alt=\"\"  \/><\/a><\/p>\n<p>                                            00:00<br \/>\n                                                                Sony ULT Field 5<\/p>\n<p>Lanc\u00e9e en avril 2025, l\u2019enceinte Bluetooth Sony ULT Field mise tout sur les basses et promet donc un son bien puissant. Le tout, d\u00e9livr\u00e9 par un mod\u00e8le compact, facile \u00e0 transporter et r\u00e9sistant.<\/p>\n<p><a href=\"https:\/\/images.frandroid.com\/wp-content\/uploads\/2025\/07\/sony-ult-field-5-prime-day-2025.jpg\" target=\"_blank\" rel=\"noopener nofollow\" class=\"article-content__figure\"><img loading=\"lazy\" decoding=\"async\" width=\"1200\" height=\"675\" class=\"wp-image-2724685 wp-image wp-image\" src=\"https:\/\/www.europesays.com\/fr\/wp-content\/uploads\/2025\/07\/sony-ult-field-5-prime-day-2025-1200x675.jpg\" alt=\"\"  \/><\/a><\/p>\n<ul class=\"wp-block-list\">\n<li style=\"list-style-type: none\">\n<ul class=\"wp-block-list\">\n<li>Son format compact et sa bandouli\u00e8re<\/li>\n<\/ul>\n<\/li>\n<\/ul>\n<ul class=\"wp-block-list\">\n<li style=\"list-style-type: none\">\n<ul class=\"wp-block-list\">\n<li>Une autonomie de 25 heures<\/li>\n<\/ul>\n<\/li>\n<\/ul>\n<p>Habituellement affich\u00e9e \u00e0 299,99 euros, l\u2019enceinte Sony ULT Field 5 est d\u00e9sormais <a href=\"https:\/\/shop.frandroid.com\/yvqp5eb5\" target=\"_blank\" rel=\"noreferrer noopener affiliate nofollow\" data-gtm=\"{&quot;event&quot;:&quot;afficlic&quot;,&quot;nom_marchand&quot;:&quot;amazon_fr&quot;,&quot;nom_produit&quot;:&quot;inconnu&quot;,&quot;categorie_produit&quot;:&quot;inconnu&quot;,&quot;module_produit&quot;:&quot;editolink&quot;,&quot;position_marchand&quot;:0,&quot;texte&quot;:&quot;proposee-a-259-euros-sur-amazon&quot;,&quot;offer_url&quot;:&quot;https:\/\/shop.frandroid.com\/yvqp5eb5&quot;,&quot;zone&quot;:&quot;contenu-page&quot;}\">propos\u00e9e \u00e0 259,99 euros sur Amazon<\/a>.<\/p>\n<p>L\u2019ancienne r\u00e9f\u00e9rence, la Sony ULT Field 3, est de son c\u00f4t\u00e9 <a href=\"https:\/\/shop.frandroid.com\/rianpw7m\" target=\"_blank\" rel=\"noreferrer noopener affiliate nofollow\" data-gtm=\"{&quot;event&quot;:&quot;afficlic&quot;,&quot;nom_marchand&quot;:&quot;amazon_fr&quot;,&quot;nom_produit&quot;:&quot;inconnu&quot;,&quot;categorie_produit&quot;:&quot;inconnu&quot;,&quot;module_produit&quot;:&quot;editolink&quot;,&quot;position_marchand&quot;:0,&quot;texte&quot;:&quot;vendue-a-139-euros-au-lieu-de-199-euros-sur-amazon&quot;,&quot;offer_url&quot;:&quot;https:\/\/shop.frandroid.com\/rianpw7m&quot;,&quot;zone&quot;:&quot;contenu-page&quot;}\">vendue \u00e0 139 euros au lieu de 199 euros sur Amazon<\/a>.<\/p>\n<p>                                            00:00<br \/>\n                                                                Xiaomi Poco F7 Ultra<\/p>\n<p>Taill\u00e9 pour les gamers et dop\u00e9 \u00e0 l\u2019IA en prime, le Xiaomi Poco F7 Ultra est le smartphone le plus muscl\u00e9 de la s\u00e9rie Poco F7 lanc\u00e9e en mars dernier. Pendant le Prime Day d\u2019Amazon, on trouve d\u00e9j\u00e0 sa version 512 Go avec 100 euros de r\u00e9duction.<\/p>\n<p><a href=\"https:\/\/images.frandroid.com\/wp-content\/uploads\/2025\/07\/poco-f7-ultra-prime-day-2025.jpg\" target=\"_blank\" rel=\"noopener nofollow\" class=\"article-content__figure\"><img loading=\"lazy\" decoding=\"async\" width=\"1200\" height=\"675\" class=\"wp-image-2724355 wp-image wp-image\" src=\"https:\/\/www.europesays.com\/fr\/wp-content\/uploads\/2025\/07\/poco-f7-ultra-prime-day-2025-1200x675.jpg\" alt=\"\"  \/><\/a><\/p>\n<ul class=\"wp-block-list\">\n<li style=\"list-style-type: none\">\n<ul class=\"wp-block-list\">\n<li>Un smartphone \u00e9tanche (IP68)<\/li>\n<\/ul>\n<\/li>\n<\/ul>\n<ul class=\"wp-block-list\">\n<li style=\"list-style-type: none\">\n<ul class=\"wp-block-list\">\n<li>Un processeur Snapdragon 8 Elite ultra-puissant<\/li>\n<\/ul>\n<\/li>\n<\/ul>\n<p>Initialement affich\u00e9 \u00e0 799,99 euros, le Xiaomi Poco F7 Ultra (512 Go) est aujourd\u2019hui <a href=\"https:\/\/shop.frandroid.com\/dxle9phn\" target=\"_blank\" rel=\"noreferrer noopener affiliate nofollow\" data-gtm=\"{&quot;event&quot;:&quot;afficlic&quot;,&quot;nom_marchand&quot;:&quot;amazon_fr&quot;,&quot;nom_produit&quot;:&quot;inconnu&quot;,&quot;categorie_produit&quot;:&quot;inconnu&quot;,&quot;module_produit&quot;:&quot;editolink&quot;,&quot;position_marchand&quot;:0,&quot;texte&quot;:&quot;disponible-en-promotion-a-699-99-euros-sur-amazon&quot;,&quot;offer_url&quot;:&quot;https:\/\/shop.frandroid.com\/dxle9phn&quot;,&quot;zone&quot;:&quot;contenu-page&quot;}\">disponible en promotion \u00e0 699,99 euros sur Amazon<\/a>.<\/p>\n<p>Son petit fr\u00e8re, le Xiaomi Poco F7 Pro (256 Go), est quant \u00e0 lui <a href=\"https:\/\/shop.frandroid.com\/zrs33mvr\" target=\"_blank\" rel=\"noreferrer noopener affiliate nofollow\" data-gtm=\"{&quot;event&quot;:&quot;afficlic&quot;,&quot;nom_marchand&quot;:&quot;amazon_fr&quot;,&quot;nom_produit&quot;:&quot;inconnu&quot;,&quot;categorie_produit&quot;:&quot;inconnu&quot;,&quot;module_produit&quot;:&quot;editolink&quot;,&quot;position_marchand&quot;:0,&quot;texte&quot;:&quot;propose-a-469-99-euros-au-lieu-de-499-90-euros-sur-amazon&quot;,&quot;offer_url&quot;:&quot;https:\/\/shop.frandroid.com\/zrs33mvr&quot;,&quot;zone&quot;:&quot;contenu-page&quot;}\">propos\u00e9 \u00e0 469,99 euros au lieu de 499,90 euros sur Amazon<\/a>.<\/p>\n<p>                                            00:00<br \/>\n                                                                Xiaomi Poco M7 Pro 5G<\/p>\n<p>Le Xiaomi Poco M7 Pro 5G est un smartphone d\u2019entr\u00e9e de gamme qui est l\u00e0 pour ravir les petits budgets, surtout sur des jours quand le Prime Day d\u2019Amazon tombe.<\/p>\n<p><a href=\"https:\/\/images.frandroid.com\/wp-content\/uploads\/2025\/07\/poco-m7-pro-5g-prime-day-2025.jpg\" target=\"_blank\" rel=\"noopener nofollow\" class=\"article-content__figure\"><img loading=\"lazy\" decoding=\"async\" width=\"1200\" height=\"675\" class=\"wp-image-2724477 wp-image wp-image\" src=\"https:\/\/www.europesays.com\/fr\/wp-content\/uploads\/2025\/07\/poco-m7-pro-5g-prime-day-2025-1200x675.jpg\" alt=\"\"  \/><\/a><\/p>\n<ul class=\"wp-block-list\">\n<li style=\"list-style-type: none\">\n<ul class=\"wp-block-list\">\n<li>Son \u00e9cran Amoled Full HD de 6,67 pouces \u00e0 120 Hz<\/li>\n<\/ul>\n<\/li>\n<\/ul>\n<ul class=\"wp-block-list\">\n<li style=\"list-style-type: none\">\n<ul class=\"wp-block-list\">\n<li>Les performances du GPU Dimensity 7025-Ultra<\/li>\n<\/ul>\n<\/li>\n<\/ul>\n<ul class=\"wp-block-list\">\n<li style=\"list-style-type: none\">\n<ul class=\"wp-block-list\">\n<li>La batterie de 5 110 mAh pour tenir plus d\u2019une journ\u00e9e<\/li>\n<\/ul>\n<\/li>\n<\/ul>\n<p>Avant le d\u00e9but du Prime Day Amazon, le Xiaomi Poco M7 Pro 5G \u00e9tait vendu 243 euros sur le site marchand. L\u00e0, pendant quelques jours, vous pouvez <a href=\"https:\/\/shop.frandroid.com\/p6rm8bpx\" target=\"_blank\" rel=\"noreferrer noopener affiliate nofollow\" data-gtm=\"{&quot;event&quot;:&quot;afficlic&quot;,&quot;nom_marchand&quot;:&quot;amazon_fr&quot;,&quot;nom_produit&quot;:&quot;inconnu&quot;,&quot;categorie_produit&quot;:&quot;inconnu&quot;,&quot;module_produit&quot;:&quot;editolink&quot;,&quot;position_marchand&quot;:0,&quot;texte&quot;:&quot;le-commander-pour-189-euros&quot;,&quot;offer_url&quot;:&quot;https:\/\/shop.frandroid.com\/p6rm8bpx&quot;,&quot;zone&quot;:&quot;contenu-page&quot;}\">le commander pour 189 euros<\/a>.<\/p>\n<p>                                            00:00<br \/>\n                                                                iPad 11<\/p>\n<p>Apple sort l\u2019artillerie l\u00e9g\u00e8re, mais pr\u00e9cise avec son iPad 11 pouces \u00e9quip\u00e9 de la puce A16, en promo aujourd\u2019hui pour le Prime Day.<\/p>\n<p><a href=\"https:\/\/images.frandroid.com\/wp-content\/uploads\/2025\/07\/apple-ipad-11-prime-days-soldes-2025-bons-plans-frandroid.jpg\" target=\"_blank\" rel=\"noopener nofollow\" class=\"article-content__figure\"><img loading=\"lazy\" decoding=\"async\" width=\"1200\" height=\"675\" class=\"wp-image-2723667 wp-image wp-image\" src=\"https:\/\/www.europesays.com\/fr\/wp-content\/uploads\/2025\/07\/apple-ipad-11-prime-days-soldes-2025-bons-plans-frandroid-1200x675.jpg\" alt=\"\"  \/><\/a><\/p>\n<ul class=\"wp-block-list\">\n<li style=\"list-style-type: none\">\n<ul class=\"wp-block-list\">\n<li>Une puce A16 Bionic : ultra rapide pour les apps cr\u00e9atives et le multit\u00e2che<\/li>\n<\/ul>\n<\/li>\n<\/ul>\n<ul class=\"wp-block-list\">\n<li style=\"list-style-type: none\">\n<ul class=\"wp-block-list\">\n<li>Un \u00e9cran Liquid Retina 11 pouces : net, lumineux, r\u00e9actif<\/li>\n<\/ul>\n<\/li>\n<\/ul>\n<ul class=\"wp-block-list\">\n<li style=\"list-style-type: none\">\n<ul class=\"wp-block-list\">\n<li>Cam\u00e9ras avant\/arri\u00e8re 12 Mpx : parfaites pour visios et captures de qualit\u00e9<\/li>\n<\/ul>\n<\/li>\n<\/ul>\n<p>Au lieu de 409,99 euros, l\u2019Apple iPad 11 est <a href=\"https:\/\/shop.frandroid.com\/2ey0tn37\" target=\"_blank\" rel=\"noreferrer noopener affiliate nofollow\" data-type=\"link\" data-id=\"https:\/\/shop.frandroid.com\/2ey0tn37\">aujourd\u2019hui disponible en promotion \u00e0 359,99 euros sur Amazon<\/a>.<\/p>\n<p>                                            00:00<br \/>\n                                                                iPhone 16e<\/p>\n<p>L\u2019iPhone 16e est le smartphone de l\u2019entre-deux, celui qui est propos\u00e9 au public entre deux grandes it\u00e9rations. Il s\u2019agit de l\u2019\u00e9quivalent de la gamme SE d\u2019Apple qui est l\u00e0 pour proposer un produit plus accessible financi\u00e8rement que le flagship de la marque.<\/p>\n<p><a href=\"https:\/\/images.frandroid.com\/wp-content\/uploads\/2025\/07\/apple-iphone-16e-prime-day-2025.jpg\" target=\"_blank\" rel=\"noopener nofollow\" class=\"article-content__figure\"><img loading=\"lazy\" decoding=\"async\" width=\"1200\" height=\"675\" class=\"wp-image-2723471 wp-image wp-image\" src=\"https:\/\/www.europesays.com\/fr\/wp-content\/uploads\/2025\/07\/apple-iphone-16e-prime-day-2025-1200x675.jpg\" alt=\"\"  \/><\/a><\/p>\n<ul class=\"wp-block-list\">\n<li style=\"list-style-type: none\">\n<ul class=\"wp-block-list\">\n<li>Pour son \u00e9cran OLED HDR Dolby Vision de qualit\u00e9<\/li>\n<\/ul>\n<\/li>\n<\/ul>\n<ul class=\"wp-block-list\">\n<li style=\"list-style-type: none\">\n<ul class=\"wp-block-list\">\n<li>Parce qu\u2019il a une autonomie au-dessus de la moyenne<\/li>\n<\/ul>\n<\/li>\n<\/ul>\n<ul class=\"wp-block-list\">\n<li style=\"list-style-type: none\">\n<ul class=\"wp-block-list\">\n<li>Sa puce Apple A18 joue tr\u00e8s bien son r\u00f4le<\/li>\n<\/ul>\n<\/li>\n<\/ul>\n<p>L\u2019iPhone 16e est sur le march\u00e9 depuis le 28 f\u00e9vrier 2025 pour 719 euros, en tout cas pour la version 128 Go qui est celle propos\u00e9e ici. Mais pendant le Prime Day Amazon, <a href=\"https:\/\/shop.frandroid.com\/iwthf8yl\" target=\"_blank\" rel=\"noreferrer noopener affiliate nofollow\" data-gtm=\"{&quot;event&quot;:&quot;afficlic&quot;,&quot;nom_marchand&quot;:&quot;amazon_fr&quot;,&quot;nom_produit&quot;:&quot;inconnu&quot;,&quot;categorie_produit&quot;:&quot;inconnu&quot;,&quot;module_produit&quot;:&quot;editolink&quot;,&quot;position_marchand&quot;:0,&quot;texte&quot;:&quot;il-est-disponible-pour-592-euros&quot;,&quot;offer_url&quot;:&quot;https:\/\/shop.frandroid.com\/iwthf8yl&quot;,&quot;zone&quot;:&quot;contenu-page&quot;}\">il est disponible pour 592 euros<\/a>.<\/p>\n<p>                23:59<\/p>\n<p>                    Amazon Echo Buds 2<\/p>\n<p>Les \u00e9couteurs Echo Buds Gen 2 sont des intra-auriculaires avec r\u00e9duction de bruit active dont le prix est consid\u00e9rablement r\u00e9duit pendant le Prime Day.<\/p>\n<p><a href=\"https:\/\/images.frandroid.com\/wp-content\/uploads\/2025\/07\/amazon-echo-buds-2-prime-day-2025.jpg\" target=\"_blank\" rel=\"noopener nofollow\" class=\"article-content__figure\"><img loading=\"lazy\" decoding=\"async\" width=\"1200\" height=\"675\" class=\"wp-image-2723283 wp-image wp-image\" src=\"https:\/\/www.europesays.com\/fr\/wp-content\/uploads\/2025\/07\/amazon-echo-buds-2-prime-day-2025-1200x675.jpg\" alt=\"\"  \/><\/a><\/p>\n<ul class=\"wp-block-list\">\n<li style=\"list-style-type: none\">\n<ul class=\"wp-block-list\">\n<li>Ils s\u2019int\u00e8grent imm\u00e9diatement \u00e0 l\u2019\u00e9cosyst\u00e8me Alexa<\/li>\n<\/ul>\n<\/li>\n<\/ul>\n<ul class=\"wp-block-list\">\n<li style=\"list-style-type: none\">\n<ul class=\"wp-block-list\">\n<li>4 tailles d\u2019embouts en silicone pour aller dans toutes les oreilles<\/li>\n<\/ul>\n<\/li>\n<\/ul>\n<ul class=\"wp-block-list\">\n<li style=\"list-style-type: none\">\n<ul class=\"wp-block-list\">\n<li>La charge rapide pour retrouver 2h d\u2019autonomie en 15 minutes<\/li>\n<\/ul>\n<\/li>\n<\/ul>\n<p>Les Amazon Echo Buds 2 co\u00fbtent, au prix fort, 119,99 euros. Pour le Prime Day, vous avez l\u2019opportunit\u00e9 de les commander <a href=\"https:\/\/shop.frandroid.com\/7h9eqr8i\" target=\"_blank\" rel=\"noreferrer noopener affiliate nofollow\" data-gtm=\"{&quot;event&quot;:&quot;afficlic&quot;,&quot;nom_marchand&quot;:&quot;amazon_fr&quot;,&quot;nom_produit&quot;:&quot;inconnu&quot;,&quot;categorie_produit&quot;:&quot;inconnu&quot;,&quot;module_produit&quot;:&quot;editolink&quot;,&quot;position_marchand&quot;:0,&quot;texte&quot;:&quot;pour-24-99-euros&quot;,&quot;offer_url&quot;:&quot;https:\/\/shop.frandroid.com\/7h9eqr8i&quot;,&quot;zone&quot;:&quot;contenu-page&quot;}\">pour 24,99 euros<\/a>.<\/p>\n<p>Quels autres avantages pour les membres Amazon Prime ?<\/p>\n<p>Mis \u00e0 part les nombreuses offres dont vous pouvez profiter du Prime Day actuellement, le programme <a href=\"https:\/\/www.frandroid.com\/guide-dachat\/405507_10-avantages-damazon-prime-premium-et-comment-en-profiter-gratuitement-pendant-un-mois\" rel=\"nofollow noopener\" target=\"_blank\">Amazon Prime<\/a> regorge d\u2019avantages en tout genre pour vous faire rester le plus longtemps possible abonn\u00e9 au service. On retrouve notamment :<\/p>\n<p>Les Soldes d\u2019\u00e9t\u00e9 2025 x Prime Day avec Frandroid<\/p>\n<p>Jusqu\u2019au 22 juillet prochain, ce sont <a href=\"https:\/\/www.frandroid.com\/bons-plans\/2717571_soldes-dete-amazon-et-dautres-cassent-les-prix-pour-la-2e-demarque-voici-les-meilleures-offres-en-direct\" data-type=\"link\" data-id=\"https:\/\/www.frandroid.com\/bons-plans\/2717571_soldes-dete-amazon-et-dautres-cassent-les-prix-pour-la-2e-demarque-voici-les-meilleures-offres-en-direct\" target=\"_blank\" rel=\"noreferrer noopener nofollow\">les soldes d\u2019\u00e9t\u00e9 en France<\/a>. Mais, entre deux, le <a href=\"https:\/\/www.frandroid.com\/bons-plans\/2724701_amazon-lance-son-prime-day-2025-voici-les-meilleures-offres-en-direct-pour-ce-premier-jour-de-promotions\" target=\"_blank\" rel=\"noreferrer noopener nofollow\">Prime Day d\u2019Amazon<\/a> a fait son apparition, jusqu\u2019au 11 juillet. En cette occasion, la r\u00e9daction de Frandroid met \u00e0 votre service son expertise en mati\u00e8re de nouvelles technologies pour vous aider \u00e0 faire votre choix dans votre prochain achat Tech \u00e0 prix r\u00e9duit. Il y a plusieurs articles avec diff\u00e9rentes th\u00e9matiques, \u00e0 vous de choisir :<\/p>\n<p>Amazon Prime Day 2025<\/p>\n<p>Soldes d\u2019\u00e9t\u00e9 2025 <\/p>\n<p>Et pour \u00eatre s\u00fbr de ne manquer aucun bon plan de l\u2019\u00e9dition 2025 des soldes d\u2019\u00e9t\u00e9 et du Prime Day, vous pouvez aussi :<\/p>\n<ul class=\"wp-block-list\">\n<li>Nous suivre sur notre compte X\u00a0<a href=\"https:\/\/twitter.com\/FrandroidPromos\" target=\"_blank\" rel=\"noopener noreferrer nofollow\">@FrandroidPromos<\/a> uniquement d\u00e9di\u00e9 aux bons plans (pensez \u00e0 activer la cloche pour recevoir les notifications en temps r\u00e9el)<\/li>\n<li>\n<a href=\"https:\/\/whatsapp.com\/channel\/0029VabYxm5LI8YhSlD8xc05\" target=\"_blank\" rel=\"noopener nofollow\">Rejoindre notre canal WhatsApp<\/a> pour recevoir une fois par jour un condens\u00e9 des meilleures offres<\/li>\n<li>T\u00e9l\u00e9charger notre <a href=\"https:\/\/www.frandroid.com\/telecharger\/apps\/frandroid\" target=\"_blank\" rel=\"noopener nofollow\">application Frandroid<\/a> (disponible sur iOS et Android) pour activer les notifications de la cat\u00e9gorie \u00ab Bons Plans \u00bb et ainsi recevoir en temps r\u00e9el les nouveaux articles publi\u00e9s<\/li>\n<li>S\u2019abonner \u00e0 notre newsletter pour \u00eatre s\u00fbr de recevoir les offres en avant-premi\u00e8re (pas plus d\u2019un mail par jour, d\u00e9sinscription en 1 clic, aucune diffusion \u00e0 des tiers) :<\/li>\n<\/ul>\n<p class=\"newsletter-form__title is-size-6 is-size-7-mobile is-uppercase has-text-good-deals has-text-weight-semibold mb-4 px-5\">Frandroid Bons plans<\/p>\n<p class=\"has-text-centered-tablet newsletter-form__subtitle is-size-4 has-text-weight-bold has-text-primary column is-9-tablet is-10-mobile\">\n                C\u2019est enregistr\u00e9 ! Surveillez votre bo\u00eete aux lettres, vous allez entendre parler de nous\u00a0!\n            <\/p>\n<p class=\"newsletter-form__subtitle is-size-4 has-text-weight-bold has-text-gradient-pink\">Ne manquez aucun bon plan avec notre newsletter<\/p>\n<p class=\"is-size-7\">\n                Les donn\u00e9es transmises par le biais de ce formulaire sont destin\u00e9es \u00e0 Humanoid,<br \/>\n                soci\u00e9t\u00e9 \u00e9ditrice du site Frandroid en sa qualit\u00e9 de responsable de traitement.<br \/>\n                Elles ne seront en aucun cas c\u00e9d\u00e9es \u00e0 des tiers. Ces donn\u00e9es sont trait\u00e9es sous r\u00e9serve d\u2019obtention de<br \/>\n                votre consentement pour vous envoyer par e-mail des actualit\u00e9s et informations relatives aux contenus<br \/>\n                \u00e9ditoriaux publi\u00e9s sur Frandroid. Vous pouvez vous opposer \u00e0 tout moment \u00e0 ces e-mails<br \/>\n                en cliquant sur les liens de d\u00e9sinscriptions pr\u00e9sents dans chacun d\u2019eux. Pour plus d\u2019informations, vous<br \/>\n                pouvez consulter l\u2019int\u00e9gralit\u00e9 de notre <a href=\"https:\/\/www.frandroid.com\/politique-donnees-personnelles\" rel=\"nofollow noopener\" target=\"_blank\"><br \/>\n                politique de traitement de vos donn\u00e9es personnelles<\/a>.<br \/>\n                Vous disposez d\u2019un droit d\u2019acc\u00e8s, de rectification, d\u2019effacement, de limitation, de portabilit\u00e9 et<br \/>\n                d\u2019opposition pour motif l\u00e9gitime aux donn\u00e9es personnelles vous concernant. Pour exercer l\u2019un de ces droits,<br \/>\n                merci d\u2019effectuer votre demande via notre <a href=\"https:\/\/www.frandroid.com\/contact\/#RGPD\" rel=\"nofollow noopener\" target=\"_blank\">formulaire<br \/>\n                de demandes d\u2019exercices de droits d\u00e9di\u00e9<\/a>.\n            <\/p>\n<p>Appels illimit\u00e9s<\/p>\n<p>150 Go en France<\/p>\n<p>40 Go en Europe<\/p>\n<p>\n                        14.99\u20ac\/mois\n                                            <\/p>\n<p>                                +47 Pays inclus\n                        <\/p>\n<p>Appels illimit\u00e9s<\/p>\n<p>120 Go \u2013 160 Go en France<\/p>\n<p>15 Go en Europe<\/p>\n<p>\n                        6.99\u20ac\/mois\n                                            <\/p>\n<p>                                SIM \u00e0 10\u20ac\n                        <\/p>\n<p>Appels illimit\u00e9s<\/p>\n<p>300 Go en France<\/p>\n<p>33 Go en Europe<\/p>\n<p>        <a href=\"https:\/\/www.frandroid.com\/comparateur-forfaits\" class=\"listplans-shortcode-cta button fr-button fr-button--pink fr-button--small-icon fr-button--icon-after mb-3-mobile \" rel=\"nofollow noopener\" target=\"_blank\"><br \/>\n            Tous les forfaits mobile<br \/>\n        <\/a><\/p>\n<p>D\u00e9bit jusqu\u2019\u00e0 8 Gb\/s <\/p>\n<p>Sans Player TV<\/p>\n<p>T\u00e9l\u00e9phonie fixe non incluse<\/p>\n<p>D\u00e9bit jusqu\u2019\u00e0 5 Gb\/s <\/p>\n<p>Sans Player TV<\/p>\n<p>T\u00e9l\u00e9phonie vers 1 destinations<\/p>\n<p>\n                        23.99\u20ac\/mois\n                                            <\/p>\n<p>                                49\u20ac offerts\n                        <\/p>\n<p>D\u00e9bit jusqu\u2019\u00e0 1 Gb\/s <\/p>\n<p>200 cha\u00eenes de TV incluses<\/p>\n<p>T\u00e9l\u00e9phonie vers 110 destinations<\/p>\n<p>\n                        29.99\u20ac\/mois\n                                            <\/p>\n<p>                                49\u20ac FMS offerts\n                        <\/p>\n<p>        <a href=\"https:\/\/www.frandroid.com\/offre-internet-comparateur-des-meilleures-offres-fibre-et-adsl\" class=\"listplans-shortcode-cta button fr-button fr-button--pink fr-button--small-icon fr-button--icon-after mb-3-mobile \" rel=\"nofollow noopener\" target=\"_blank\"><br \/>\n            Toutes les box internet<br \/>\n        <\/a><\/p>\n<p>Rejoignez-nous de 17 \u00e0 19h, un mercredi sur deux, pour l\u2019\u00e9mission <strong>UNLOCK<\/strong> produite par <strong>Frandroid<\/strong> et <strong>Numerama<\/strong> ! Actus tech, interviews, astuces et analyses\u2026 On se retrouve <a href=\"https:\/\/www.twitch.tv\/frandroidlive\" target=\"_blank\" rel=\"noopener nofollow\">en direct sur Twitch<\/a> ou en rediffusion <a href=\"https:\/\/www.youtube.com\/@unlocktalk\" target=\"_blank\" rel=\"noopener nofollow\">sur YouTube<\/a> !<\/p>\n<p>            <script async src=\"https:\/\/platform.twitter.com\/widgets.js\" charset=\"utf-8\"><\/script><\/p>\n","protected":false},"excerpt":{"rendered":"Amazon a d\u00e9j\u00e0 d\u00e9voil\u00e9 quelques bonnes affaires pendant les soldes d\u2019\u00e9t\u00e9 qui battent actuellement leur plein, mais le&hellip;\n","protected":false},"author":2,"featured_media":233897,"comment_status":"","ping_status":"","sticky":false,"template":"","format":"standard","meta":{"footnotes":""},"categories":[7],"tags":[37268,11776,270,1011,27,43,40,41,39,42,44,742],"class_list":{"0":"post-233896","1":"post","2":"type-post","3":"status-publish","4":"format-standard","5":"has-post-thumbnail","7":"category-sciences-et-technologies","8":"tag-amazon-prime-day-2025","9":"tag-amazon-prime","10":"tag-breaking","11":"tag-fr","12":"tag-france","13":"tag-science","14":"tag-science-and-technology","15":"tag-sciences","16":"tag-sciences-et-technologies","17":"tag-technologies","18":"tag-technology","19":"tag-update"},"share_on_mastodon":{"url":"https:\/\/pubeurope.com\/@fr\/114814869472612636","error":""},"_links":{"self":[{"href":"https:\/\/www.europesays.com\/fr\/wp-json\/wp\/v2\/posts\/233896","targetHints":{"allow":["GET"]}}],"collection":[{"href":"https:\/\/www.europesays.com\/fr\/wp-json\/wp\/v2\/posts"}],"about":[{"href":"https:\/\/www.europesays.com\/fr\/wp-json\/wp\/v2\/types\/post"}],"author":[{"embeddable":true,"href":"https:\/\/www.europesays.com\/fr\/wp-json\/wp\/v2\/users\/2"}],"replies":[{"embeddable":true,"href":"https:\/\/www.europesays.com\/fr\/wp-json\/wp\/v2\/comments?post=233896"}],"version-history":[{"count":0,"href":"https:\/\/www.europesays.com\/fr\/wp-json\/wp\/v2\/posts\/233896\/revisions"}],"wp:featuredmedia":[{"embeddable":true,"href":"https:\/\/www.europesays.com\/fr\/wp-json\/wp\/v2\/media\/233897"}],"wp:attachment":[{"href":"https:\/\/www.europesays.com\/fr\/wp-json\/wp\/v2\/media?parent=233896"}],"wp:term":[{"taxonomy":"category","embeddable":true,"href":"https:\/\/www.europesays.com\/fr\/wp-json\/wp\/v2\/categories?post=233896"},{"taxonomy":"post_tag","embeddable":true,"href":"https:\/\/www.europesays.com\/fr\/wp-json\/wp\/v2\/tags?post=233896"}],"curies":[{"name":"wp","href":"https:\/\/api.w.org\/{rel}","templated":true}]}}