{"id":233898,"date":"2025-07-08T00:50:10","date_gmt":"2025-07-08T00:50:10","guid":{"rendered":"https:\/\/www.europesays.com\/fr\/233898\/"},"modified":"2025-07-08T00:50:10","modified_gmt":"2025-07-08T00:50:10","slug":"en-cas-de-vente-de-sfr-letat-sera-attentif-a-la-protection-des-consommateurs-assure-marc-ferracci","status":"publish","type":"post","link":"https:\/\/www.europesays.com\/fr\/233898\/","title":{"rendered":"En cas de vente de SFR, l&rsquo;\u00c9tat sera attentif \u00e0 la \u00abprotection des consommateurs\u00bb, assure Marc Ferracci"},"content":{"rendered":"<p>L\u2019op\u00e9rateur fait l\u2019objet de nombreuses rumeurs de rachat, alors que sa maison m\u00e8re Altice France, lourdement endett\u00e9e, est entr\u00e9e depuis f\u00e9vrier dans un processus de restructuration de sa dette.<\/p>\n<p class=\"fig-paragraph\">C\u2019est un avertissement aux principaux acteurs du march\u00e9. L&rsquo;\u00c9tat sera attentif \u00e0 la \u00abprotection du consommateur\u00bb en cas de cession de l&rsquo;op\u00e9rateur\u00a0<a href=\"http:\/\/www.lefigaro.fr\/secteur\/high-tech\/apres-une-annee-2024-difficile-sfr-retrouve-de-l-oxygene-en-gagnant-a-nouveau-des-abonnes-20250415\" data-fig-type=\"Article\" data-gtm-custom-categorie=\"navigation\" data-gtm-custom-action=\"crossclick\" data-gtm-custom-label=\"Contextuel\" data-gtm-event=\"customEventSPE\" data-fig-domain=\"LEFIGARO\" rel=\"nofollow noopener\" target=\"_blank\">SFR<\/a>, qui pourrait reconfigurer le march\u00e9 des t\u00e9l\u00e9coms fran\u00e7ais, a indiqu\u00e9 le ministre de l&rsquo;Industrie Marc Ferracci sur BFM Business, dans un \u00e9change enregistr\u00e9 vendredi et diffus\u00e9 lundi. \u00abIl y a de multiples options qui sont li\u00e9es aux \u00e9volutions capitalistiques de SFR, et l&rsquo;\u00c9tat ici les regarde avec le souci de prot\u00e9ger le consommateur (&#8230;) et le souci de trouver un \u00e9quilibre entre la protection du consommateur et les capacit\u00e9s d&rsquo;investissement des op\u00e9rateurs\u00bb, a affirm\u00e9 M. Ferracci.<\/p>\n<p class=\"fig-paragraph\">SFR fait l&rsquo;objet de nombreuses rumeurs de rachat, alors que sa maison m\u00e8re Altice France, lourdement endett\u00e9e, est entr\u00e9e depuis f\u00e9vrier dans un processus de restructuration de sa dette apr\u00e8s un accord avec ses cr\u00e9anciers. La vente de SFR, valoris\u00e9 \u00e0 hauteur de 30 milliards d&rsquo;euros selon des rumeurs de march\u00e9, pourrait aboutir \u00e0 une reconfiguration in\u00e9dite du march\u00e9 des t\u00e9l\u00e9coms fran\u00e7ais depuis l&rsquo;arriv\u00e9e de l&rsquo;op\u00e9rateur Free en 2012.<\/p>\n<p>                                    <a class=\"fig-a11y-skip a11y-hidden\" href=\"#fig-a11y-skip-main-inarticle\"><br \/>\n        Passer la publicit\u00e9<br \/>\n    <\/a><\/p>\n<p class=\"fig-paragraph\">Le secteur pourrait en effet compter \u00e0 nouveau trois op\u00e9rateurs. Une telle \u00e9volution pourrait limiter la concurrence entre les diff\u00e9rents op\u00e9rateurs. Orange, op\u00e9rateur historique dont l&rsquo;\u00c9tat est le premier actionnaire, a d\u00e9j\u00e0 indiqu\u00e9 par la voix de sa directrice g\u00e9n\u00e9rale Christel Heydemann qu&rsquo;il ne serait \u00abpas \u00e0 la man\u0153uvre\u00bb en cas de vente de SFR, pour des raisons de r\u00e8gles de concurrence. En mai, Mme Heydemann et le pr\u00e9sident du conseil d&rsquo;administration d&rsquo;Orange, Jacques Aschenbroich, ont tout deux plaid\u00e9 pour une possible \u00abconsolidation\u00bb du march\u00e9 des op\u00e9rateurs.<\/p>\n","protected":false},"excerpt":{"rendered":"L\u2019op\u00e9rateur fait l\u2019objet de nombreuses rumeurs de rachat, alors que sa maison m\u00e8re Altice France, lourdement endett\u00e9e, est&hellip;\n","protected":false},"author":2,"featured_media":233899,"comment_status":"","ping_status":"","sticky":false,"template":"","format":"standard","meta":{"footnotes":""},"categories":[6],"tags":[35,33,34,1011,27,740,965],"class_list":{"0":"post-233898","1":"post","2":"type-post","3":"status-publish","4":"format-standard","5":"has-post-thumbnail","7":"category-economie","8":"tag-business","9":"tag-economie","10":"tag-economy","11":"tag-fr","12":"tag-france","13":"tag-sfr","14":"tag-telecommunications"},"share_on_mastodon":{"url":"","error":""},"_links":{"self":[{"href":"https:\/\/www.europesays.com\/fr\/wp-json\/wp\/v2\/posts\/233898","targetHints":{"allow":["GET"]}}],"collection":[{"href":"https:\/\/www.europesays.com\/fr\/wp-json\/wp\/v2\/posts"}],"about":[{"href":"https:\/\/www.europesays.com\/fr\/wp-json\/wp\/v2\/types\/post"}],"author":[{"embeddable":true,"href":"https:\/\/www.europesays.com\/fr\/wp-json\/wp\/v2\/users\/2"}],"replies":[{"embeddable":true,"href":"https:\/\/www.europesays.com\/fr\/wp-json\/wp\/v2\/comments?post=233898"}],"version-history":[{"count":0,"href":"https:\/\/www.europesays.com\/fr\/wp-json\/wp\/v2\/posts\/233898\/revisions"}],"wp:featuredmedia":[{"embeddable":true,"href":"https:\/\/www.europesays.com\/fr\/wp-json\/wp\/v2\/media\/233899"}],"wp:attachment":[{"href":"https:\/\/www.europesays.com\/fr\/wp-json\/wp\/v2\/media?parent=233898"}],"wp:term":[{"taxonomy":"category","embeddable":true,"href":"https:\/\/www.europesays.com\/fr\/wp-json\/wp\/v2\/categories?post=233898"},{"taxonomy":"post_tag","embeddable":true,"href":"https:\/\/www.europesays.com\/fr\/wp-json\/wp\/v2\/tags?post=233898"}],"curies":[{"name":"wp","href":"https:\/\/api.w.org\/{rel}","templated":true}]}}