{"id":233902,"date":"2025-07-08T00:52:13","date_gmt":"2025-07-08T00:52:13","guid":{"rendered":"https:\/\/www.europesays.com\/fr\/233902\/"},"modified":"2025-07-08T00:52:13","modified_gmt":"2025-07-08T00:52:13","slug":"sanctions-financieres-formation-des-imams-les-mesures-validees-par-macron-contre-l-entrisme","status":"publish","type":"post","link":"https:\/\/www.europesays.com\/fr\/233902\/","title":{"rendered":"Sanctions financi\u00e8res, formation des imams\u2026 Les mesures valid\u00e9es par Macron contre l\u2019\u00ab\u00a0entrisme\u00a0\u00bb"},"content":{"rendered":"<p>Une loi avant la fin de l\u2019\u00e9t\u00e9 et une application avant la fin de l\u2019ann\u00e9e pour lutter contre l\u2019entrisme <a href=\"https:\/\/www.20minutes.fr\/monde\/islamiste\/\" target=\"_blank\" class=\"color-ultramarine c-link\" rel=\"nofollow noopener\">islamiste<\/a>. C\u2019est l\u2019ambition affich\u00e9e d\u2019<a href=\"https:\/\/www.20minutes.fr\/politique\/emmanuel-macron\/\" target=\"_blank\" class=\"color-ultramarine c-link\" rel=\"nofollow noopener\">Emmanuel Macron<\/a> ce lundi \u00e0 l\u2019issue d\u2019un Conseil de d\u00e9fense et de s\u00e9curit\u00e9 nationale. Le pr\u00e9sident de la R\u00e9publique a, dans ce sens, pr\u00e9sent\u00e9 plusieurs \u00ab\u00a0mesures d\u2019entrave plus efficaces\u00a0\u00bb apr\u00e8s la diffusion, en mai, d\u2019un <a href=\"https:\/\/www.20minutes.fr\/societe\/4152796-20250511-freres-musulmans-rapport-presente-conseil-defense-21-mai\" target=\"_blank\" class=\"color-ultramarine c-link\" rel=\"nofollow noopener\">rapport<\/a> sur les <a href=\"https:\/\/www.20minutes.fr\/monde\/freres-musulmans\/\" target=\"_blank\" class=\"color-ultramarine c-link\" rel=\"nofollow noopener\">Fr\u00e8res musulmans<\/a> faisant \u00e9tat d\u2019une \u00ab\u00a0menace pour la coh\u00e9sion nationale\u00a0\u00bb.<\/p>\n<p>L\u2019id\u00e9e est \u00ab\u00a0de renforcer les mesures d\u2019entrave telles qu\u2019elles avaient \u00e9t\u00e9 pens\u00e9es et voulues dans le cadre de la <a href=\"https:\/\/www.20minutes.fr\/politique\/4080220-20240307-loi-separatisme-rapport-senatorial-deplore-bilan-peu-probant\" target=\"_blank\" class=\"color-ultramarine c-link\" rel=\"nofollow noopener\">lutte contre le s\u00e9paratisme<\/a>\u00a0\u00bb, a-t-il expliqu\u00e9.<\/p>\n<\/p>\n<p>Mesures financi\u00e8res et administratives<\/p>\n<p>Parmi ces mesures, \u00ab\u00a0on a act\u00e9 la cr\u00e9ation d\u2019une nouvelle mesure de gel des apports mon\u00e9taires et financiers\u00a0\u00bb, en \u00e9largissant ce qui existe d\u00e9j\u00e0 en mati\u00e8re de terrorisme, a expliqu\u00e9 le chef de l\u2019Etat.<\/p>\n<p>Il a \u00e9galement annonc\u00e9 un \u00e9largissement du champ des dissolutions administratives, pour l\u2019instant possibles pour les seules personnes morales, et qui pourront concerner les fonds de dotation.<\/p>\n<p>Liquidations facilit\u00e9s<\/p>\n<p>Autre mesure act\u00e9e\u00a0: un \u00ab\u00a0r\u00e9gime coercitif de dissolution des biens des organisations dissoutes\u00a0\u00bb, pour que le tribunal judiciaire, saisi par l\u2019administration, puisse d\u00e9signer un curateur charg\u00e9 de proc\u00e9der \u00e0 la liquidation.<\/p>\n<p>Pour celles des mesures qui demandent un changement de la loi, \u00ab\u00a0j\u2019ai demand\u00e9 que les textes soient finalis\u00e9s [\u2026] dans les semaines \u00e0 venir\u00a0\u00bb et \u00ab\u00a0qu\u2019on ait un texte pour la fin de l\u2019\u00e9t\u00e9\u00a0\u00bb, a ajout\u00e9 Emmanuel Macron dont \u00ab\u00a0l\u2019objectif est qu\u2019on ait un texte qui soit applicable en fin d\u2019ann\u00e9e\u00a0\u00bb.<\/p>\n<p>Ouvrages illicites<\/p>\n<p>Le chef de l\u2019Etat a aussi demand\u00e9 un renforcement du r\u00e9gime administratif d\u2019interdiction des ouvrages illicites, \u00ab\u00a0en allongeant le d\u00e9lai de prescription\u00a0\u00bb, et avec des mesures de lutte contre la provocation \u00e0 la <a href=\"https:\/\/www.20minutes.fr\/dossier\/discrimination\" target=\"_blank\" class=\"color-ultramarine c-link\" rel=\"nofollow noopener\">discrimination<\/a> et \u00e0 la <a href=\"https:\/\/www.20minutes.fr\/dossier\/violence\" target=\"_blank\" class=\"color-ultramarine c-link\" rel=\"nofollow noopener\">violence<\/a>.<\/p>\n<p>Le conseil de d\u00e9fense a \u00e9galement act\u00e9 des sanctions administratives \u00ab\u00a0avec des astreintes journali\u00e8res\u00a0\u00bb pour les associations ayant sign\u00e9 le CER (Contrat d\u2019engagement r\u00e9publicain) mais qui n\u2019en respectent pas les conditions.<\/p>\n<p>Sensibilisation des agents territoriaux<\/p>\n<p>Le <a href=\"https:\/\/www.20minutes.fr\/dossier\/gouvernement\" target=\"_blank\" class=\"color-ultramarine c-link\" rel=\"nofollow noopener\">Gouvernement<\/a> a enfin propos\u00e9 des \u00ab\u00a0mesures permettant d\u2019assurer pleinement la sensibilisation des instances europ\u00e9ennes, des \u00e9lus et agents de l\u2019Etat et territoriaux sur la strat\u00e9gie et l\u2019objectif de l\u2019entrisme, particuli\u00e8rement \u00e0 quelques mois du scrutin municipal\u00a0\u00bb, pr\u00e9cise un communiqu\u00e9 publi\u00e9 par l\u2019Elys\u00e9e.<\/p>\n<p>\u00ab\u00a0Les agents hospitaliers, du monde sportif et associatif b\u00e9n\u00e9ficieront ainsi de formations sur la conduite \u00e0 tenir face \u00e0 l\u2019islamisme\u00a0\u00bb, d\u00e9veloppe le texte.<\/p>\n<p>Formation des imams<\/p>\n<p>Le conseil de d\u00e9fense a aussi d\u00e9cid\u00e9 de \u00ab\u00a0renforcer la formation des imams dans notre pays\u00a0\u00bb pour \u00ab\u00a0vraiment sortir d\u2019une trop grande d\u00e9pendance avec les pays d\u2019origine\u00a0\u00bb.<\/p>\n<p><a href=\"https:\/\/www.20minutes.fr\/monde\/islamisme\/\" target=\"_blank\" class=\"c-link c-btn c-btn--primary\" rel=\"nofollow noopener\">Nos derniers articles sur l&rsquo;islamisme<\/a><\/p>\n<p>Pr\u00f4nant \u00ab\u00a0un discours d\u2019apaisement \u00e0 l\u2019\u00e9gard de tous nos compatriotes dont la religion est l\u2019islam\u00a0\u00bb et \u00ab\u00a0qui respectent totalement les r\u00e8gles de la R\u00e9publique\u00a0\u00bb, le pr\u00e9sident a aussi annonc\u00e9 qu\u2019il r\u00e9unirait \u00ab\u00a0\u00e0 l\u2019automne\u00a0\u00bb les repr\u00e9sentants du Forif (Forum repr\u00e9sentatif de l\u2019islam de France).<\/p>\n","protected":false},"excerpt":{"rendered":"Une loi avant la fin de l\u2019\u00e9t\u00e9 et une application avant la fin de l\u2019ann\u00e9e pour lutter contre&hellip;\n","protected":false},"author":2,"featured_media":233903,"comment_status":"","ping_status":"","sticky":false,"template":"","format":"standard","meta":{"footnotes":""},"categories":[4],"tags":[47,11,1073,1011,27,9305,5318,1253,36462,12,316,11737,25,104],"class_list":{"0":"post-233902","1":"post","2":"type-post","3":"status-publish","4":"format-standard","5":"has-post-thumbnail","7":"category-france","8":"tag-actualite","9":"tag-actualites","10":"tag-emmanuel-macron","11":"tag-fr","12":"tag-france","13":"tag-freres-musulmans","14":"tag-islam","15":"tag-islamisme","16":"tag-islamiste","17":"tag-news","18":"tag-politique","19":"tag-projet-de-loi","20":"tag-republique-francaise","21":"tag-societe"},"share_on_mastodon":{"url":"https:\/\/pubeurope.com\/@fr\/114814880560526165","error":""},"_links":{"self":[{"href":"https:\/\/www.europesays.com\/fr\/wp-json\/wp\/v2\/posts\/233902","targetHints":{"allow":["GET"]}}],"collection":[{"href":"https:\/\/www.europesays.com\/fr\/wp-json\/wp\/v2\/posts"}],"about":[{"href":"https:\/\/www.europesays.com\/fr\/wp-json\/wp\/v2\/types\/post"}],"author":[{"embeddable":true,"href":"https:\/\/www.europesays.com\/fr\/wp-json\/wp\/v2\/users\/2"}],"replies":[{"embeddable":true,"href":"https:\/\/www.europesays.com\/fr\/wp-json\/wp\/v2\/comments?post=233902"}],"version-history":[{"count":0,"href":"https:\/\/www.europesays.com\/fr\/wp-json\/wp\/v2\/posts\/233902\/revisions"}],"wp:featuredmedia":[{"embeddable":true,"href":"https:\/\/www.europesays.com\/fr\/wp-json\/wp\/v2\/media\/233903"}],"wp:attachment":[{"href":"https:\/\/www.europesays.com\/fr\/wp-json\/wp\/v2\/media?parent=233902"}],"wp:term":[{"taxonomy":"category","embeddable":true,"href":"https:\/\/www.europesays.com\/fr\/wp-json\/wp\/v2\/categories?post=233902"},{"taxonomy":"post_tag","embeddable":true,"href":"https:\/\/www.europesays.com\/fr\/wp-json\/wp\/v2\/tags?post=233902"}],"curies":[{"name":"wp","href":"https:\/\/api.w.org\/{rel}","templated":true}]}}