{"id":233910,"date":"2025-07-08T00:56:18","date_gmt":"2025-07-08T00:56:18","guid":{"rendered":"https:\/\/www.europesays.com\/fr\/233910\/"},"modified":"2025-07-08T00:56:18","modified_gmt":"2025-07-08T00:56:18","slug":"loctroi-passe-au-feu-verre","status":"publish","type":"post","link":"https:\/\/www.europesays.com\/fr\/233910\/","title":{"rendered":"l\u2019Octroi passe au feu verre"},"content":{"rendered":"<p>\u00c7a y est, sa r\u00e9putation est faite. Et \u00e0 l\u2019internationale. \u00c7a se sait jusqu\u2019en Chine, au Japon ou en Californie qu\u2019en juillet, Nancy allumera une cinquantaine de chalumeaux, et fera rendre l\u2019\u00e2me \u00e0 la mati\u00e8re verre sur quatre jours de cr\u00e9ation.<\/p>\n<p>\u00c7a se sait si bien que d\u00e9sormais, les ma\u00eetres verriers font le d\u00e9placement depuis des longitudes et latitudes lointaines pour venir rejoindre le feu cr\u00e9ateur nanc\u00e9ien. \u00ab\u00a0Sur les 50 verriers, on en a 18 au moins qui nous viennent de l\u2019\u00e9tranger.\u00a0\u00bb Et <a href=\"https:\/\/www.estrepublicain.fr\/culture-loisirs\/2025\/03\/31\/artisan-verrier-theophile-caille-ouvre-son-nouvel-atelier-au-public-ce-week-end\" target=\"_blank\" rel=\"noopener\">Th\u00e9ophile Caille<\/a> d\u2019\u00e9tablir la liste de m\u00e9moire\u00a0: \u00ab\u00a0Hollande, Belgique, Espagne, Portugal, mais aussi Turquie, Japon, Chine, Russie, Canada, USA\u2026\u00a0\u00bb<\/p>\n<p>Quasi deux fois plus avaient fait acte de candidature, autre signe incontestable de reconnaissance du Flame\u2019Off.<\/p>\n<p>Le <a href=\"https:\/\/www.estrepublicain.fr\/culture-loisirs\/2023\/07\/15\/flame-off-les-verriers-jouent-avec-le-feu-sur-le-site-alstom\" target=\"_blank\" rel=\"noopener\"> Flame\u2019Off<\/a> , manifestation d\u2019abord n\u00e9e dans les Vosges, a d\u00e9cid\u00e9 en\u00a02022 et\u00a02023 de poser ses becs de gaz \u00e0 Nancy, dans l\u2019espoir d\u2019y f\u00e9d\u00e9rer un int\u00e9r\u00eat plus grand. Attirant 3\u00a0500 visiteurs chacune.<\/p>\n<p>Apr\u00e8s quoi, l\u2019\u00e9v\u00e9nement se voulant biennal, il a marqu\u00e9 une pause en 2024. Et revient donc en 2025 avec un double challenge\u00a0: ne pas d\u00e9cevoir et s\u2019adapter \u00e0 un tout nouveau lieu.<\/p>\n<p>  Cr\u00e9ation en direct<\/p>\n<p>Le Flame\u2019Off fait partie, en effet, de ces manifestations qui avaient d\u2019abord trouv\u00e9 leur bonheur dans les murs de l\u2019ancien site Alstom, h\u00e9las ferm\u00e9 aujourd\u2019hui. Et comme d\u2019autres, il s\u2019est alors repli\u00e9 sur la Grande Halle de l\u2019Octroi qui, malgr\u00e9 son qualificatif, offre un espace un peu plus petit.<\/p>\n<p>\u00ab\u00a0Mais a priori, \u00e7a ne devrait pas changer grand-chose \u00e0 notre fa\u00e7on de faire.\u00a0\u00bb \u00c0 savoir que chacun des 50 verriers est invit\u00e9 \u00e0 cr\u00e9er en direct. De sorte que les visiteurs puissent assister \u00e0 ce rituel relevant autant de la science et de la technique que d\u2019une certaine alchimie artistique. Bref, un geste cr\u00e9atif.<\/p>\n<p>Un geste auquel les n\u00e9ophytes pourront s\u2019essayer \u00e0 leur tour in situ.<\/p>\n<p>Et ils sont d\u2019ailleurs nombreux \u00e0 venir se tester dans la chaleur de la flamme. Par simple curiosit\u00e9 parfois, \u00ab\u00a0mais aussi parce qu\u2019il y a de plus en plus de vocations qui naissent autour du verre\u00a0\u00bb, constate Th\u00e9ophile, coorganisateur de l\u2019\u00e9v\u00e9nement avec Fr\u00e9d\u00e9ric Demoisson. \u00ab\u00a0On voit m\u00eame des familles programmer leurs vacances pour faire le d\u00e9placement chez nous avec un de leurs enfants d\u00e9sireux de se lancer dans le verre.\u00a0\u00bb<\/p>\n<p>L\u2019\u00e9mission t\u00e9l\u00e9 \u00ab\u00a0En Verre et contre tous\u00a0\u00bb, forme de Top Chef de l\u2019art verrier, n\u2019est sans doute pas \u00e9trang\u00e8re \u00e0 cet heureux engouement. Jusqu\u2019\u00e0 risquer la saturation du march\u00e9\u00a0?<\/p>\n<p>Th\u00e9o ne s\u2019en inqui\u00e8te pas outre mesure. \u00ab\u00a0Quand on voit le nombre de c\u00e9ramistes qui s\u2019installent chaque ann\u00e9e, on se dit que nous, verriers, on a encore de la marge.\u00a0\u00bb<\/p>\n<p>Surtout, Flame\u2019Off joue la carte de l\u2019originalit\u00e9. \u00ab\u00a0Au chalumeau, on commence souvent en fabriquant des perles, mais ensuite, on a tous int\u00e9r\u00eat \u00e0 se d\u00e9marquer.\u00a0\u00bb C\u2019est ainsi qu\u2019ont surgi au bout de ses baguettes de verre des manches de couteau ou de blaireau \u00e0 barbe\u2026<\/p>\n<p>  Le cosmos dans les marbles<\/p>\n<p>Et c\u2019est ainsi, \u00e9galement, que la virtuosit\u00e9 du geste verrier se d\u00e9clinera \u00e0 l\u2019Octroi non seulement pour donner corps \u00e0 des bijoux, mais aussi des luminaires, objets de d\u00e9cos, d\u00e9licats et fragiles paysages sous cloches, pi\u00e8ces diverses des arts de la table \u00ab\u00a0dignes parfois d\u2019entrer dans des collections\u00a0\u00bb. Sous oublier les utilitaires, la verrerie scientifique, la sculpture animali\u00e8re (ou non) ou encore les \u00ab\u00a0marbles\u00a0\u00bb, billes de verre qui abritent \u00e0 elles seules des constellations tout enti\u00e8res.<\/p>\n<p>\u00ab\u00a0Un collectif de Polonais a m\u00eame cr\u00e9\u00e9 un orchestre d\u2019instruments en verre qu\u2019il nous donnera \u00e0 entendre sur sc\u00e8ne.\u00a0\u00bb Une sonorit\u00e9 cristalline, s\u2019il en est\u00a0!<\/p>\n<p class=\"note\">Flame\u2019Off, \u00e0 l\u2019Octroi de Nancy, du 11 au 14\u00a0juillet, de 10\u00a0h \u00e0 19\u00a0h (22\u00a0h le samedi)\u00a0; 3\u00a0\u20ac l\u2019entr\u00e9e, gratuit pour moins de 16 ans.<\/p>\n","protected":false},"excerpt":{"rendered":"\u00c7a y est, sa r\u00e9putation est faite. Et \u00e0 l\u2019internationale. \u00c7a se sait jusqu\u2019en Chine, au Japon ou&hellip;\n","protected":false},"author":2,"featured_media":233911,"comment_status":"","ping_status":"","sticky":false,"template":"","format":"standard","meta":{"footnotes":""},"categories":[9635],"tags":[1111,11,1477,1687,33,1704,1777,674,2271,1011,27,775,1702,1703,12,25,433],"class_list":{"0":"post-233910","1":"post","2":"type-post","3":"status-publish","4":"format-standard","5":"has-post-thumbnail","7":"category-nancy","8":"tag-actu","9":"tag-actualites","10":"tag-artisanat","11":"tag-culture-loisirs","12":"tag-economie","13":"tag-edition-nancy-et-agglomeration","14":"tag-eu","15":"tag-europe","16":"tag-exposition-arts-plastiques","17":"tag-fr","18":"tag-france","19":"tag-grand-est","20":"tag-nancy","21":"tag-nancy-ville-54b","22":"tag-news","23":"tag-republique-francaise","24":"tag-salon-de-lagriculture"},"share_on_mastodon":{"url":"https:\/\/pubeurope.com\/@fr\/114814896311439439","error":""},"_links":{"self":[{"href":"https:\/\/www.europesays.com\/fr\/wp-json\/wp\/v2\/posts\/233910","targetHints":{"allow":["GET"]}}],"collection":[{"href":"https:\/\/www.europesays.com\/fr\/wp-json\/wp\/v2\/posts"}],"about":[{"href":"https:\/\/www.europesays.com\/fr\/wp-json\/wp\/v2\/types\/post"}],"author":[{"embeddable":true,"href":"https:\/\/www.europesays.com\/fr\/wp-json\/wp\/v2\/users\/2"}],"replies":[{"embeddable":true,"href":"https:\/\/www.europesays.com\/fr\/wp-json\/wp\/v2\/comments?post=233910"}],"version-history":[{"count":0,"href":"https:\/\/www.europesays.com\/fr\/wp-json\/wp\/v2\/posts\/233910\/revisions"}],"wp:featuredmedia":[{"embeddable":true,"href":"https:\/\/www.europesays.com\/fr\/wp-json\/wp\/v2\/media\/233911"}],"wp:attachment":[{"href":"https:\/\/www.europesays.com\/fr\/wp-json\/wp\/v2\/media?parent=233910"}],"wp:term":[{"taxonomy":"category","embeddable":true,"href":"https:\/\/www.europesays.com\/fr\/wp-json\/wp\/v2\/categories?post=233910"},{"taxonomy":"post_tag","embeddable":true,"href":"https:\/\/www.europesays.com\/fr\/wp-json\/wp\/v2\/tags?post=233910"}],"curies":[{"name":"wp","href":"https:\/\/api.w.org\/{rel}","templated":true}]}}