{"id":233914,"date":"2025-07-08T00:58:11","date_gmt":"2025-07-08T00:58:11","guid":{"rendered":"https:\/\/www.europesays.com\/fr\/233914\/"},"modified":"2025-07-08T00:58:11","modified_gmt":"2025-07-08T00:58:11","slug":"la-librairie-mille-paresses-un-acteur-essentiel-a-la-vie-culturelle","status":"publish","type":"post","link":"https:\/\/www.europesays.com\/fr\/233914\/","title":{"rendered":"La librairie Mille Paresses, un acteur essentiel \u00e0 la vie culturelle"},"content":{"rendered":"<p>                    <img loading=\"lazy\" decoding=\"async\" src=\"https:\/\/www.europesays.com\/fr\/wp-content\/uploads\/2025\/07\/ad4e75f19e09f9cb786757fea28359.jpg\" class=\"img-responsive post-image\" width=\"680\" height=\"510\" alt=\"La librairie Mille Paress\" title=\"La librairie Mille Paresses, un acteur essentiel \u00e0 la vie culturelle\"\/><\/p>\n<p class=\"chapo\">Cela fait d\u00e9j\u00e0 10 ans que la commune a accueilli, avec enthousiasme, la librairie Mille Paresses.<\/p>\n<p>D\u00e8s l\u2019ouverture, les Prad\u00e9tanes et Prad\u00e9tans ont r\u00e9pondu pr\u00e9sents. D\u00e8s le lendemain, Herv\u00e9 Stassinos, le maire, est venu souhaiter la bienvenue \u00e0 la premi\u00e8re librairie de la commune, anim\u00e9e avec passion par <strong>H\u00e9l\u00e8ne, Sigrid et Pierre-Yves<\/strong>. Un accueil qui laissait pr\u00e9sager de beaux moments.<\/p>\n<p>DE BELLES RENCONTRES<\/p>\n<p>Et des moments, il y en a eu au fil de ces dix ann\u00e9es\u00a0! Avec des rencontres, des ateliers d\u2019\u00e9criture, des ateliers cr\u00e9atifs, des lectures \u00e0 voix haute, des dizaines et des dizaines de d\u00e9dicaces, \u00e0 commencer par celle de leur parrain, le dessinateur Pica, suivies de celles de Maylis de K\u00e9rangal, Audrey Pulvar, Tania de Montaigne, Sophie de Baere, Marion Kaplan, Sarah Briand, Karine Giebel, Serge Scotto, Fr\u00e9d\u00e9ric Couderc, Gr\u00e9goire Delacourt, Olivier Bal, \u00c9ric Giacometti, J\u00e9r\u00e9my Fel, Marie Tibi, Miguel Bonnefoy, L\u00e9onore Confino, Claude Ardid, Ren\u00e9 Fr\u00e9gni\u2026 et bien d\u2019autres encore.<br class=\"autobr\"\/><br \/>\nDix ann\u00e9es rythm\u00e9es \u00e9galement par de nombreux \u00e9v\u00e9nements dont deux salons du livre jeunesse, organis\u00e9s dans le parc Cravero, dans le cadre de \u00ab\u00a0<strong>Partir en Livre<\/strong>s\u00a0\u00bb, en 2017 et 2018, une participation \u00e0 la \u00ab\u00a0<strong>F\u00eate du Livre du Var <\/strong>\u00a0\u00bb, en tant qu\u2019exposant en novembre 2017. Un rendez-vous que les libraires renouvellent avec plaisir chaque ann\u00e9e. Ou la cr\u00e9ation, en 2023, du Festival <strong>Lire Au Pradet <\/strong> (FLAP), en collaboration avec la Ville et l\u2019association \u00ab\u00a0Lire Au Pradet\u00a0\u00bb. Ce festival, dont la troisi\u00e8me \u00e9dition vient tout juste de se terminer, a r\u00e9uni plus de 40 autrices et auteurs autour de conf\u00e9rences, ateliers, rencontres, spectacles et d\u00e9bats.<\/p>\n<p>PR\u00c9CIEUSE FID\u00c9LIT\u00c9<\/p>\n<p>Les libraires ont aussi tiss\u00e9 des liens forts avec les \u00ab\u00a0<strong> Ateliers de l\u2019\u00c9treinte<\/strong>\u00a0\u00bb et le \u00ab\u00a0<strong>Festival \u00c9quinoxe<\/strong>\u00a0\u00bb. Sans oublier quelques apparitions dans les m\u00e9dias, notamment dans T\u00e9l\u00e9 Matin pour la chronique des libraires (h\u00e9las disparue depuis), \u00e0 la radio avec l\u2019\u00e9mission litt\u00e9raire mensuelle \u00ab\u00a0? Dans l\u2019oreille d\u2019un chat\u00a0?\u00a0\u00bb, dans laquelle H\u00e9l\u00e8ne partage ses coups de c\u0153ur sur RCF M\u00e9diterran\u00e9e, ou des chroniques litt\u00e9raires de Pierre-Yves diffus\u00e9es chaque mois dans l\u2019\u00e9mission \u00ab\u00a0?Sous la plage y\u2019a des pav\u00e9s\u00a0?\u00a0\u00bb sur Radio Active 100FM.<br class=\"autobr\"\/><br \/>\n<strong>Ces dix ann\u00e9es ont fil\u00e9 \u00e0 toute vitesse (14 ans en r\u00e9alit\u00e9) puisque Mille Paresses a vu le jour en 2011 \u00e0 Carqueiranne, fond\u00e9e par H\u00e9l\u00e8ne Pinel et son mari Pascal.<\/strong><br class=\"autobr\"\/><br \/>\nLe 24 avril, autour du verre de l\u2019amiti\u00e9, leur client\u00e8le et Herv\u00e9 Stassinos les ont remerci\u00e9s pour leur pr\u00e9sence ce qui leur fait chaud au c\u0153ur. Mais, reconnaissant, le couple de libraires l\u2019assure\u00a0: \u00ab\u00a0 C\u2019est \u00e0 nous de vous dire merci pour votre soutien ind\u00e9fectible, vos marques d\u2019amiti\u00e9 et votre pr\u00e9cieuse fid\u00e9lit\u00e9 \u00a0\u00bb.<\/p>\n<p>Photo de Une \u00a9 PRESSE AGENCE<\/p>\n","protected":false},"excerpt":{"rendered":"Cela fait d\u00e9j\u00e0 10 ans que la commune a accueilli, avec enthousiasme, la librairie Mille Paresses. D\u00e8s l\u2019ouverture,&hellip;\n","protected":false},"author":2,"featured_media":233915,"comment_status":"","ping_status":"","sticky":false,"template":"","format":"standard","meta":{"footnotes":""},"categories":[9619],"tags":[1111,11,2408,1777,674,1011,27,12,882,25,2310],"class_list":{"0":"post-233914","1":"post","2":"type-post","3":"status-publish","4":"format-standard","5":"has-post-thumbnail","7":"category-toulon","8":"tag-actu","9":"tag-actualites","10":"tag-appels-d","11":"tag-eu","12":"tag-europe","13":"tag-fr","14":"tag-france","15":"tag-news","16":"tag-provence-alpes-cote-dazur","17":"tag-republique-francaise","18":"tag-toulon"},"share_on_mastodon":{"url":"https:\/\/pubeurope.com\/@fr\/114814904201065673","error":""},"_links":{"self":[{"href":"https:\/\/www.europesays.com\/fr\/wp-json\/wp\/v2\/posts\/233914","targetHints":{"allow":["GET"]}}],"collection":[{"href":"https:\/\/www.europesays.com\/fr\/wp-json\/wp\/v2\/posts"}],"about":[{"href":"https:\/\/www.europesays.com\/fr\/wp-json\/wp\/v2\/types\/post"}],"author":[{"embeddable":true,"href":"https:\/\/www.europesays.com\/fr\/wp-json\/wp\/v2\/users\/2"}],"replies":[{"embeddable":true,"href":"https:\/\/www.europesays.com\/fr\/wp-json\/wp\/v2\/comments?post=233914"}],"version-history":[{"count":0,"href":"https:\/\/www.europesays.com\/fr\/wp-json\/wp\/v2\/posts\/233914\/revisions"}],"wp:featuredmedia":[{"embeddable":true,"href":"https:\/\/www.europesays.com\/fr\/wp-json\/wp\/v2\/media\/233915"}],"wp:attachment":[{"href":"https:\/\/www.europesays.com\/fr\/wp-json\/wp\/v2\/media?parent=233914"}],"wp:term":[{"taxonomy":"category","embeddable":true,"href":"https:\/\/www.europesays.com\/fr\/wp-json\/wp\/v2\/categories?post=233914"},{"taxonomy":"post_tag","embeddable":true,"href":"https:\/\/www.europesays.com\/fr\/wp-json\/wp\/v2\/tags?post=233914"}],"curies":[{"name":"wp","href":"https:\/\/api.w.org\/{rel}","templated":true}]}}