{"id":233916,"date":"2025-07-08T00:59:20","date_gmt":"2025-07-08T00:59:20","guid":{"rendered":"https:\/\/www.europesays.com\/fr\/233916\/"},"modified":"2025-07-08T00:59:20","modified_gmt":"2025-07-08T00:59:20","slug":"recrues-et-prolongations-de-contrat-le-rc-toulon-devoile-les-contours-de-son-mercato","status":"publish","type":"post","link":"https:\/\/www.europesays.com\/fr\/233916\/","title":{"rendered":"recrues et prolongations de contrat, le RC Toulon d\u00e9voile les contours de son mercato"},"content":{"rendered":"<p>Le club varois a communiqu\u00e9 ce lundi sur les arriv\u00e9es et prolongations de contrat au sein de son effectif pour la saison prochaine.<\/p>\n<p class=\"fig-paragraph\">Le RC Toulon a d\u00e9voil\u00e9 le nom de toutes ses recrues pour la saison prochaine et l\u2019arriv\u00e9e \u00abde plusieurs renforts de haut niveau\u00bb ainsi que la \u00abprolongation de cadres exp\u00e9riment\u00e9s\u00bb.\u00a0<a href=\"https:\/\/www.lefigaro.fr\/sports\/rugby\/top-14\/calendrier-resultats?journee=28\" target=\"_blank\" rel=\"noopener nofollow\" data-gtm-custom-categorie=\"navigation\" data-gtm-custom-action=\"crossclick\" data-gtm-custom-label=\"Contextuel\" data-gtm-event=\"customEventSPE\">Demi-finaliste du Top 14<\/a>\u00a0battu par l\u2019UBB (39-24), sous les ordres de Pierre Mignoni, le RCT a recrut\u00e9 sept joueurs pour l\u2019exercice \u00e0 venir. Et annonce aussi la prolongation de contrat de trois \u00e9l\u00e9ments d\u2019exp\u00e9rience (J\u00e9r\u00e9my Sinzelle, Micka\u00ebl Ivaldi, Ma\u2019a Nonu).<\/p>\n<p class=\"fig-paragraph\">\u00ab Nous nous effor\u00e7ons de construire une \u00e9quipe \u00e9quilibr\u00e9e pour tenter de r\u00e9pondre aux ambitions du club, avance Laurent Emmanuelli, le directeur sportif du club varois. Ces arriv\u00e9es et prolongations s\u2019inscrivent dans la politique de club et dans notre plan de succession sportif. La p\u00e9riode officielle de mutation \u00e9tant termin\u00e9e, nous travaillons encore sur le recrutement \u00e9ventuel d\u2019un ou deux joueurs suppl\u00e9mentaires \u00e0 des postes cibl\u00e9s, en fonction des opportunit\u00e9s.\u00a0\u00bb<\/p>\n<p class=\"fig-body-link\">\n            \u00c0 lire aussi<br \/>\n        <a class=\"fig-body-link__link\" href=\"http:\/\/www.lefigaro.fr\/sports\/rugby\/top-14\/ubb-toulon-l-acceleration-du-champion-lamothe-casque-d-or-les-coups-de-coeur-et-coups-de-griffe-de-notre-envoye-special-20250622\" data-fig-type=\"NewsFlash\" data-gtm-custom-categorie=\"navigation\" data-gtm-custom-action=\"crossclick\" data-gtm-custom-label=\"Contextuel\" data-gtm-event=\"customEventSPE\" data-fig-domain=\"LEFIGARO\" rel=\"nofollow noopener\" target=\"_blank\">UBB-Toulon\u00a0: l\u2019acc\u00e9l\u00e9ration du champion, Lamothe casque d\u2019or&#8230; Les coups de c\u0153ur et coups de griffe de notre envoy\u00e9 sp\u00e9cial<br \/>\n    <\/a>\n<\/p>\n<p>                                    <a class=\"fig-a11y-skip a11y-hidden\" href=\"#fig-a11y-skip-main-inarticle\"><br \/>\n        Passer la publicit\u00e9<br \/>\n    <\/a><\/p>\n<p class=\"fig-paragraph\">Ainsi, Mat\u00e9o Garcia (ouvreur \u2013 France), Ignacio Brex (trois-quarts centre \u2013 Italie) , Zach Mercer (troisi\u00e8me ligne centre \u2013 Angleterre), Nikoloz Narmania (pilier droit \u2013 G\u00e9orgie), Patrick Tuifua (deuxi\u00e8me ligne \u2013 France), Clovis Le Bail (demi de m\u00eal\u00e9e \u2013 France), Mathis Fert\u00e9 (arri\u00e8re\/ailier \u2013 France), renforcent l\u2019effectif varois.<\/p>\n","protected":false},"excerpt":{"rendered":"Le club varois a communiqu\u00e9 ce lundi sur les arriv\u00e9es et prolongations de contrat au sein de son&hellip;\n","protected":false},"author":2,"featured_media":233917,"comment_status":"","ping_status":"","sticky":false,"template":"","format":"standard","meta":{"footnotes":""},"categories":[9619],"tags":[1111,11,1777,674,1011,27,12,882,8177,25,478,2310],"class_list":{"0":"post-233916","1":"post","2":"type-post","3":"status-publish","4":"format-standard","5":"has-post-thumbnail","7":"category-toulon","8":"tag-actu","9":"tag-actualites","10":"tag-eu","11":"tag-europe","12":"tag-fr","13":"tag-france","14":"tag-news","15":"tag-provence-alpes-cote-dazur","16":"tag-rc-toulon","17":"tag-republique-francaise","18":"tag-top-14","19":"tag-toulon"},"share_on_mastodon":{"url":"https:\/\/pubeurope.com\/@fr\/114814909007087722","error":""},"_links":{"self":[{"href":"https:\/\/www.europesays.com\/fr\/wp-json\/wp\/v2\/posts\/233916","targetHints":{"allow":["GET"]}}],"collection":[{"href":"https:\/\/www.europesays.com\/fr\/wp-json\/wp\/v2\/posts"}],"about":[{"href":"https:\/\/www.europesays.com\/fr\/wp-json\/wp\/v2\/types\/post"}],"author":[{"embeddable":true,"href":"https:\/\/www.europesays.com\/fr\/wp-json\/wp\/v2\/users\/2"}],"replies":[{"embeddable":true,"href":"https:\/\/www.europesays.com\/fr\/wp-json\/wp\/v2\/comments?post=233916"}],"version-history":[{"count":0,"href":"https:\/\/www.europesays.com\/fr\/wp-json\/wp\/v2\/posts\/233916\/revisions"}],"wp:featuredmedia":[{"embeddable":true,"href":"https:\/\/www.europesays.com\/fr\/wp-json\/wp\/v2\/media\/233917"}],"wp:attachment":[{"href":"https:\/\/www.europesays.com\/fr\/wp-json\/wp\/v2\/media?parent=233916"}],"wp:term":[{"taxonomy":"category","embeddable":true,"href":"https:\/\/www.europesays.com\/fr\/wp-json\/wp\/v2\/categories?post=233916"},{"taxonomy":"post_tag","embeddable":true,"href":"https:\/\/www.europesays.com\/fr\/wp-json\/wp\/v2\/tags?post=233916"}],"curies":[{"name":"wp","href":"https:\/\/api.w.org\/{rel}","templated":true}]}}