{"id":233922,"date":"2025-07-08T01:03:12","date_gmt":"2025-07-08T01:03:12","guid":{"rendered":"https:\/\/www.europesays.com\/fr\/233922\/"},"modified":"2025-07-08T01:03:12","modified_gmt":"2025-07-08T01:03:12","slug":"legere-contre-performance-pour-clara-liberman-record-personnel-pour-la-bretsoise-lena-kandissounon-les-resultats-des-bretons-au-meeting-de-sotteville-les-rouen","status":"publish","type":"post","link":"https:\/\/www.europesays.com\/fr\/233922\/","title":{"rendered":"L\u00e9g\u00e8re contre-performance pour Clara Liberman, record personnel pour la Bretsoise L\u00e9na Kandissounon : les r\u00e9sultats des Bretons au meeting de Sotteville-l\u00e8s-Rouen"},"content":{"rendered":"<p>Clara Liberman ne poursuivra pas sa folle s\u00e9rie. Apr\u00e8s <a href=\"https:\/\/www.letelegramme.fr\/sports\/athletisme\/clara-liberman-passe-encore-sous-les-deux-minutes-et-bat-son-record-sur-800-metres-6849655.php\" target=\"_blank\" rel=\"nofollow noopener\">deux performances de suite sous la barre des deux minutes<\/a>, la pensionnaire du Haute Bretagne Athl\u00e9tisme marque un peu le pas. De nouveau engag\u00e9e sur le double-tour de piste, ce lundi, au meeting de Sotteville-l\u00e8s-Rouen, la <a href=\"https:\/\/www.letelegramme.fr\/sports\/athletisme\/jai-vraiment-pris-du-kiff-clara-liberman-aux-anges-apres-sa-medaille-dargent-aux-championnats-deurope-6776606.php\" target=\"_blank\" rel=\"nofollow noopener\">vice-championne d\u2019Europe en salle<\/a> a r\u00e9alis\u00e9 un chrono de 2\u201901\u2019\u201947. Suffisant pour prendre la deuxi\u00e8me place de ce meeting class\u00e9 \u00ab argent \u00bb sur le circuit, mais Clara Liberman reste \u00e0 plus deux secondes de sa marque personnelle de 1\u201959\u2019\u201918.<\/p>\n<p>En revanche, sa co\u00e9quipi\u00e8re du HBA, la Brestoise L\u00e9na Kandissounon, cinqui\u00e8me de la s\u00e9rie, a battu son record personnel avec un temps de 2\u201902\u2019\u201915. Pr\u00e9sente sur la m\u00eame course, la Vannetaise Julia Ch\u00e9rot a termin\u00e9 la course en 2\u201903\u2019\u201986 (record personnel \u00e0 2\u201901\u2019\u201950).<\/p>\n<p>Dans le reste de la soir\u00e9e, le Briochin Ma\u00ebl Gouyette a pris la deuxi\u00e8me place du 1 500 m, avec une perf \u00e0 3\u201936\u2019\u201969 (record personnel \u00e0 3\u201932\u2019\u201967)<\/p>\n","protected":false},"excerpt":{"rendered":"Clara Liberman ne poursuivra pas sa folle s\u00e9rie. Apr\u00e8s deux performances de suite sous la barre des deux&hellip;\n","protected":false},"author":2,"featured_media":233923,"comment_status":"","ping_status":"","sticky":false,"template":"","format":"standard","meta":{"footnotes":""},"categories":[9587],"tags":[1111,11,4132,3166,1777,674,1011,27,12,5161,584,25,9590,60],"class_list":{"0":"post-233922","1":"post","2":"type-post","3":"status-publish","4":"format-standard","5":"has-post-thumbnail","7":"category-rouen","8":"tag-actu","9":"tag-actualites","10":"tag-athletisme","11":"tag-en-continu-sports","12":"tag-eu","13":"tag-europe","14":"tag-fr","15":"tag-france","16":"tag-news","17":"tag-normandie","18":"tag-rennes","19":"tag-republique-francaise","20":"tag-rouen","21":"tag-sports"},"share_on_mastodon":{"url":"https:\/\/pubeurope.com\/@fr\/114814924024050005","error":""},"_links":{"self":[{"href":"https:\/\/www.europesays.com\/fr\/wp-json\/wp\/v2\/posts\/233922","targetHints":{"allow":["GET"]}}],"collection":[{"href":"https:\/\/www.europesays.com\/fr\/wp-json\/wp\/v2\/posts"}],"about":[{"href":"https:\/\/www.europesays.com\/fr\/wp-json\/wp\/v2\/types\/post"}],"author":[{"embeddable":true,"href":"https:\/\/www.europesays.com\/fr\/wp-json\/wp\/v2\/users\/2"}],"replies":[{"embeddable":true,"href":"https:\/\/www.europesays.com\/fr\/wp-json\/wp\/v2\/comments?post=233922"}],"version-history":[{"count":0,"href":"https:\/\/www.europesays.com\/fr\/wp-json\/wp\/v2\/posts\/233922\/revisions"}],"wp:featuredmedia":[{"embeddable":true,"href":"https:\/\/www.europesays.com\/fr\/wp-json\/wp\/v2\/media\/233923"}],"wp:attachment":[{"href":"https:\/\/www.europesays.com\/fr\/wp-json\/wp\/v2\/media?parent=233922"}],"wp:term":[{"taxonomy":"category","embeddable":true,"href":"https:\/\/www.europesays.com\/fr\/wp-json\/wp\/v2\/categories?post=233922"},{"taxonomy":"post_tag","embeddable":true,"href":"https:\/\/www.europesays.com\/fr\/wp-json\/wp\/v2\/tags?post=233922"}],"curies":[{"name":"wp","href":"https:\/\/api.w.org\/{rel}","templated":true}]}}