{"id":233927,"date":"2025-07-08T01:06:27","date_gmt":"2025-07-08T01:06:27","guid":{"rendered":"https:\/\/www.europesays.com\/fr\/233927\/"},"modified":"2025-07-08T01:06:27","modified_gmt":"2025-07-08T01:06:27","slug":"une-serie-dinterdictions-pour-la-fete-nationale","status":"publish","type":"post","link":"https:\/\/www.europesays.com\/fr\/233927\/","title":{"rendered":"une s\u00e9rie d&rsquo;interdictions pour la f\u00eate Nationale"},"content":{"rendered":"<p>            Par<br \/>\n        <strong><br \/>\n            <a href=\"https:\/\/actu.fr\/auteur\/journaliste-lachronique\" title=\"Consulter tous les articles de R\u00e9daction Foug\u00e8res\" target=\"_blank\" rel=\"noopener\">R\u00e9daction Foug\u00e8res<\/a><br \/>\n        <\/strong><\/p>\n<p>        Publi\u00e9 le<\/p>\n<p>            7 juil. 2025 \u00e0 14h34        <\/p>\n<p><b>\u00ab\u00a0Chaque ann\u00e9e \u00e0 l\u2019occasion de la f\u00eate Nationale du 14 juillet, de nombreux accidents, atteintes aux personnes et aux biens ainsi que des nuisances sonores sont constat\u00e9s\u00a0\u00bb. <\/b>C\u2019est par ces mots que la pr\u00e9fecture d<a href=\"https:\/\/actu.fr\/bretagne\/ille-et-vilaine_35\" target=\"_blank\" rel=\"noopener\">\u2018Ille-et-Vilaine<\/a> justifie les <b>mesures<\/b> qu\u2019elle met en place tout au long du week-end, \u00e0 l\u2019occasion de la <b>f\u00eate Nationale<\/b>.<\/p>\n<p>Interdiction des feux d\u2019artifice par les particuliers<\/p>\n<p class=\" wall-content\">\u00ab\u00a0Afin de limiter ces risques et d\u2019assurer la s\u00e9curit\u00e9 de tous\u00a0\u00bb, la pr\u00e9fecture a pris <b>deux arr\u00eat\u00e9s <\/b>r\u00e9glementant la <b>vente de boissons alcoolis\u00e9es<\/b> ainsi que la vente et l\u2019<b>utilisation de produits chimiques<\/b>, inflammables ou explosifs, et l\u2019usage d\u2019artifices de divertissement.<\/p>\n<p class=\" wall-content\">Du vendredi 11 juillet \u00e0 6h jusqu\u2019au mardi 15 juillet \u00e0 6h, sont interdits sur la totalit\u00e9 du territoire d\u00e9partemental l\u2019acquisition, le port et le transport par des particuliers de bouteilles ou bidons contenant des<b> produits chimiques<\/b>, de substances ou <a href=\"https:\/\/www.ille-et-vilaine.gouv.fr\/contenu\/telechargement\/76527\/607419\/file\/AP_interdiction_FA_liquides_inflammables_jerrican_Fete%20nationale.pdf\" target=\"_blank\" rel=\"noopener\">m\u00e9langes dangereux<\/a>, <b>inflammables<\/b>, <b>corrosifs <\/b>ou <b>explosifs<\/b>, qu\u2019ils soient sous forme liquide, solide ou gazeuse.<\/p>\n<p class=\" wall-content\">La vente \u00e0 des particuliers, le port, le transport et l\u2019utilisation par des particuliers des artifices de divertissement, de mortier et d\u2019articles pyrotechniques sont \u00e9galement prohib\u00e9s.<\/p>\n<p class=\" wall-content\">Concernant <a href=\"https:\/\/www.ille-et-vilaine.gouv.fr\/contenu\/telechargement\/76526\/607414\/file\/AP_interdiction%20vente%20boissons%20alcoolis%C3%A9es%20a%20emporter_Fete%20nationale.pdf\" target=\"_blank\" rel=\"noopener\">l\u2019alcool,<\/a>\u00a0la vente \u00e0 emporter de boissons alcoolis\u00e9es du 3e et du 5e groupe, ainsi que la consommation d\u2019alcool sur la voie publique sont interdites.\u00a0<\/p>\n<p class=\" wall-content\">Et ce, du dimanche 13 juillet \u00e0 18h au lundi 14 juillet \u00e0 6h et du lundi 14 juillet \u00e0 18h au mardi 15 juillet \u00e0 6h.<\/p>\n<p>Vid\u00e9os : en ce moment sur Actu<\/p>\n<p class=\" wall-content\">Suivez toute l\u2019actualit\u00e9 de vos villes et m\u00e9dias favoris en vous inscrivant \u00e0 <a href=\"https:\/\/moncompte.actu.fr\" title=\"D\u00e9couvez Mon Actu\" rel=\"nofollow noopener\" data-trk=\"{&quot;cta&quot;:{&quot;action&quot;:&quot;https:\\\/\\\/moncompte.actu.fr&quot;,&quot;category&quot;:&quot;mon compte&quot;,&quot;from&quot;:&quot;article footer&quot;,&quot;name&quot;:&quot;Mon actu&quot;,&quot;type&quot;:&quot;cta&quot;}}\" target=\"_blank\">Mon Actu<\/a>.<\/p>\n","protected":false},"excerpt":{"rendered":"Par R\u00e9daction Foug\u00e8res Publi\u00e9 le 7 juil. 2025 \u00e0 14h34 \u00ab\u00a0Chaque ann\u00e9e \u00e0 l\u2019occasion de la f\u00eate Nationale&hellip;\n","protected":false},"author":2,"featured_media":233928,"comment_status":"","ping_status":"","sticky":false,"template":"","format":"standard","meta":{"footnotes":""},"categories":[2821],"tags":[1111,11,5702,829,1777,674,16701,1011,27,12,584,25,104],"class_list":{"0":"post-233927","1":"post","2":"type-post","3":"status-publish","4":"format-standard","5":"has-post-thumbnail","7":"category-rennes","8":"tag-actu","9":"tag-actualites","10":"tag-alcool","11":"tag-bretagne","12":"tag-eu","13":"tag-europe","14":"tag-feu-dartifice","15":"tag-fr","16":"tag-france","17":"tag-news","18":"tag-rennes","19":"tag-republique-francaise","20":"tag-societe"},"share_on_mastodon":{"url":"https:\/\/pubeurope.com\/@fr\/114814935522466744","error":""},"_links":{"self":[{"href":"https:\/\/www.europesays.com\/fr\/wp-json\/wp\/v2\/posts\/233927","targetHints":{"allow":["GET"]}}],"collection":[{"href":"https:\/\/www.europesays.com\/fr\/wp-json\/wp\/v2\/posts"}],"about":[{"href":"https:\/\/www.europesays.com\/fr\/wp-json\/wp\/v2\/types\/post"}],"author":[{"embeddable":true,"href":"https:\/\/www.europesays.com\/fr\/wp-json\/wp\/v2\/users\/2"}],"replies":[{"embeddable":true,"href":"https:\/\/www.europesays.com\/fr\/wp-json\/wp\/v2\/comments?post=233927"}],"version-history":[{"count":0,"href":"https:\/\/www.europesays.com\/fr\/wp-json\/wp\/v2\/posts\/233927\/revisions"}],"wp:featuredmedia":[{"embeddable":true,"href":"https:\/\/www.europesays.com\/fr\/wp-json\/wp\/v2\/media\/233928"}],"wp:attachment":[{"href":"https:\/\/www.europesays.com\/fr\/wp-json\/wp\/v2\/media?parent=233927"}],"wp:term":[{"taxonomy":"category","embeddable":true,"href":"https:\/\/www.europesays.com\/fr\/wp-json\/wp\/v2\/categories?post=233927"},{"taxonomy":"post_tag","embeddable":true,"href":"https:\/\/www.europesays.com\/fr\/wp-json\/wp\/v2\/tags?post=233927"}],"curies":[{"name":"wp","href":"https:\/\/api.w.org\/{rel}","templated":true}]}}