{"id":233929,"date":"2025-07-08T01:08:08","date_gmt":"2025-07-08T01:08:08","guid":{"rendered":"https:\/\/www.europesays.com\/fr\/233929\/"},"modified":"2025-07-08T01:08:08","modified_gmt":"2025-07-08T01:08:08","slug":"ensauvagement-a-rennes-un-detenu-en-permission-interpelle-a-villejean-lors-dun-rodeo-urbain","status":"publish","type":"post","link":"https:\/\/www.europesays.com\/fr\/233929\/","title":{"rendered":"Ensauvagement \u00e0 Rennes. Un d\u00e9tenu en permission interpell\u00e9 \u00e0 Villejean lors d\u2019un rod\u00e9o urbain"},"content":{"rendered":"<p style=\"text-align: justify;\">Samedi 5 juillet, un homme de 28 ans, incarc\u00e9r\u00e9 \u00e0 la maison d\u2019arr\u00eat du Havre et b\u00e9n\u00e9ficiant d\u2019une permission de sortie, a \u00e9t\u00e9 interpell\u00e9 par la BAC dans le quartier de Villejean, \u00e0 Rennes. N\u00e9 au Congo, il effectuait un rod\u00e9o urbain au guidon d\u2019une motocross de 450 cm\u00b3, dans une zone d\u00e9j\u00e0 marqu\u00e9e par l\u2019ins\u00e9curit\u00e9 chronique.<\/p>\n<p><strong>Rod\u00e9o sous permission carc\u00e9rale<\/strong><\/p>\n<p style=\"text-align: justify;\">Selon le journal Valeurs Actuelles, les faits se sont produits vers 22h10. Sirano M., 28 ans, n\u00e9 au Congo et incarc\u00e9r\u00e9 au Havre mais en permission de sortie, a \u00e9t\u00e9 rep\u00e9r\u00e9 alors qu\u2019il pratiquait un rod\u00e9o urbain sur une motocross de grosse cylindr\u00e9e dans le quartier \u00ab prioritaire \u00bb de Villejean. Il a \u00e9t\u00e9 interpell\u00e9 par les policiers de la brigade anti-criminalit\u00e9 de Rennes et plac\u00e9 en garde \u00e0 vue.<\/p>\n<p style=\"text-align: justify;\">D\u2019apr\u00e8s France Bleu Armorique, le rod\u00e9o a eu lieu sur la dalle Kennedy, zone tr\u00e8s d\u00e9favorablement connue de Villejean, notamment pour le trafic de drogue mais aussi pour plusieurs fusillades. Le suspect a \u00e9t\u00e9 arr\u00eat\u00e9 \u00e0 proximit\u00e9 du secteur de Pont-Lagot, de l\u2019autre c\u00f4t\u00e9 de la rocade de Rennes. L\u2019homme a \u00e9t\u00e9 plac\u00e9 en garde \u00e0 vue au commissariat de Rennes.<\/p>\n<p><strong>Un ph\u00e9nom\u00e8ne violent et persistant<\/strong><\/p>\n<p style=\"text-align: justify;\">Cette interpellation illustre une fois de plus l\u2019emprise des rod\u00e9os urbains sur certains quartiers rennais. Depuis plusieurs ann\u00e9es, ces pratiques dangereuses se multiplient. Comme nous le rapportions en juin 2022, une <a href=\"https:\/\/www.breizh-info.com\/2022\/06\/23\/188553\/rennes-rodeos-80-villejean\/\" target=\"_blank\" rel=\"noopener\">octog\u00e9naire avait \u00e9t\u00e9 bless\u00e9e<\/a> sur la m\u00eame dalle Kennedy, percut\u00e9e par un scooter pilot\u00e9 par un adolescent de 16 ans. Au cours du m\u00eame mois, un jeune homme de 19 ans est mort percut\u00e9 par une motocross <a href=\"https:\/\/www.breizh-info.com\/2022\/06\/06\/187674\/rennes-rodeo-urbain-rocade\/\" target=\"_blank\" rel=\"noopener\">alors qu\u2019il se promenait<\/a> pr\u00e8s du campus de Beaulieu.<\/p>\n<p style=\"text-align: justify;\">Les rod\u00e9os ne se limitent pas aux deux-roues. Courses de voitures sur la rocade, d\u00e9rapages incontr\u00f4l\u00e9s, slaloms \u00e0 vive allure : toujours en juin 2022, nous avions relat\u00e9 une s\u00e9rie d\u2019accidents nocturnes, dont l\u2019un avait conduit un v\u00e9hicule \u00e0 percuter un mur apr\u00e8s avoir heurt\u00e9 trois voitures stationn\u00e9es.<\/p>\n<p><strong>Un fl\u00e9au tol\u00e9r\u00e9 malgr\u00e9 la loi \u00e0 Rennes<\/strong><\/p>\n<p style=\"text-align: justify;\">Ces pratiques, qualifi\u00e9es de \u00ab fl\u00e9au \u00bb par la pr\u00e9fecture d\u2019Ille-et-Vilaine dans un communiqu\u00e9 du 16 mai 2022, sont pourtant vis\u00e9es par une loi de 2018 qui pr\u00e9voit un an d\u2019emprisonnement et 15 000 euros d\u2019amende. En d\u00e9pit de ces sanctions th\u00e9oriques, l\u2019impunit\u00e9 demeure fr\u00e9quente, en particulier dans les quartiers dits \u00ab sensibles \u00bb, comme Villejean, le Blosne ou Maurepas.<\/p>\n<p style=\"text-align: justify;\">Les rod\u00e9os urbains constituent un marqueur ind\u00e9niable de l\u2019ensauvagement de la soci\u00e9t\u00e9 et sont souvent li\u00e9s \u00e0 la \u00ab culture racaille \u00bb v\u00e9hicul\u00e9e dans certains clips de rap. Loin d\u2019\u00eatre anecdotiques, ces d\u00e9rives traduisent un profond malaise s\u00e9curitaire dans des zones abandonn\u00e9es par cet \u00ab ordre r\u00e9publicain \u00bb dont on nous abreuve \u00e0 longueur de journ\u00e9e.<\/p>\n<p style=\"text-align: justify;\">Cr\u00e9dit photo : DR (photo d\u2019illustration)<br \/>[cc] Breizh-info.com, 2025, d\u00e9p\u00eaches libres de copie et de diffusion sous r\u00e9serve de mention et de lien vers la source d\u2019origine<\/p>\n","protected":false},"excerpt":{"rendered":"Samedi 5 juillet, un homme de 28 ans, incarc\u00e9r\u00e9 \u00e0 la maison d\u2019arr\u00eat du Havre et b\u00e9n\u00e9ficiant d\u2019une&hellip;\n","protected":false},"author":2,"featured_media":233930,"comment_status":"","ping_status":"","sticky":false,"template":"","format":"standard","meta":{"footnotes":""},"categories":[2821],"tags":[1111,11,829,12614,9625,1777,674,1011,27,12,584,25,19057,5375],"class_list":{"0":"post-233929","1":"post","2":"type-post","3":"status-publish","4":"format-standard","5":"has-post-thumbnail","7":"category-rennes","8":"tag-actu","9":"tag-actualites","10":"tag-bretagne","11":"tag-dalle-kennedy","12":"tag-detenu","13":"tag-eu","14":"tag-europe","15":"tag-fr","16":"tag-france","17":"tag-news","18":"tag-rennes","19":"tag-republique-francaise","20":"tag-rodeo-urbain","21":"tag-villejean"},"share_on_mastodon":{"url":"https:\/\/pubeurope.com\/@fr\/114814943737305258","error":""},"_links":{"self":[{"href":"https:\/\/www.europesays.com\/fr\/wp-json\/wp\/v2\/posts\/233929","targetHints":{"allow":["GET"]}}],"collection":[{"href":"https:\/\/www.europesays.com\/fr\/wp-json\/wp\/v2\/posts"}],"about":[{"href":"https:\/\/www.europesays.com\/fr\/wp-json\/wp\/v2\/types\/post"}],"author":[{"embeddable":true,"href":"https:\/\/www.europesays.com\/fr\/wp-json\/wp\/v2\/users\/2"}],"replies":[{"embeddable":true,"href":"https:\/\/www.europesays.com\/fr\/wp-json\/wp\/v2\/comments?post=233929"}],"version-history":[{"count":0,"href":"https:\/\/www.europesays.com\/fr\/wp-json\/wp\/v2\/posts\/233929\/revisions"}],"wp:featuredmedia":[{"embeddable":true,"href":"https:\/\/www.europesays.com\/fr\/wp-json\/wp\/v2\/media\/233930"}],"wp:attachment":[{"href":"https:\/\/www.europesays.com\/fr\/wp-json\/wp\/v2\/media?parent=233929"}],"wp:term":[{"taxonomy":"category","embeddable":true,"href":"https:\/\/www.europesays.com\/fr\/wp-json\/wp\/v2\/categories?post=233929"},{"taxonomy":"post_tag","embeddable":true,"href":"https:\/\/www.europesays.com\/fr\/wp-json\/wp\/v2\/tags?post=233929"}],"curies":[{"name":"wp","href":"https:\/\/api.w.org\/{rel}","templated":true}]}}