{"id":23393,"date":"2025-04-14T01:02:37","date_gmt":"2025-04-14T01:02:37","guid":{"rendered":"https:\/\/www.europesays.com\/fr\/23393\/"},"modified":"2025-04-14T01:02:37","modified_gmt":"2025-04-14T01:02:37","slug":"nice-climatise-strasbourg-a-la-toute-derniere-seconde-dans-un-choc-de-haut-de-tableau","status":"publish","type":"post","link":"https:\/\/www.europesays.com\/fr\/23393\/","title":{"rendered":"Nice climatise Strasbourg \u00e0 la toute derni\u00e8re seconde dans un choc de haut de tableau"},"content":{"rendered":"<p>Le Racing a \u00e9t\u00e9 rejoint sur le fil par le Gym ce samedi, \u00e0 Strasbourg, dans une affiche qui valait cher en vue de l\u2019Europe et m\u00eame de la Ligue des champions.<\/p>\n<p class=\"fig-paragraph\">Un point, c\u2019est tout. Men\u00e9s puis devant, les Strasbourgeois ont finalement conc\u00e9d\u00e9 le nul face \u00e0 Nice (<a href=\"https:\/\/www.lefigaro.fr\/sports\/football\/live\/ligue-1\/2024\/2448660\/strasbourg-nice\" target=\"_blank\" data-fig-type=\"Live\" rel=\"noopener\" data-gtm-custom-categorie=\"navigation\" data-gtm-custom-action=\"crossclick\" data-gtm-custom-label=\"Contextuel\" data-gtm-event=\"customEventSPE\" data-fig-domain=\"LEFIGARO\">2-2<\/a>) ce samedi, \u00e0 la Meinau, lors de\u00a0<a href=\"https:\/\/www.lefigaro.fr\/sports\/football\/ligue-1\/calendrier-resultats?journee=29\" target=\"_blank\" rel=\"noopener\" data-gtm-custom-categorie=\"navigation\" data-gtm-custom-action=\"crossclick\" data-gtm-custom-label=\"Contextuel\" data-gtm-event=\"customEventSPE\">la 29e journ\u00e9e de Ligue 1<\/a>. Dans le doute depuis plusieurs semaines, les Aiglons ont \u00e9galis\u00e9 \u00e0 la 94e minute de jeu. Il s\u2019agissait d\u2019un match de haut de tableau, tr\u00e8s haut de tableau m\u00eame, entre deux pr\u00e9tendants \u00e0 l\u2019Europe et \u00e0 la Ligue des champions. Vainqueurs de leurs cinq matchs pr\u00e9c\u00e9dents, les hommes de Liam Rosenior pointent \u00e0 la cinqui\u00e8me place\u00a0<a href=\"https:\/\/www.lefigaro.fr\/sports\/football\/ligue-1\/classement\" target=\"_blank\" rel=\"noopener\" data-gtm-custom-categorie=\"navigation\" data-gtm-custom-action=\"crossclick\" data-gtm-custom-label=\"Contextuel\" data-gtm-event=\"customEventSPE\">au classement<\/a>, \u00e0 \u00e9galit\u00e9 de points avec Lille (4e, 50 pts), et juste devant Nice (5e, 48 pts).<\/p>\n<p class=\"fig-paragraph\">En d\u00e9but de match, cavalier seul des Alsaciens, agressifs, pressants et dangereux. Bakwa a d\u2019abord test\u00e9 Bulka (9e), la main ferme du Polonais, heureux de voir ce ballon de Doukour\u00e9 flirter avec son montant (12e). Solide. Sauf que les Aiglons ne tardaient pas \u00e0 d\u00e9ployer leurs ailes. Et Petrovic a vite eu l\u2019occasion de se mettre en lumi\u00e8re, d\u00e9tournant la frappe de Boudaoui (33e), avant\u2026 de s\u2019incliner\u00a0: parti \u00e0 la limite du hors-jeu, le lat\u00e9ral Bard r\u00e9alisait un encha\u00eenement d\u2019attaquant et marquait avec l\u2019aide du poteau (0-1, 38e). Clauss pour le service. Strasbourg en difficult\u00e9, et encore Petrovic pour sauver les meubles face \u00e0 Boga (40e). Deux salles, deux ambiances (0-1 MT).<\/p>\n<p>Ndayishimiye au buzzer<\/p>\n<p class=\"fig-paragraph\">Les Ni\u00e7ois toujours en ma\u00eetrise \u00e0 la reprise. En ma\u00eetrise, mais pi\u00e9g\u00e9s. Emegha prenait le meilleur sur un Bombito f\u00e9brile pour se pr\u00e9senter seul face \u00e0 Bulka et ex\u00e9cuter la sentence (1-1, 51e). Fort. Bombito \u00e0 la faute, et plut\u00f4t deux fois qu\u2019une\u00a0: le d\u00e9fenseur canadien perdait un terrible ballon plein axe, Santos servait Amo-Ameyaw qui faisait mouche (2-1, 54e). Deuxi\u00e8me but de ce gamin de 18 ans. Renversant\u00a0!<\/p>\n<p class=\"fig-paragraph\">Et Strasbourg avait la main, au score mais aussi dans le jeu. Bombito, lui, \u00e9tait sorti par Haise (61e). Fracture du moral. Nice essayait de pousser, avec par exemple ce centre puissant et dangereux de Laborde, repouss\u00e9 par Petrovic (64e). Les minutes filaient, mais les Aiglons n\u2019y arrivaient pas. Petrovic tranquille. Puis vigilant, sur cette mine de Ndayishimiye (86e). La Meinau en feu. Et climatis\u00e9e, avec cette t\u00eate de Ndayishimiye sur un corner de Clauss \u00e0 la 94e (2-2 score final).<\/p>\n","protected":false},"excerpt":{"rendered":"Le Racing a \u00e9t\u00e9 rejoint sur le fil par le Gym ce samedi, \u00e0 Strasbourg, dans une affiche&hellip;\n","protected":false},"author":2,"featured_media":23394,"comment_status":"","ping_status":"","sticky":false,"template":"","format":"standard","meta":{"footnotes":""},"categories":[2819],"tags":[1111,11,525,1981,814,1777,674,2257,63,1011,27,3309,66,1307,955,12,2401,2268,1176,978,882,93,4448,25,1980],"class_list":{"0":"post-23393","1":"post","2":"type-post","3":"status-publish","4":"format-standard","5":"has-post-thumbnail","7":"category-nice","8":"tag-actu","9":"tag-actualites","10":"tag-calendrier","11":"tag-classement","12":"tag-direct","13":"tag-eu","14":"tag-europe","15":"tag-foot","16":"tag-football","17":"tag-fr","18":"tag-france","19":"tag-l1","20":"tag-ligue-1","21":"tag-lille","22":"tag-match","23":"tag-news","24":"tag-nice","25":"tag-ogc-nice","26":"tag-olympique-de-marseille","27":"tag-olympique-lyonnais","28":"tag-provence-alpes-cote-dazur","29":"tag-psg","30":"tag-rc-strasbourg","31":"tag-republique-francaise","32":"tag-resultats"},"share_on_mastodon":{"url":"https:\/\/pubeurope.com\/@fr\/114333623420926271","error":""},"_links":{"self":[{"href":"https:\/\/www.europesays.com\/fr\/wp-json\/wp\/v2\/posts\/23393","targetHints":{"allow":["GET"]}}],"collection":[{"href":"https:\/\/www.europesays.com\/fr\/wp-json\/wp\/v2\/posts"}],"about":[{"href":"https:\/\/www.europesays.com\/fr\/wp-json\/wp\/v2\/types\/post"}],"author":[{"embeddable":true,"href":"https:\/\/www.europesays.com\/fr\/wp-json\/wp\/v2\/users\/2"}],"replies":[{"embeddable":true,"href":"https:\/\/www.europesays.com\/fr\/wp-json\/wp\/v2\/comments?post=23393"}],"version-history":[{"count":0,"href":"https:\/\/www.europesays.com\/fr\/wp-json\/wp\/v2\/posts\/23393\/revisions"}],"wp:featuredmedia":[{"embeddable":true,"href":"https:\/\/www.europesays.com\/fr\/wp-json\/wp\/v2\/media\/23394"}],"wp:attachment":[{"href":"https:\/\/www.europesays.com\/fr\/wp-json\/wp\/v2\/media?parent=23393"}],"wp:term":[{"taxonomy":"category","embeddable":true,"href":"https:\/\/www.europesays.com\/fr\/wp-json\/wp\/v2\/categories?post=23393"},{"taxonomy":"post_tag","embeddable":true,"href":"https:\/\/www.europesays.com\/fr\/wp-json\/wp\/v2\/tags?post=23393"}],"curies":[{"name":"wp","href":"https:\/\/api.w.org\/{rel}","templated":true}]}}