{"id":233931,"date":"2025-07-08T01:09:50","date_gmt":"2025-07-08T01:09:50","guid":{"rendered":"https:\/\/www.europesays.com\/fr\/233931\/"},"modified":"2025-07-08T01:09:50","modified_gmt":"2025-07-08T01:09:50","slug":"a-strasbourg-jeanne-barseghian-entre-dans-la-bataille-politique","status":"publish","type":"post","link":"https:\/\/www.europesays.com\/fr\/233931\/","title":{"rendered":"\u00e0 Strasbourg, Jeanne Barseghian entre dans la bataille politique"},"content":{"rendered":"<p class=\"p1\"><b>Le 3 juillet dernier, Jeanne Barseghian a annonc\u00e9 sa candidature \u00e0 sa r\u00e9\u00e9lection pour les municipales de 2026. Une d\u00e9cision logique, mais qui n\u2019\u00e9tait pas forc\u00e9ment attendue si t\u00f4t, et qui donne l\u2019occasion de revenir sur le premier mandat de l\u2019\u00e9dile, premi\u00e8re maire \u00e9cologiste de Strasbourg.<\/b><\/p>\n<p class=\"p1\">La campagne des municipales strasbourgeoises vient de prendre un petit coup d\u2019acc\u00e9l\u00e9rateur. Le 3 juillet dernier, le groupe \u00e9cologiste \u00e0 la Ville et \u00e0 l\u2019Eurom\u00e9tropole organisait un temps au Grand Tigre pour revenir sur les 5 premi\u00e8res ann\u00e9es de mandat \u2013 on vous en faisait le bilan ci-dessous. De cette r\u00e9union est sortie une information importante : <b>Jeanne Barseghian a annonc\u00e9 sa candidature \u00e0 sa r\u00e9\u00e9lection pour les municipales de mars prochain<\/b>.<\/p>\n<p>                <a href=\"https:\/\/pokaa.fr\/2025\/06\/19\/faire-plus-la-ou-il-y-avait-moins-a-strasbourg-retour-sur-5-ans-de-mandat-ecologiste\/\" target=\"_blank\" rel=\"noopener\"><br \/>\n                    <img width=\"450\" height=\"270\" src=\"https:\/\/www.europesays.com\/fr\/wp-content\/uploads\/2025\/07\/whatsapp-image-2025-06-18-at-105707-1-450x270.jpeg\" class=\"attachment-card-horizontal--same-subject size-card-horizontal--same-subject wp-post-image\" alt=\"\" decoding=\"async\" loading=\"lazy\"\/>                <\/a><\/p>\n<p>Une nouvelle pas forc\u00e9ment surprenante, <b>mais que l\u2019on attendait plut\u00f4t fin ao\u00fbt, lors des Journ\u00e9es d\u2019\u00e9t\u00e9 des \u00c9cologistes, organis\u00e9es \u00e0 Strasbourg du 21 au 23 ao\u00fbt<\/b>. Mais peut-\u00eatre que la canicule qui a frapp\u00e9 Strasbourg la semaine derni\u00e8re [et qui n\u2019est pas pr\u00eate de s\u2019arr\u00eater, ndlr] a boulevers\u00e9 les plans de l\u2019\u00e9dile, premi\u00e8re maire \u00e9cologiste de Strasbourg, qui se tient donc pr\u00eate \u00e0 repartir dans le combat des \u00e9lections municipales, cinq ans apr\u00e8s son \u00e9lection.<\/p>\n<p>    <img width=\"800\" height=\"600\" src=\"https:\/\/www.europesays.com\/fr\/wp-content\/uploads\/2025\/07\/img-5061-800x600.jpeg\" class=\"attachment-image-size-L size-image-size-L\" alt=\"jeanne barseghian jacques witkowski\" decoding=\"async\" loading=\"lazy\"  \/>         Jeanne Barseghian avec le pr\u00e9fet Jacques Witkowski, en novembre 2024. \u00a9 Nicolas Kaspar \/ Pokaa <\/p>\n<p>Jeanne Barseghian : actions concr\u00e8tes, grands projets (parfois avort\u00e9s) et pol\u00e9miques<\/p>\n<p class=\"p1\">Cette annonce est l\u2019occasion de faire un premier bilan de l\u2019exercice du pouvoir de l\u2019\u00e9dile et de son \u00e9quipe. Aux manettes depuis juin 2020, la majorit\u00e9 \u00e9cologiste [en plus du PCF, de G\u00e9n\u00e9ration.s et de Place Publique, ndlr] a centr\u00e9 son action sur le quotidien et le social : <b>tarification solidaire, \u00ab \u00e9quit\u00e9 territoriale \u00bb, v\u00e9g\u00e9talisation des cours d\u2019\u00e9cole, gratuit\u00e9 des trams pour les moins de 18 ans et 2 nouveaux groupes scolaires<\/b>.<\/p>\n<p class=\"p1\">On peut \u00e9galement mentionner le plan Canop\u00e9e et ses 5 500 arbres, de nouvelles places, 3 grands parcs ou 500 places d\u2019h\u00e9bergement d\u2019urgence.<\/p>\n<p>                <a href=\"https:\/\/pokaa.fr\/2024\/10\/10\/la-nouvelle-tarification-solidaire-en-6-points-a-strasbourg-vous-ferez-peut-etre-des-economies\/\" target=\"_blank\" rel=\"noopener\"><br \/>\n                    <img width=\"450\" height=\"270\" src=\"https:\/\/www.europesays.com\/fr\/wp-content\/uploads\/2025\/07\/314418045-3527526350809161-4336879267797697231-n-450x270.jpg\" class=\"attachment-card-horizontal--same-subject size-card-horizontal--same-subject wp-post-image\" alt=\"\" decoding=\"async\" loading=\"lazy\"\/>                <\/a><\/p>\n<p>Dans les r\u00e9alisations de plus grande envergure,<strong> la majorit\u00e9 a \u00e9galement repris en main les projets des Deux-Rives et d\u2019Archipel 2,<\/strong> lanc\u00e9s par la pr\u00e9c\u00e9dente mandature, en y accordant bien plus de places aux logements, qu\u2019ils soient sociaux ou non.<\/p>\n<p><b>Elle a \u00e9galement d\u00e9poussi\u00e9r\u00e9 certains serpents de mer, comme la gare \u00e0 360\u00b0, l\u2019Op\u00e9ra, le Mus\u00e9e alsacien, le tunnel des Halles. <\/b>Elle a aussi lanc\u00e9 <a href=\"https:\/\/pokaa.fr\/2024\/03\/27\/strasbourg-la-laiterie\/\" target=\"_blank\" rel=\"noopener\">les travaux de La Laiterie<\/a>, <a href=\"https:\/\/pokaa.fr\/2025\/04\/28\/grand-projet-strasbourgeois-le-cinema-saint-ex-va-fermer-ses-portes-pour-18-mois\/\" target=\"_blank\" rel=\"noopener\">du cin\u00e9ma Star Saint-Ex<\/a>, <a href=\"https:\/\/pokaa.fr\/2025\/06\/23\/renovation-xxl-a-strasbourg-la-librairie-kleber-va-fermer-ses-portes-en-2026\/\" target=\"_blank\" rel=\"noopener\">de la librairie Kl\u00e9ber<\/a>, <a href=\"https:\/\/pokaa.fr\/2025\/04\/27\/projet-a-122-millions-de-a-strasbourg-on-sait-enfin-quand-sera-mis-en-service-le-tram-ouest\/\" target=\"_blank\" rel=\"noopener\">du tram Ouest<\/a>, <a href=\"https:\/\/pokaa.fr\/2025\/01\/12\/ring-cyclable-de-39-km-a-strasbourg-le-peripherique-pour-velos-demarre-des-travaux-xxl\/\" target=\"_blank\" rel=\"noopener\">du Ring V\u00e9lo<\/a> ou du secteur des Halles. Enfin, <a href=\"https:\/\/pokaa.fr\/2023\/03\/08\/a-strasbourg-stationner-sa-voiture-au-neudorf-et-a-lorangerie-va-devenir-payant-des-2024\/\" target=\"_blank\" rel=\"noopener\">elle a d\u00e9cid\u00e9 de rendre le stationnement payant au Neudorf et \u00e0 l\u2019Orangerie<\/a>.<\/p>\n<p>                <a href=\"https:\/\/pokaa.fr\/2025\/04\/14\/budget-de-120-millions-deuros-lopera-de-strasbourg-sera-entierement-renove-dici-2033\/\" target=\"_blank\" rel=\"noopener\"><br \/>\n                    <img width=\"450\" height=\"270\" src=\"https:\/\/www.europesays.com\/fr\/wp-content\/uploads\/2025\/06\/1-450x270.png\" class=\"attachment-card-horizontal--same-subject size-card-horizontal--same-subject wp-post-image\" alt=\"\" decoding=\"async\" loading=\"lazy\"\/>                <\/a><\/p>\n<p>                <img width=\"667\" height=\"500\" src=\"https:\/\/www.europesays.com\/fr\/wp-content\/uploads\/2025\/07\/img-7031-grande-667x500.jpeg\" class=\"attachment-gallery size-gallery\" alt=\"librairie kl\u00e9ber\" data-full-url=\"https:\/\/pokaa.fr\/wp-content\/uploads\/2025\/02\/26\/img-7031-grande.jpeg\" decoding=\"async\" loading=\"lazy\"  \/>            <\/p>\n<p>                <img width=\"667\" height=\"500\" src=\"https:\/\/www.europesays.com\/fr\/wp-content\/uploads\/2025\/06\/img-9499-667x500.jpg\" class=\"attachment-gallery size-gallery\" alt=\"IMG_9499\" data-full-url=\"https:\/\/pokaa.fr\/wp-content\/uploads\/2023\/05\/img-9499.jpg\" decoding=\"async\" loading=\"lazy\"  \/>            <\/p>\n<p>                <img width=\"667\" height=\"500\" src=\"https:\/\/www.europesays.com\/fr\/wp-content\/uploads\/2025\/04\/img-6399-grande-667x500.jpeg\" class=\"attachment-gallery size-gallery\" alt=\"chantier tram ouest\" data-full-url=\"https:\/\/pokaa.fr\/wp-content\/uploads\/2025\/01\/29\/img-6399-grande.jpeg\" decoding=\"async\" loading=\"lazy\"  \/>            <\/p>\n<p>                <img width=\"667\" height=\"500\" src=\"https:\/\/www.europesays.com\/fr\/wp-content\/uploads\/2025\/07\/parc-des-romains-1-667x500.jpeg\" class=\"attachment-gallery size-gallery\" alt=\"parc des romains 1\" data-full-url=\"https:\/\/pokaa.fr\/wp-content\/uploads\/2024\/11\/29\/parc-des-romains-1.jpeg\" decoding=\"async\" loading=\"lazy\"  \/>            <\/p>\n<p>                    \u00a9 Nicolas Kaspar \/ Pokaa<\/p>\n<p class=\"p1\">N\u00e9anmoins, le mandat de Jeanne Barseghian a \u00e9galement \u00e9t\u00e9 marqu\u00e9 par des \u00e9checs et des pol\u00e9miques. <b>On pense forc\u00e9ment au coup de tonnerre politique qu\u2019a \u00e9t\u00e9 l\u2019avis n\u00e9gatif de la commission d\u2019enqu\u00eate publique sur le tram Nord<\/b>, projet embl\u00e9matique de la mandature.<\/p>\n<p class=\"p1\">On peut \u00e9galement mentionner <a href=\"https:\/\/pokaa.fr\/2021\/03\/23\/subventions-pour-construire-une-mosquee-et-un-nouvel-espace-de-cultures-urbaines-ce-que-strasbourg-a-decide-ce-lundi\/\" target=\"_blank\" rel=\"noopener\">l\u2019onde de choc de la subvention \u00e0 la mosqu\u00e9e Eyyub Sultan en mars 2021,<\/a> qui avait eu des r\u00e9percussions jusqu\u2019au national, <strong>dans un contexte o\u00f9 chaque action des mairies \u00e9cologistes \u00e9tait scrut\u00e9e de pr\u00e8s<\/strong>. Enfin, <a href=\"https:\/\/pokaa.fr\/2021\/12\/13\/geissmann-barseghian-une-rupture-dans-la-vie-politique-strasbourgeoise\/\" target=\"_blank\" rel=\"noopener\">la rupture politique avec leurs alli\u00e9s socialistes en 2021 a \u00e9galement marqu\u00e9 les esprits<\/a>, tout comme les passes d\u2019armes avec la pr\u00e9f\u00e8te d\u2019alors sur le camp de l\u2019\u00c9toile.<\/p>\n<p>                <a href=\"https:\/\/pokaa.fr\/2024\/12\/10\/coup-de-tonnerre-a-strasbourg-lenquete-publique-defavorable-au-projet-du-tram-nord\/\" target=\"_blank\" rel=\"noopener\"><br \/>\n                    <img width=\"450\" height=\"270\" src=\"https:\/\/www.europesays.com\/fr\/wp-content\/uploads\/2025\/07\/place-de-haguenau-tram-nord-450x270.png\" class=\"attachment-card-horizontal--same-subject size-card-horizontal--same-subject wp-post-image\" alt=\"\" decoding=\"async\" loading=\"lazy\"\/>                <\/a><\/p>\n<p>    <img width=\"800\" height=\"457\" src=\"https:\/\/www.europesays.com\/fr\/wp-content\/uploads\/2025\/07\/a1-800x457.png\" class=\"attachment-image-size-L size-image-size-L\" alt=\"Jeanne Barseghian\" decoding=\"async\" loading=\"lazy\"  \/>         \u00a9 Page Facebook de Jeanne Barseghian \/ Capture d&rsquo;\u00e9cran <\/p>\n<p><b>Mais ce qui caract\u00e9rise le plus le mandat \u00e9cologiste dans ses d\u00e9fauts reste le nombre impressionnant de pol\u00e9miques <\/b>(et les gros d\u00e9fauts en communication) <b>qui ont rythm\u00e9 la vie politique strasbourgeoise<\/b> : <a href=\"https:\/\/pokaa.fr\/2025\/06\/08\/fiasco-de-la-rue-melanie-a-strasbourg-comment-en-est-on-arrive-a-cette-polemique\/\" target=\"_blank\" rel=\"noopener\">le fiasco de la rue M\u00e9lanie<\/a>,\u00a0<a href=\"https:\/\/pokaa.fr\/2024\/10\/20\/apres-une-semaine-de-polemique-la-cathedrale-de-strasbourg-va-retrouver-ses-lumieres-apres-23h\/\" target=\"_blank\" rel=\"noopener\">l\u2019extinction de la cath\u00e9drale<\/a>,\u00a0<a href=\"https:\/\/pokaa.fr\/2025\/01\/20\/strasbourg-la-ville-reflechit-a-rendre-fixe-le-pont-tournant-de-la-petite-france\/\" target=\"_blank\" rel=\"noopener\">le pont tournant de la Petite France<\/a>,\u00a0<a href=\"https:\/\/pokaa.fr\/2022\/10\/11\/stras-wars-la-liste-des-produits-interdits-au-prochain-marche-de-noel-cree-la-polemique\/\" target=\"_blank\" rel=\"noopener\">les produits autoris\u00e9s au march\u00e9 de No\u00ebl<\/a>,\u00a0<a href=\"https:\/\/pokaa.fr\/2025\/05\/20\/foire-saint-jean-krutenau-et-grand-projet-routier-ce-que-strasbourg-a-decide-ce-lundi\/\" target=\"_blank\" rel=\"noopener\">la Foire Saint-Jean<\/a>, <a href=\"https:\/\/pokaa.fr\/2022\/09\/05\/coup-dur-pour-la-culture-les-musees-strasbourgeois-fermeront-bientot-leurs-portes-2-jours-par-semaine\/\" target=\"_blank\" rel=\"noopener\">la fermeture (temporaire) des mus\u00e9es un jour de plus<\/a>, la d\u00e9mission d\u2019Herv\u00e9 Polesi, et encore d\u2019autres.<\/p>\n<p><strong>Des pol\u00e9miques \u00e0 chaque fois utilis\u00e9es par l\u2019opposition pour tirer \u00e0 boulet rouge (ou vert) sur la municipalit\u00e9.<\/strong><\/p>\n<p>                <img width=\"667\" height=\"500\" src=\"https:\/\/www.europesays.com\/fr\/wp-content\/uploads\/2025\/07\/img-9481-grande-667x500.jpeg\" class=\"attachment-gallery size-gallery\" alt=\"rue m\u00e9lanie\" data-full-url=\"https:\/\/pokaa.fr\/wp-content\/uploads\/2025\/06\/07\/img-9481-grande.jpeg\" decoding=\"async\" loading=\"lazy\"  \/>            <\/p>\n<p>                <img width=\"667\" height=\"500\" src=\"https:\/\/www.europesays.com\/fr\/wp-content\/uploads\/2025\/07\/img-7756-667x500.jpg\" class=\"attachment-gallery size-gallery\" alt=\"mus\u00e9e oeuvre notre dame ext\u00e9rieur\" data-full-url=\"https:\/\/pokaa.fr\/wp-content\/uploads\/2023\/01\/img-7756.jpg\" decoding=\"async\" loading=\"lazy\"  \/>            <\/p>\n<p>                <img width=\"667\" height=\"500\" src=\"https:\/\/www.europesays.com\/fr\/wp-content\/uploads\/2025\/07\/img-3839-667x500.jpg\" class=\"attachment-gallery size-gallery\" alt=\"forains place de l\u2019\u00e9toile\" data-full-url=\"https:\/\/pokaa.fr\/wp-content\/uploads\/2025\/05\/19\/img-3839.jpg\" decoding=\"async\" loading=\"lazy\"  \/>            <\/p>\n<p>                <img width=\"750\" height=\"500\" src=\"https:\/\/www.europesays.com\/fr\/wp-content\/uploads\/2025\/07\/france-strasbourg-alsace-marche-de-noel-wr-80-750x500.jpg\" class=\"attachment-gallery size-gallery\" alt=\"March\u00e9 de Noel 2024 d\u00e9corations Place de l\u2019Homme de Fer tram nuit\" data-full-url=\"https:\/\/pokaa.fr\/wp-content\/uploads\/2024\/12\/12\/france-strasbourg-alsace-marche-de-noel-wr-80.jpg\" decoding=\"async\" loading=\"lazy\"  \/>            <\/p>\n<p>                    1. 2. \u00a9 Nicolas Kaspar \/ Pokaa ; 3. \u00a9 C\u00e9lia Van Haaren \/ Pokaa ; 4. \u00a9 Wilfried Rion \/ Pokaa<\/p>\n<p>On a vu plus tendre : les r\u00e9actions politiques \u00e0 la candidature de Jeanne Barseghian<\/p>\n<p class=\"p1\">Forc\u00e9ment, <strong>l\u2019annonce de la candidature de Jeanne Barseghian n\u2019allait pas manquer de titiller son opposition<\/strong> <strong>strasbourgeoise<\/strong>. Dans l\u2019ordre, on d\u00e9bute avec Renaissance, le parti pr\u00e9sidentiel qui n\u2019a pas encore de candidat(e) d\u00e9clar\u00e9(e) pour les municipales. Il critique \u00ab\u00a0un mandat marqu\u00e9 par l\u2019inaction, les divisions et les renoncements\u00a0\u00bb. Dans le m\u00eame ton quelques minutes plus tard, Pierre Jakubowicz, qui n\u2019a pas encore annonc\u00e9 sa candidature, d\u00e9nonce \u00ab\u00a0le lourd passif\u00a0\u00bb de Jeanne Barseghian <b>et annonce tout faire \u00ab\u00a0pour \u00e9pargner \u00e0 Strasbourg un second mandat de d\u00e9clin, de d\u00e9ni et de m\u00e9pris\u00a0\u00bb<\/b>.<\/p>\n<p class=\"p1\">Une heure plus tard, c\u2019est Jean-Philippe Vetter, candidat d\u00e9clar\u00e9 pour 2026, qui annonce gravement que <b>\u00ab\u00a0Strasbourg ne peut pas se permettre six ann\u00e9es suppl\u00e9mentaires avec une municipalit\u00e9 qui a divis\u00e9 les Strasbourgeois et fractur\u00e9 la ville comme jamais\u00a0\u00bb<\/b> et \u00ab\u00a0l\u2019absence d\u2019\u00e9coute, le manque de d\u00e9mocratie locale et une gestion guid\u00e9e par l\u2019id\u00e9ologie\u00a0\u00bb.<\/p>\n<p class=\"p1\">Enfin, <a href=\"https:\/\/pokaa.fr\/2020\/02\/10\/a-la-rencontre-de-chantal-cutajar-candidate-des-citoyens-engages-aux-municipales-de-strasbourg\/\" target=\"_blank\" rel=\"noopener\">ancienne candidate en 2020<\/a>, Chantal Cutajar d\u00e9clare que \u00ab plut\u00f4t qu\u2019un \u00e9ni\u00e8me affrontement \u00e9lectoral ou un jeu d\u2019appareils [\u2026], Strasbourg a besoin d\u2019un sursaut d\u00e9mocratique, d\u2019un projet \u00e9thique et d\u2019une \u00e9cologie r\u00e9concili\u00e9e avec le r\u00e9el \u00bb.<\/p>\n<p>                <img width=\"667\" height=\"500\" src=\"https:\/\/www.europesays.com\/fr\/wp-content\/uploads\/2025\/06\/img-9565-grande-667x500.jpeg\" class=\"attachment-gallery size-gallery\" alt=\"vetter\" data-full-url=\"https:\/\/pokaa.fr\/wp-content\/uploads\/2025\/06\/23\/img-9565-grande.jpeg\" decoding=\"async\" loading=\"lazy\"  \/>            <\/p>\n<p>                <img width=\"667\" height=\"500\" src=\"https:\/\/www.europesays.com\/fr\/wp-content\/uploads\/2025\/07\/img-7934-grande-667x500.jpeg\" class=\"attachment-gallery size-gallery\" alt=\"pierre jakubowicz\" data-full-url=\"https:\/\/pokaa.fr\/wp-content\/uploads\/2025\/04\/03\/img-7934-grande.jpeg\" decoding=\"async\" loading=\"lazy\"  \/>            <\/p>\n<p>                    \u00a9 Nicolas Kaspar \/ Pokaa<\/p>\n<p class=\"p1\">Au-del\u00e0 de son opposition de droite ou du centre, la r\u00e9action la plus int\u00e9ressante a sans doute \u00e9t\u00e9 celle de LFI, qui compte cette fois-ci jouer un r\u00f4le bien plus important qu\u2019en 2020 [o\u00f9 elle avait \u00e0 peine fait 2,99 %, ndlr]. L\u00e0 encore sans t\u00eate de liste mais avec ses deux co-chef(fe)s de file Lisa Farault et Benjamin Kuntz, <b>la section strasbourgeoise fustige \u00ab\u00a0un bilan dont les faiblesses apparaissent aux yeux de toutes et tous\u00a0\u00bb, sans pour autant donner un exemple, et attend de ces municipales \u00ab\u00a0que Strasbourg puisse \u00eatre r\u00e9ellement ancr\u00e9e \u00e0 gauche\u00a0\u00bb<\/b>. Le message est pass\u00e9, et l\u2019union, ce n\u2019est sans doute pas pour tout de suite.<\/p>\n<p class=\"p1\"><b>Ces questions d\u2019union animeront d\u2019ailleurs les prochains mois, au fur et \u00e0 mesure que l\u2019\u00e9ch\u00e9ance municipale se rapprochera<\/b>. Est-ce que la droite et le centre s\u2019allieront, ou ce dernier choisira-t-il plut\u00f4t sa gauche et le PS ? Quelle future liste pour les \u00c9cologistes, alors que le PCF a investi H\u00fclliya Turan pour travailler \u00e0 un \u00ab large rassemblement de la gauche et de l\u2019\u00e9cologie pour une ville populaire, ouverte et plurielle \u00bb ? Quelle place pour LFI, qui gagne les \u00e9lections \u00e0 Strasbourg depuis 2022 ?<\/p>\n<p class=\"p1\">On en saura plus \u00e0 partir de septembre. En tous les cas, Jeanne Barseghian est candidate, pr\u00eate \u00e0 d\u00e9fendre son bilan.<\/p>\n<p>    <img width=\"800\" height=\"600\" src=\"https:\/\/www.europesays.com\/fr\/wp-content\/uploads\/2025\/04\/img-4783-800x600.jpg\" class=\"attachment-image-size-L size-image-size-L\" alt=\"hotel de ville\" decoding=\"async\" loading=\"lazy\"  \/>         Un seul objectif. \u00a9 Nicolas Kaspar \/ Pokaa <\/p>\n","protected":false},"excerpt":{"rendered":"Le 3 juillet dernier, Jeanne Barseghian a annonc\u00e9 sa candidature \u00e0 sa r\u00e9\u00e9lection pour les municipales de 2026.&hellip;\n","protected":false},"author":2,"featured_media":233932,"comment_status":"","ping_status":"","sticky":false,"template":"","format":"standard","meta":{"footnotes":""},"categories":[2820],"tags":[1111,11,1777,674,1011,27,775,7125,3434,12,316,25,640],"class_list":{"0":"post-233931","1":"post","2":"type-post","3":"status-publish","4":"format-standard","5":"has-post-thumbnail","7":"category-strasbourg","8":"tag-actu","9":"tag-actualites","10":"tag-eu","11":"tag-europe","12":"tag-fr","13":"tag-france","14":"tag-grand-est","15":"tag-jeanne-barseghian","16":"tag-municipales-2026","17":"tag-news","18":"tag-politique","19":"tag-republique-francaise","20":"tag-strasbourg"},"share_on_mastodon":{"url":"https:\/\/pubeurope.com\/@fr\/114814952305517476","error":""},"_links":{"self":[{"href":"https:\/\/www.europesays.com\/fr\/wp-json\/wp\/v2\/posts\/233931","targetHints":{"allow":["GET"]}}],"collection":[{"href":"https:\/\/www.europesays.com\/fr\/wp-json\/wp\/v2\/posts"}],"about":[{"href":"https:\/\/www.europesays.com\/fr\/wp-json\/wp\/v2\/types\/post"}],"author":[{"embeddable":true,"href":"https:\/\/www.europesays.com\/fr\/wp-json\/wp\/v2\/users\/2"}],"replies":[{"embeddable":true,"href":"https:\/\/www.europesays.com\/fr\/wp-json\/wp\/v2\/comments?post=233931"}],"version-history":[{"count":0,"href":"https:\/\/www.europesays.com\/fr\/wp-json\/wp\/v2\/posts\/233931\/revisions"}],"wp:featuredmedia":[{"embeddable":true,"href":"https:\/\/www.europesays.com\/fr\/wp-json\/wp\/v2\/media\/233932"}],"wp:attachment":[{"href":"https:\/\/www.europesays.com\/fr\/wp-json\/wp\/v2\/media?parent=233931"}],"wp:term":[{"taxonomy":"category","embeddable":true,"href":"https:\/\/www.europesays.com\/fr\/wp-json\/wp\/v2\/categories?post=233931"},{"taxonomy":"post_tag","embeddable":true,"href":"https:\/\/www.europesays.com\/fr\/wp-json\/wp\/v2\/tags?post=233931"}],"curies":[{"name":"wp","href":"https:\/\/api.w.org\/{rel}","templated":true}]}}