{"id":233933,"date":"2025-07-08T01:11:31","date_gmt":"2025-07-08T01:11:31","guid":{"rendered":"https:\/\/www.europesays.com\/fr\/233933\/"},"modified":"2025-07-08T01:11:31","modified_gmt":"2025-07-08T01:11:31","slug":"dimanche-le-bal-des-pompiers-revient-enflammer-strasbourg","status":"publish","type":"post","link":"https:\/\/www.europesays.com\/fr\/233933\/","title":{"rendered":"dimanche, le Bal des Pompiers revient enflammer Strasbourg"},"content":{"rendered":"<p>    <img loading=\"lazy\" width=\"1800\" height=\"900\" src=\"https:\/\/www.europesays.com\/fr\/wp-content\/uploads\/2025\/04\/jeanne-callthepolice.jpg\" class=\"attachment-full size-full\" alt=\"\" id=\"imageLove\" decoding=\"async\"  \/><\/p>\n<p id=\"breadcrumbs\"><a href=\"https:\/\/pokaa.fr\/\" target=\"_blank\" rel=\"noopener\">Accueil<\/a> \/ <a href=\"https:\/\/pokaa.fr\/categories\/ses-sorties\/\" target=\"_blank\" rel=\"noopener\">Sorties<\/a> \/ Chaleur extr\u00eame : dimanche, le Bal des Pompiers revient enflammer Strasbourg<\/p>\n<p>                    Sorties<\/p>\n<p class=\"p1\"><b>Le 13 juillet, les pompiers strasbourgeois vont \u00e0 nouveau enflammer la caserne Ouest de Cronenbourg. Pour sa 7e \u00e9dition, le Bal des Pompiers glissera dans une ambiance tropicale qui promet de faire chauffer les t\u00eates. Et comme \u00e0 chaque fois, on ne se prive pas de regarder la bande-annonce de l\u2019\u00e9v\u00e9nement, cette ann\u00e9e tourn\u00e9e aux Bains municipaux.<\/b><\/p>\n<p class=\"p1\">Le 13 juillet, il va faire (tr\u00e8s) tr\u00e8s chaud \u00e0 Strasbourg. Non seulement pour les temp\u00e9ratures annonc\u00e9es qui vont flirter avec le caniculaire, <b>mais surtout pour un des \u00e9v\u00e9nements majeurs de l\u2019\u00e9t\u00e9 strasbourgeois : le Bal des Pompiers<\/b>.<\/p>\n<p class=\"p1\">Chaque ann\u00e9e depuis maintenant 7 \u00e9ditions,<b> il enflamme le dancefloor de la caserne Ouest de Cronenbourg, de 17h jusqu\u2019au bout de la nuit<\/b>. Apr\u00e8s une ambiance version Saint-Trop\u2019 tout de blanc v\u00eatu, les pompiers strasbourgeois vont cette fois-ci faire monter le thermom\u00e8tre dans une ambiance tropicale.<\/p>\n<p>Un bal \u00e0 l\u2019ambiance tropicale<\/p>\n<p class=\"p1\">Pour se convaincre du bien-fond\u00e9 du th\u00e8me de cette \u00e9dition 2025, il suffit de visionner la bande-annonce de l\u2019\u00e9v\u00e9nement. P\u00each\u00e9 mignon annuel, elle a \u00e9t\u00e9 cette ann\u00e9e tourn\u00e9e aux Bains municipaux.<b> <\/b>On y voit d\u2019abord nos pompiers arriver aux Bains, non pas pour une intervention, mais bien pour se d\u00e9tendre.<b> Sauna ou grotte de sel, ils profitent d\u2019un moment de d\u00e9tente avant de poursuivre le farniente dans la piscine ext\u00e9rieure<\/b>.<\/p>\n<p class=\"p1\">Quand, tout d\u2019un coup, leur main ou leur pied touche l\u2019eau ; \u00e0 ce moment-l\u00e0, la relaxation s\u2019arr\u00eate et la f\u00eate d\u00e9marre. <b>Chapeau de paille, chemise \u00e0 fleurs bien ouverte, short, collier de fleurs, flamant rose gonflable\u2026 une seule id\u00e9e en t\u00eate : faire la f\u00eate<\/b>. Bref, m\u00eame si on nous montre les pompiers se rafra\u00eechir dans la piscine, l\u2019ambiance sera des plus chaudes sur la piste de danse.<\/p>\n<p>                <img width=\"1235\" height=\"500\" src=\"https:\/\/www.europesays.com\/fr\/wp-content\/uploads\/2025\/07\/capture-decran-2025-07-07-a-110316-1235x500.png\" class=\"attachment-gallery size-gallery\" alt=\"bal des pompiers\" data-full-url=\"https:\/\/pokaa.fr\/wp-content\/uploads\/2025\/07\/07\/capture-decran-2025-07-07-a-110316.png\" decoding=\"async\" loading=\"lazy\"  \/>            <\/p>\n<p>                <img width=\"1222\" height=\"500\" src=\"https:\/\/www.europesays.com\/fr\/wp-content\/uploads\/2025\/07\/capture-decran-2025-07-07-a-110328-1222x500.png\" class=\"attachment-gallery size-gallery\" alt=\"bal des pompiers\" data-full-url=\"https:\/\/pokaa.fr\/wp-content\/uploads\/2025\/07\/07\/capture-decran-2025-07-07-a-110328.png\" decoding=\"async\" loading=\"lazy\"  \/>            <\/p>\n<p>                <img width=\"1224\" height=\"500\" src=\"https:\/\/www.europesays.com\/fr\/wp-content\/uploads\/2025\/07\/capture-decran-2025-07-07-a-110338-1224x500.png\" class=\"attachment-gallery size-gallery\" alt=\"bal des pompiers\" data-full-url=\"https:\/\/pokaa.fr\/wp-content\/uploads\/2025\/07\/07\/capture-decran-2025-07-07-a-110338.png\" decoding=\"async\" loading=\"lazy\"  \/>            <\/p>\n<p>                <img width=\"1237\" height=\"500\" src=\"https:\/\/www.europesays.com\/fr\/wp-content\/uploads\/2025\/07\/capture-decran-2025-07-07-a-110340-1237x500.png\" class=\"attachment-gallery size-gallery\" alt=\"bal des pompiers\" data-full-url=\"https:\/\/pokaa.fr\/wp-content\/uploads\/2025\/07\/07\/capture-decran-2025-07-07-a-110340.png\" decoding=\"async\" loading=\"lazy\"  \/>            <\/p>\n<p>                    \u00a9 Teaser 2025 Bal des Pompiers \/ Captures d&rsquo;\u00e9cran<\/p>\n<p>Revente, cashless et parkings : les infos \u00e0 savoir pour passer une bonne soir\u00e9e<\/p>\n<p class=\"p1\">De 17h jusqu\u2019au bout de la nuit, le Bal des Pompiers 2025 va enflammer la caserne Ouest de Cronenbourg. L\u2019\u00e9v\u00e9nement est tellement populaire que toutes les places en ligne sont d\u00e9j\u00e0 parties ; <b>mais pour les d\u00e9\u00e7u(e)s, il reste tout de m\u00eame des moyens de participer<\/b>.<\/p>\n<p class=\"p1\">D\u2019abord par les plateformes de revente, type Leboncoin. <b>Attention tout de m\u00eame :<\/b><b> s\u2019il <\/b><b>est possible d\u2019acheter un billet authentique et non utilis\u00e9<\/b>, un billet d\u00e9j\u00e0 scann\u00e9 sera automatiquement refus\u00e9 \u00e0 l\u2019entr\u00e9e. Il faut donc faire preuve de vigilance, notamment face aux arnaques. Sinon, \u00e0 partir de 22h, d\u2019autres billets seront vendus sur place, mais seulement en fonction des sorties. En gros : une sortie = un billet. La patience sera au rendez-vous.<\/p>\n<p>                <img width=\"1184\" height=\"500\" src=\"https:\/\/www.europesays.com\/fr\/wp-content\/uploads\/2025\/07\/capture-decran-2025-07-07-a-110427-1184x500.png\" class=\"attachment-gallery size-gallery\" alt=\"bal des pompiers\" data-full-url=\"https:\/\/pokaa.fr\/wp-content\/uploads\/2025\/07\/07\/capture-decran-2025-07-07-a-110427.png\" decoding=\"async\" loading=\"lazy\"  \/>            <\/p>\n<p>                <img width=\"1241\" height=\"500\" src=\"https:\/\/www.europesays.com\/fr\/wp-content\/uploads\/2025\/07\/capture-decran-2025-07-07-a-110509-1241x500.png\" class=\"attachment-gallery size-gallery\" alt=\"bal des pompiers\" data-full-url=\"https:\/\/pokaa.fr\/wp-content\/uploads\/2025\/07\/07\/capture-decran-2025-07-07-a-110509.png\" decoding=\"async\" loading=\"lazy\"  \/>            <\/p>\n<p>                    \u00a9 Teaser 2025 Bal des Pompiers \/ Captures d&rsquo;\u00e9cran<\/p>\n<p>                <img width=\"752\" height=\"500\" src=\"https:\/\/www.europesays.com\/fr\/wp-content\/uploads\/2025\/07\/495367859-1078610354292519-2208443127532520911-n-752x500.jpg\" class=\"attachment-gallery size-gallery\" alt=\"bal des pompiers\" data-full-url=\"https:\/\/pokaa.fr\/wp-content\/uploads\/2025\/07\/07\/495367859-1078610354292519-2208443127532520911-n.jpg\" decoding=\"async\" loading=\"lazy\"  \/>            <\/p>\n<p>                <img width=\"752\" height=\"500\" src=\"https:\/\/www.europesays.com\/fr\/wp-content\/uploads\/2025\/07\/486285149-1046316960855192-3788594276486380217-n-752x500.jpg\" class=\"attachment-gallery size-gallery\" alt=\"bal des pompiers\" data-full-url=\"https:\/\/pokaa.fr\/wp-content\/uploads\/2025\/07\/07\/486285149-1046316960855192-3788594276486380217-n.jpg\" decoding=\"async\" loading=\"lazy\"  \/>            <\/p>\n<p>                    \u00a9 Page Facebook du Bal des Pompiers de Strasbourg \/ Capture d&rsquo;\u00e9cran<\/p>\n<p class=\"p1\">Pour les chanceux\/ses qui ont d\u00e9j\u00e0 leur billet, <b>l\u2019entr\u00e9e est garantie jusqu\u2019\u00e0 20h30 ; apr\u00e8s, plus possible d\u2019entrer faire la f\u00eate, m\u00eame avec un pr\u00e9cieux s\u00e9same<\/b>. Ensuite, pour bien profiter de l\u2019\u00e9v\u00e9nement sans avoir \u00e0 attendre mille ans entre deux verres, <a href=\"https:\/\/widget.weezevent.com\/pay\/676429\/widgets\/8501944b-fc0b-4d3d-89fe-3161cb1e4e84\/login\" target=\"_blank\" rel=\"noopener\">vous pouvez passer par ici<\/a> pour \u00e9diter un compte cashless, en cr\u00e9ditant le montant de votre choix avant le bal. \u00c0 la fin de la soir\u00e9e, vous pourrez m\u00eame demander le remboursement du solde non utilis\u00e9.<\/p>\n<p class=\"p1\">Enfin, niveau accessibilit\u00e9,<strong> i<\/strong><b>l sera possible d\u2019y venir en bus CTS (les rails des trams A et D seront encore en travaux), \u00e0 pied ou en v\u00e9lo, mais \u00e9galement en voiture avec 8 parkings gratuits mis en place \u00e0 proximit\u00e9 de la caserne Ouest<\/b>. Car le stationnement sera interdit aux abords du site, et tout v\u00e9hicule g\u00eanant sera enlev\u00e9.<\/p>\n<p>                <a href=\"https:\/\/pokaa.fr\/2025\/06\/15\/strasbourg-des-aujourdhui-plusieurs-lignes-de-trams-seront-en-travaux-pour-lete\/\" target=\"_blank\" rel=\"noopener\"><br \/>\n                    <img width=\"450\" height=\"270\" src=\"https:\/\/www.europesays.com\/fr\/wp-content\/uploads\/2025\/07\/448244327-1038871170928989-3227320462450846508-n-450x270.jpg\" class=\"attachment-card-horizontal--same-subject size-card-horizontal--same-subject wp-post-image\" alt=\"\" decoding=\"async\" loading=\"lazy\"\/>                <\/a><\/p>\n<p>            Bal des Pompiers 2025<\/p>\n<p>            Quoi ? <\/p>\n<p>Soir\u00e9e dansante<\/p>\n<p>                Quand ?<\/p>\n<p>13 juillet, de 17h \u00e0 3h<\/p>\n<p>            o\u00f9 ?<\/p>\n<p class=\"p1\">Centre d\u2019incendie et de secours Ouest de Strasbourg, 4 rue du Zielbaum<\/p>\n<p>                Plus d&rsquo;infos ?<\/p>\n<p><a href=\"https:\/\/www.facebook.com\/baldespompiersdestrasbourg\/posts\/pfbid023Y3PVK5iAq58MFVwcfZb1yfojdSjX4VhAtksbJrU1PtvwyY66ZnW8EDAHkh44px4l\" target=\"_blank\" rel=\"noopener\">Infos pratiques<\/a><\/p>\n","protected":false},"excerpt":{"rendered":"Accueil \/ Sorties \/ Chaleur extr\u00eame : dimanche, le Bal des Pompiers revient enflammer Strasbourg Sorties Le 13&hellip;\n","protected":false},"author":2,"featured_media":233934,"comment_status":"","ping_status":"","sticky":false,"template":"","format":"standard","meta":{"footnotes":""},"categories":[2820],"tags":[1111,11,35503,1777,674,1011,27,775,12,25,640],"class_list":{"0":"post-233933","1":"post","2":"type-post","3":"status-publish","4":"format-standard","5":"has-post-thumbnail","7":"category-strasbourg","8":"tag-actu","9":"tag-actualites","10":"tag-bal-des-pompiers","11":"tag-eu","12":"tag-europe","13":"tag-fr","14":"tag-france","15":"tag-grand-est","16":"tag-news","17":"tag-republique-francaise","18":"tag-strasbourg"},"share_on_mastodon":{"url":"https:\/\/pubeurope.com\/@fr\/114814955785039283","error":""},"_links":{"self":[{"href":"https:\/\/www.europesays.com\/fr\/wp-json\/wp\/v2\/posts\/233933","targetHints":{"allow":["GET"]}}],"collection":[{"href":"https:\/\/www.europesays.com\/fr\/wp-json\/wp\/v2\/posts"}],"about":[{"href":"https:\/\/www.europesays.com\/fr\/wp-json\/wp\/v2\/types\/post"}],"author":[{"embeddable":true,"href":"https:\/\/www.europesays.com\/fr\/wp-json\/wp\/v2\/users\/2"}],"replies":[{"embeddable":true,"href":"https:\/\/www.europesays.com\/fr\/wp-json\/wp\/v2\/comments?post=233933"}],"version-history":[{"count":0,"href":"https:\/\/www.europesays.com\/fr\/wp-json\/wp\/v2\/posts\/233933\/revisions"}],"wp:featuredmedia":[{"embeddable":true,"href":"https:\/\/www.europesays.com\/fr\/wp-json\/wp\/v2\/media\/233934"}],"wp:attachment":[{"href":"https:\/\/www.europesays.com\/fr\/wp-json\/wp\/v2\/media?parent=233933"}],"wp:term":[{"taxonomy":"category","embeddable":true,"href":"https:\/\/www.europesays.com\/fr\/wp-json\/wp\/v2\/categories?post=233933"},{"taxonomy":"post_tag","embeddable":true,"href":"https:\/\/www.europesays.com\/fr\/wp-json\/wp\/v2\/tags?post=233933"}],"curies":[{"name":"wp","href":"https:\/\/api.w.org\/{rel}","templated":true}]}}