{"id":233953,"date":"2025-07-08T01:23:05","date_gmt":"2025-07-08T01:23:05","guid":{"rendered":"https:\/\/www.europesays.com\/fr\/233953\/"},"modified":"2025-07-08T01:23:05","modified_gmt":"2025-07-08T01:23:05","slug":"lete-de-marie-hennerez-a-marseille-je-me-sens-deja-en-vacances","status":"publish","type":"post","link":"https:\/\/www.europesays.com\/fr\/233953\/","title":{"rendered":"L\u2019\u00e9t\u00e9 de Marie Hennerez : \u2019\u2019\u00c0 Marseille, je me sens d\u00e9j\u00e0 en vacances !\u2019\u2019"},"content":{"rendered":"<p>    Marie Hennerez<br \/>\n                THOMAS BRAUT\/ ADELO \/ CAPA PICTURES \/ STUDIO TF1 \/ TF1<\/p>\n<p class=\"fig-standfirst\">Pour l\u2019\u00e9t\u00e9, Gala.fr vous propose un grand rendez-vous in\u00e9dit. Jusqu\u2019au 17 ao\u00fbt, chaque jour, une personnalit\u00e9 r\u00e9pond \u00e0 notre questionnaire estival. Aujourd\u2019hui, c\u2019est Marie Hennerez qui prend la plume.<\/p>\n<p class=\"fig-paragraph\">C\u2019est l\u2019\u00e9t\u00e9\u00a0! Rangez les dossiers dans l\u2019armoire, sortez les tongs, les parasols, la playlist muy caliente\u00a0! Le soleil, les vacances, ce temps o\u00f9 on peut se pr\u00e9lasser sous un ciel bleu, terminer le livre qui ne l\u2019a pas \u00e9t\u00e9 depuis l\u2019\u00e9t\u00e9 pr\u00e9c\u00e9dent, prendre le temps de ce qu\u2019on laisse toujours pour le lendemain&#8230; Pour c\u00e9l\u00e9brer les vacances estivales, Gala.fr est all\u00e9 \u00e0 la rencontre de plusieurs personnalit\u00e9s du milieu de la t\u00e9l\u00e9vision, de la musique, de la mode ou encore du cin\u00e9ma pour leur poser quelques questions sur leurs habitudes chaque \u00e9t\u00e9. Ce jour, c\u2019est \u00e0 Marie Hennerez, que l\u2019on donne la parole. La com\u00e9dienne que l\u2019on voit dans Plus belle la vie, encore plus belle a accept\u00e9 de se plier au jeu de l\u2019entretien de l\u2019\u00e9t\u00e9.<\/p>\n<p class=\"fig-paragraph\"><strong>Ces vacances d\u2019\u00e9t\u00e9, les attendez-vous avec impatience\u00a0?<\/strong><br \/>Alors oui et non car j\u2019adore travailler et \u00e9tant souvent \u00e0 Marseille, je me sens d\u00e9j\u00e0 en vacances\u00a0! Sans compter que des vacances avec un enfant de 3 ans, c\u2019est encore plus fatigant. Et m\u00eame temps oui, pour se retrouver en famille (quand m\u00eame\u00a0!), dans des endroits d\u00e9paysants et qui nous font r\u00eaver.<\/p>\n<p>                                    <a class=\"fig-a11y-skip a11y-hidden\" href=\"#fig-a11y-skip-main-inarticle\"><br \/>\n        Passer la publicit\u00e9<br \/>\n    <\/a><\/p>\n<p class=\"fig-paragraph\"><strong>Si vous deviez imaginer l\u2019\u00e9t\u00e9 parfait que vous aimeriez vivre, quel serait-il\u00a0?\u00a0<\/strong><br \/>Vacances en M\u00e9diterran\u00e9e, bord de mer en famille, puis s\u00e9jour \u00e0 la fra\u00eeche dans les montagnes avec des amis. Rires, ap\u00e9ros, randos, lacs, moments de d\u00e9couvertes et de complicit\u00e9 avec mon enfant. Assez proche de ce que je vais vivre finalement.<\/p>\n<p class=\"fig-paragraph\"><strong>Pour les vacances d\u2019\u00e9t\u00e9, aviez-vous une tradition familiale\u00a0?<\/strong><br \/>Avec mes parents \u00e0 l\u2019\u00eele de R\u00e9, St Martin. Longues balades \u00e0 v\u00e9lo et baignade dans les hautes vagues de St Cl\u00e9ment, soir\u00e9es festives avec des amis. Des chants, des danses, des flirts d\u2019\u00e9t\u00e9.<\/p>\n<p class=\"fig-paragraph\"><strong>Vous souvenez-vous de votre premier job d\u2019\u00e9t\u00e9\u00a0?<\/strong><br \/>Serveuse chez Matsuri \u00e0 la D\u00e9fense\u00a0! Like a dream.<\/p>\n<p class=\"fig-paragraph\"><strong>Quelles sont vos activit\u00e9s estivales favorites\u00a0?<\/strong><br \/>Lecture \/ March\u00e9 le matin \/ Shopping \u00e0 la\u00a0tomb\u00e9e du soir \/ Ap\u00e9ro \/ Baignades<\/p>\n<p class=\"fig-paragraph\"><strong>Avez-vous \u00e9t\u00e9 marqu\u00e9e par un amour d\u2019\u00e9t\u00e9\u00a0?<\/strong><br \/>Oui, Charles, plus \u00e2g\u00e9, tr\u00e8s beau, tr\u00e8s bien \u00e9lev\u00e9. Amour platonique.<\/p>\n<p>                                    <a class=\"fig-a11y-skip a11y-hidden\" href=\"#fig-a11y-skip-main-inarticle_mtf\"><br \/>\n        Passer la publicit\u00e9<br \/>\n    <\/a><\/p>\n<p class=\"fig-paragraph\"><strong>Si je vous demande de me pr\u00e9parer un petit plat parfait pour l\u2019\u00e9t\u00e9, qu\u2019aurais-je dans mon assiette\u00a0?\u00a0<\/strong><br \/>Salade Past\u00e8que \/ Tomate \/ F\u00e9ta \/ Menthe Citron<\/p>\n<p class=\"fig-paragraph\"><strong>Cet \u00e9t\u00e9, quelle chanson tournera en boucle dans vos oreilles\u00a0?<\/strong><br \/>Sabor a fresa d\u2019Alfonso Santisteban ou des chansons de Coline Rio.<\/p>\n<p class=\"fig-paragraph\"><strong>\u00c0 quoi vont ressembler vos vacances d\u2019\u00e9t\u00e9\u00a0?<\/strong><br \/>Corse, Plages, rythme lent, belles musiques et belles vues,\u00a0amis, puis Alpes du Sud, balades en poney pour mon fils et bateau, Baignade sur les lacs.<\/p>\n<p class=\"fig-paragraph\"><strong>Vous pouvez retrouver Marie Hennerez dans <\/strong><strong>Plus belle la vie, encore plus belle<\/strong> <strong>, du lundi au vendredi. La s\u00e9rie est diffus\u00e9e sur TF1 \u00e0 14h et elle y incarne L\u00e9a Nebout.\u00a0<\/strong><\/p>\n","protected":false},"excerpt":{"rendered":"Marie Hennerez THOMAS BRAUT\/ ADELO \/ CAPA PICTURES \/ STUDIO TF1 \/ TF1 Pour l\u2019\u00e9t\u00e9, Gala.fr vous propose&hellip;\n","protected":false},"author":2,"featured_media":233954,"comment_status":"","ping_status":"","sticky":false,"template":"","format":"standard","meta":{"footnotes":""},"categories":[2814],"tags":[1111,11,1777,674,1011,27,2173,37270,884,12,1368,882,25],"class_list":{"0":"post-233953","1":"post","2":"type-post","3":"status-publish","4":"format-standard","5":"has-post-thumbnail","7":"category-marseille","8":"tag-actu","9":"tag-actualites","10":"tag-eu","11":"tag-europe","12":"tag-fr","13":"tag-france","14":"tag-interview","15":"tag-lete-des-stars","16":"tag-marseille","17":"tag-news","18":"tag-plus-belle-la-vie","19":"tag-provence-alpes-cote-dazur","20":"tag-republique-francaise"},"share_on_mastodon":{"url":"https:\/\/pubeurope.com\/@fr\/114815003274936867","error":""},"_links":{"self":[{"href":"https:\/\/www.europesays.com\/fr\/wp-json\/wp\/v2\/posts\/233953","targetHints":{"allow":["GET"]}}],"collection":[{"href":"https:\/\/www.europesays.com\/fr\/wp-json\/wp\/v2\/posts"}],"about":[{"href":"https:\/\/www.europesays.com\/fr\/wp-json\/wp\/v2\/types\/post"}],"author":[{"embeddable":true,"href":"https:\/\/www.europesays.com\/fr\/wp-json\/wp\/v2\/users\/2"}],"replies":[{"embeddable":true,"href":"https:\/\/www.europesays.com\/fr\/wp-json\/wp\/v2\/comments?post=233953"}],"version-history":[{"count":0,"href":"https:\/\/www.europesays.com\/fr\/wp-json\/wp\/v2\/posts\/233953\/revisions"}],"wp:featuredmedia":[{"embeddable":true,"href":"https:\/\/www.europesays.com\/fr\/wp-json\/wp\/v2\/media\/233954"}],"wp:attachment":[{"href":"https:\/\/www.europesays.com\/fr\/wp-json\/wp\/v2\/media?parent=233953"}],"wp:term":[{"taxonomy":"category","embeddable":true,"href":"https:\/\/www.europesays.com\/fr\/wp-json\/wp\/v2\/categories?post=233953"},{"taxonomy":"post_tag","embeddable":true,"href":"https:\/\/www.europesays.com\/fr\/wp-json\/wp\/v2\/tags?post=233953"}],"curies":[{"name":"wp","href":"https:\/\/api.w.org\/{rel}","templated":true}]}}