{"id":233955,"date":"2025-07-08T01:24:20","date_gmt":"2025-07-08T01:24:20","guid":{"rendered":"https:\/\/www.europesays.com\/fr\/233955\/"},"modified":"2025-07-08T01:24:20","modified_gmt":"2025-07-08T01:24:20","slug":"bhns-trevoux-lyon-avis-favorable-de-la-metropole-de-lyon","status":"publish","type":"post","link":"https:\/\/www.europesays.com\/fr\/233955\/","title":{"rendered":"BHNS Tr\u00e9voux \u2013 Lyon : avis favorable de la M\u00e9tropole de Lyon"},"content":{"rendered":"<p><img width=\"487\" height=\"298\" src=\"https:\/\/www.europesays.com\/fr\/wp-content\/uploads\/2025\/06\/MetropolevueGaribaldi.jpg\" class=\"attachment-post-thumbnail size-post-thumbnail wp-post-image\" alt=\"\" decoding=\"async\" fetchpriority=\"high\" \/><\/p>\n<p>(SdH\/LPI)<\/p>\n<p><strong>La collectivit\u00e9 a \u00e9mis un avis favorable \u00e0 l\u2019autorisation environnementale du projet, avec toutefois deux r\u00e9serves.<\/strong><\/p>\n<p>La commission permanente du 7 juillet planchait ce lundi sur la demande d\u2019autorisation environnementale du projet de cr\u00e9ation d\u2019une ligne de bus \u00e0 haut niveau de service (BHNS) entre Tr\u00e9voux et Lyon, port\u00e9 par la R\u00e9gion Auvergne-Rh\u00f4ne-Alpes.<\/p>\n<p>Ce projet d\u2019un BHNS entre Tr\u00e9voux et Lyon est port\u00e9 depuis 2016. Il vise \u00e0 utiliser l\u2019emprise de l\u2019ancienne voie ferr\u00e9e entre Tr\u00e9voux et Sathonay pour r\u00e9aliser cet axe. L\u2019enqu\u00eate pr\u00e9alable \u00e0 la d\u00e9claration d\u2019utilit\u00e9 publique est annonc\u00e9e \u00e0 l\u2019automne 2025. Dans ce cadre, la R\u00e9gion a d\u00e9pos\u00e9 en avril un dossier de demande d\u2019autorisation environnementale, en cours d\u2019instruction par les services de l\u2019\u00c9tat, et notamment l\u2019Autorit\u00e9 environnementale. La M\u00e9tropole de Lyon \u00e9tait invit\u00e9e \u00e0 donner son avis sur cette demande, en tant que personne publique associ\u00e9e.<\/p>\n<p>Un vote favorable<\/p>\n<p>Les \u00e9lus m\u00e9tropolitains ont donc, ce 7 juillet, vot\u00e9 l\u2019avis favorable propos\u00e9 par l\u2019ex\u00e9cutif. Cet avis est assorti de deux r\u00e9serves. La premi\u00e8re porte sur la qualit\u00e9 des mesures propos\u00e9es pour compenser les surfaces bitum\u00e9es par le projet (emprise ferroviaire et ses abords). La transformation en prairies d\u2019environ 5 hectares de terres cultiv\u00e9es n\u2019est pas \u00e0 la hauteur des enjeux, d\u2019autant plus que la M\u00e9tropole entend pr\u00e9server les surfaces cultivables sur son territoire. La seconde r\u00e9serve porte sur la proposition de r\u00e9alisation d\u2019un parc-relais (P+R) \u00e0 Neuville-sur-Sa\u00f4ne, au voisinage imm\u00e9diat de la station Neuville-Sud (avenue de l\u2019Europe). <\/p>\n<p><img decoding=\"async\" src=\"https:\/\/www.europesays.com\/fr\/wp-content\/uploads\/2025\/04\/abonnezvouslarge.jpg\" alt=\"\" \/><\/p>\n<p>Pour lire la totalit\u00e9 de l&rsquo;article,<strong> <a href=\"http:\/\/www.lyonpoleimmo.com\/membership-options-page\/\" target=\"_blank\" rel=\"noopener\">abonnez-vous<\/a> <\/strong>ou <a href=\"http:\/\/www.lyonpoleimmo.com\/senregistrer\/\" target=\"_blank\" rel=\"noopener\"><strong>identifiez-vous<\/strong><\/a> <\/p>\n<p><strong>Si vous avez appr\u00e9ci\u00e9 cet article, s&rsquo;il vous plait, prenez le temps de <a href=\"#comments\">laisser un commentaire<\/a> ou de <a href=\"http:\/\/www.lyonpoleimmo.com\/feed\/\" target=\"_blank\" rel=\"noopener\">souscrire au flux<\/a> afin de recevoir les futurs articles directement dans votre lecteur de flux.<br \/>\n    <\/strong><\/p>\n<p>\t<a href=\"http:\/\/www.lyonpoleimmo.com\/2025\/07\/07\/91567\/la-cohabitation-solidaire-encouragee-par-la-metropole-de-lyon\/\" rel=\"bookmark noopener\" title=\"Lien Permanent vers La cohabitation solidaire encourag\u00e9e par la M\u00e9tropole de Lyon\" target=\"_blank\">La cohabitation solidaire encourag\u00e9e par la M\u00e9tropole de Lyon<\/a><\/p>\n<p>\t<a href=\"http:\/\/www.lyonpoleimmo.com\/2025\/07\/07\/91567\/la-cohabitation-solidaire-encouragee-par-la-metropole-de-lyon\/\" rel=\"bookmark noopener\" title=\"Lien Permanent vers La cohabitation solidaire encourag\u00e9e par la M\u00e9tropole de Lyon\" target=\"_blank\"><\/p>\n<p>La collectivit\u00e9 encourage ce type d\u2019habitat afin de favoriser l\u2019acc\u00e8s au logement et lutter contre l\u2019isolement des seniors.<\/p>\n<p><\/a><\/p>\n<p>\t<a href=\"http:\/\/www.lyonpoleimmo.com\/2025\/07\/07\/91573\/bhns-trevoux-lyon-avis-favorable-de-la-metropole-de-lyon\/\" rel=\"bookmark noopener\" title=\"Lien Permanent vers BHNS Tr\u00e9voux \u2013 Lyon\u00a0: avis favorable de la M\u00e9tropole de Lyon\" target=\"_blank\">BHNS Tr\u00e9voux \u2013 Lyon\u00a0: avis favorable de la M\u00e9tropole de Lyon<\/a><\/p>\n<p>\t<a href=\"http:\/\/www.lyonpoleimmo.com\/2025\/07\/07\/91573\/bhns-trevoux-lyon-avis-favorable-de-la-metropole-de-lyon\/\" rel=\"bookmark noopener\" title=\"Lien Permanent vers BHNS Tr\u00e9voux \u2013 Lyon\u00a0: avis favorable de la M\u00e9tropole de Lyon\" target=\"_blank\"><\/p>\n<p><img decoding=\"async\" src=\"https:\/\/www.europesays.com\/fr\/wp-content\/uploads\/2025\/06\/MetropolevueGaribaldi.jpg\" alt=\"null\" \/>La collectivit\u00e9 a \u00e9mis un avis favorable \u00e0 l\u2019autorisation environnementale du projet, avec toutefois deux r\u00e9serves.<\/p>\n<p><\/a><\/p>\n<p>\t<a href=\"http:\/\/www.lyonpoleimmo.com\/2025\/07\/06\/91553\/inauguration-des-terrasses-de-presquile\/\" rel=\"bookmark noopener\" title=\"Lien Permanent vers Inauguration des Terrasses de presqu\u2019\u00eele\" target=\"_blank\">Inauguration des Terrasses de presqu\u2019\u00eele<\/a><\/p>\n<p>\t<a href=\"http:\/\/www.lyonpoleimmo.com\/2025\/07\/06\/91553\/inauguration-des-terrasses-de-presquile\/\" rel=\"bookmark noopener\" title=\"Lien Permanent vers Inauguration des Terrasses de presqu\u2019\u00eele\" target=\"_blank\"><\/p>\n<p>La Ville et la M\u00e9tropole de Lyon ont inaugur\u00e9 vendredi la premi\u00e8re partie de cet am\u00e9nagement, \u00e0 savoir le belv\u00e9d\u00e8re et les terrasses interm\u00e9diaires, avant la livraison en 2026 du quai bas.<\/p>\n<p><\/a><\/p>\n<p>\t<a href=\"http:\/\/www.lyonpoleimmo.com\/2025\/07\/03\/91548\/saint-fons-lextension-daxelone-pmi-en-cours-de-construction\/\" rel=\"bookmark noopener\" title=\"Lien Permanent vers Saint-Fons : l\u2019extension d\u2019Axel\u2019One PMI en cours de construction\" target=\"_blank\">Saint-Fons : l\u2019extension d\u2019Axel\u2019One PMI en cours de construction<\/a><\/p>\n<p>\t<a href=\"http:\/\/www.lyonpoleimmo.com\/2025\/07\/03\/91548\/saint-fons-lextension-daxelone-pmi-en-cours-de-construction\/\" rel=\"bookmark noopener\" title=\"Lien Permanent vers Saint-Fons : l\u2019extension d\u2019Axel\u2019One PMI en cours de construction\" target=\"_blank\"><\/p>\n<p><img decoding=\"async\" src=\"https:\/\/www.europesays.com\/fr\/wp-content\/uploads\/2025\/07\/1e-pierre-extension-Axel-one.jpg\" alt=\"null\" \/>La c\u00e9r\u00e9monie de pose de la premi\u00e8re pierre du futur b\u00e2timent du site PMI \u00e0 Saint-Fons a eu lieu le 17 juin dernier.<\/p>\n<p><\/a><\/p>\n<p>\t<a href=\"http:\/\/www.lyonpoleimmo.com\/2025\/07\/03\/91544\/saint-etienne-metropole-rebond-des-ventes-au-1er-trimestre-2025\/\" rel=\"bookmark noopener\" title=\"Lien Permanent vers Saint-Etienne M\u00e9tropole\u00a0: rebond des ventes au 1er trimestre 2025\" target=\"_blank\">Saint-Etienne M\u00e9tropole\u00a0: rebond des ventes au 1er trimestre 2025<\/a><\/p>\n<p>\t<a href=\"http:\/\/www.lyonpoleimmo.com\/2025\/07\/03\/91544\/saint-etienne-metropole-rebond-des-ventes-au-1er-trimestre-2025\/\" rel=\"bookmark noopener\" title=\"Lien Permanent vers Saint-Etienne M\u00e9tropole\u00a0: rebond des ventes au 1er trimestre 2025\" target=\"_blank\"><\/p>\n<p><img decoding=\"async\" src=\"https:\/\/www.europesays.com\/fr\/wp-content\/uploads\/2025\/07\/saint-etienne-metropole-1.jpg\" alt=\"null\" \/>Epures a fait part de son tableau de bord trimestriel de la promotion immobili\u00e8re.<\/p>\n<p><\/a><\/p>\n<p>\t<a href=\"http:\/\/www.lyonpoleimmo.com\/2025\/07\/03\/91533\/le-portefeuille-de-victor-investissements-compte-desormais-800-appartements\/\" rel=\"bookmark noopener\" title=\"Lien Permanent vers Le portefeuille de Victor Investissements compte d\u00e9sormais 800 appartements\" target=\"_blank\">Le portefeuille de Victor Investissements compte d\u00e9sormais 800 appartements<\/a><\/p>\n<p>\t<a href=\"http:\/\/www.lyonpoleimmo.com\/2025\/07\/03\/91533\/le-portefeuille-de-victor-investissements-compte-desormais-800-appartements\/\" rel=\"bookmark noopener\" title=\"Lien Permanent vers Le portefeuille de Victor Investissements compte d\u00e9sormais 800 appartements\" target=\"_blank\"><\/p>\n<p>L\u2019acteur de l\u2019investissement locatif cl\u00e9 en main poursuit sa croissance dans l\u2019immobilier r\u00e9sidentiel locatif. Une partie de son portefeuille est situ\u00e9 \u00e0 Saint-\u00c9tienne.<\/p>\n<p><\/a><\/p>\n<p>\t<a href=\"http:\/\/www.lyonpoleimmo.com\/2025\/07\/03\/91528\/saint-priest-atelier-loupiote-acquiert-un-local-dactivite-de-838-m%c2%b2\/\" rel=\"bookmark noopener\" title=\"Lien Permanent vers Saint-Priest\u00a0: Atelier Loupiote acquiert un local d\u2019activit\u00e9 de 838 m\u00b2\" target=\"_blank\">Saint-Priest\u00a0: Atelier Loupiote acquiert un local d\u2019activit\u00e9 de 838 m\u00b2<\/a><\/p>\n<p>\t<a href=\"http:\/\/www.lyonpoleimmo.com\/2025\/07\/03\/91528\/saint-priest-atelier-loupiote-acquiert-un-local-dactivite-de-838-m%c2%b2\/\" rel=\"bookmark noopener\" title=\"Lien Permanent vers Saint-Priest\u00a0: Atelier Loupiote acquiert un local d\u2019activit\u00e9 de 838 m\u00b2\" target=\"_blank\"><\/p>\n<p><img decoding=\"async\" src=\"https:\/\/www.europesays.com\/fr\/wp-content\/uploads\/2025\/07\/Atelier-Loupiote-Saint-Priest.jpg\" \/>Valoris Real Estate \u00e9tait conseil de l\u2019acqu\u00e9reur et du vendeur.<\/p>\n<p><\/a><\/p>\n<p>\t<a href=\"http:\/\/www.lyonpoleimmo.com\/2025\/07\/02\/91520\/stabilisation-des-taux-de-credit-immobilier-en-juillet\/\" rel=\"bookmark noopener\" title=\"Lien Permanent vers Stabilisation des taux de cr\u00e9dit immobilier en juillet\" target=\"_blank\">Stabilisation des taux de cr\u00e9dit immobilier en juillet<\/a><\/p>\n<p>\t<a href=\"http:\/\/www.lyonpoleimmo.com\/2025\/07\/02\/91520\/stabilisation-des-taux-de-credit-immobilier-en-juillet\/\" rel=\"bookmark noopener\" title=\"Lien Permanent vers Stabilisation des taux de cr\u00e9dit immobilier en juillet\" target=\"_blank\"><\/p>\n<p><img decoding=\"async\" src=\"https:\/\/www.europesays.com\/fr\/wp-content\/uploads\/2025\/07\/immeuble26.jpg\" alt=\"null\" \/>Cafpi et Vousfinancer ont fait part de leur analyse mensuelle sur le cr\u00e9dit immobilier.<\/p>\n<p><\/a><\/p>\n<p>\t<a href=\"http:\/\/www.lyonpoleimmo.com\/2025\/07\/02\/91516\/la-fpi-a-organise-mardi-sa-matinale-de-printemps-a-zadiga-event\/\" rel=\"bookmark noopener\" title=\"Lien Permanent vers La FPI a organis\u00e9 mardi sa matinale de printemps \u00e0 Zadiga Event\" target=\"_blank\">La FPI a organis\u00e9 mardi sa matinale de printemps \u00e0 Zadiga Event<\/a><\/p>\n<p>\t<a href=\"http:\/\/www.lyonpoleimmo.com\/2025\/07\/02\/91516\/la-fpi-a-organise-mardi-sa-matinale-de-printemps-a-zadiga-event\/\" rel=\"bookmark noopener\" title=\"Lien Permanent vers La FPI a organis\u00e9 mardi sa matinale de printemps \u00e0 Zadiga Event\" target=\"_blank\"><\/p>\n<p>Cette matinale de printemps avait pour th\u00e8me \u00a0\u00bb Concours et consultations\u00a0: comment r\u00e9inventer leurs modalit\u00e9s pour faire mieux avec moins,\u00a0ensemble\u00a0?\u00a0\u00bb.<\/p>\n<p><\/a><\/p>\n<p>\t<a href=\"http:\/\/www.lyonpoleimmo.com\/2025\/07\/01\/91504\/on-est-sur-une-tendance-haussiere-et-de-rebond-des-prix\/\" rel=\"bookmark noopener\" title=\"Lien Permanent vers \u00abOn est sur une tendance haussi\u00e8re, et de rebond des prix\u00bb\" target=\"_blank\">\u00abOn est sur une tendance haussi\u00e8re, et de rebond des prix\u00bb<\/a><\/p>\n<p>\t<a href=\"http:\/\/www.lyonpoleimmo.com\/2025\/07\/01\/91504\/on-est-sur-une-tendance-haussiere-et-de-rebond-des-prix\/\" rel=\"bookmark noopener\" title=\"Lien Permanent vers \u00abOn est sur une tendance haussi\u00e8re, et de rebond des prix\u00bb\" target=\"_blank\"><\/p>\n<p><img decoding=\"async\" src=\"https:\/\/www.europesays.com\/fr\/wp-content\/uploads\/2025\/07\/YannJehanno.jpg\" alt=\"null\" \/>Yann J\u00e9hanno est pr\u00e9sident de Lafor\u00eat. Nous \u00e9voquons avec lui l\u2019activit\u00e9 du march\u00e9 immobilier au premier semestre et les perspectives de celui-ci pour les prochains mois.<\/p>\n<p><\/a><\/p>\n<p>\t<a href=\"http:\/\/www.lyonpoleimmo.com\/2025\/07\/01\/91511\/florent-sainte-fare-garnot-devient-president-du-club-ville-amenagement\/\" rel=\"bookmark noopener\" title=\"Lien Permanent vers Florent Sainte Fare Garnot devient pr\u00e9sident du \u00abClub Ville Am\u00e9nagement\u00bb\" target=\"_blank\">Florent Sainte Fare Garnot devient pr\u00e9sident du \u00abClub Ville Am\u00e9nagement\u00bb<\/a><\/p>\n<p>\t<a href=\"http:\/\/www.lyonpoleimmo.com\/2025\/07\/01\/91511\/florent-sainte-fare-garnot-devient-president-du-club-ville-amenagement\/\" rel=\"bookmark noopener\" title=\"Lien Permanent vers Florent Sainte Fare Garnot devient pr\u00e9sident du \u00abClub Ville Am\u00e9nagement\u00bb\" target=\"_blank\"><\/p>\n<p>La 11e \u00e9dition des \u00abEntretiens de l\u2019am\u00e9nagement\u00bb a rassembl\u00e9 1.200 personnes \u00e0 Lyon la semaine derni\u00e8re. A cette occasion, le directeur de la SPL Lyon Part Dieu a \u00e9t\u00e9 \u00e9lu pr\u00e9sident de la structure organisatrice de l\u2019\u00e9v\u00e8nement.<\/p>\n<p><\/a><\/p>\n<p>\t<a href=\"http:\/\/www.lyonpoleimmo.com\/2025\/07\/01\/91497\/vaulx-en-velin-inauguration-de-la-residence-paul-henri-chapuy\/\" rel=\"bookmark noopener\" title=\"Lien Permanent vers Vaulx-en-Velin\u00a0: inauguration de la r\u00e9sidence Paul-Henri Chapuy\" target=\"_blank\">Vaulx-en-Velin\u00a0: inauguration de la r\u00e9sidence Paul-Henri Chapuy<\/a><\/p>\n<p>\t<a href=\"http:\/\/www.lyonpoleimmo.com\/2025\/07\/01\/91497\/vaulx-en-velin-inauguration-de-la-residence-paul-henri-chapuy\/\" rel=\"bookmark noopener\" title=\"Lien Permanent vers Vaulx-en-Velin\u00a0: inauguration de la r\u00e9sidence Paul-Henri Chapuy\" target=\"_blank\"><\/p>\n<p><img decoding=\"async\" src=\"https:\/\/www.europesays.com\/fr\/wp-content\/uploads\/2025\/07\/inauguration-residence-chapuy.jpg\" alt=\"null\" \/>Cette nouvelle r\u00e9sidence visant \u00e0 accompagner le grand \u00e2ge a \u00e9t\u00e9 inaugur\u00e9e vendredi en pr\u00e9sence du directeur d\u00e9partemental du Rh\u00f4ne de l\u2019ARS Auvergne-Rh\u00f4ne-Alpes, et de plusieurs \u00e9lus. Une structure qui illustre la politique m\u00e9tropolitaine en faveur du \u00abbien vieillir\u00bb.<\/p>\n<p><\/a><\/p>\n<p>\t<a href=\"http:\/\/www.lyonpoleimmo.com\/2025\/06\/30\/91493\/les-5-propositions-du-rapport-daubresse-cosson\/\" rel=\"bookmark noopener\" title=\"Lien Permanent vers Les 5 propositions du rapport Daubresse \/ Cosson\" target=\"_blank\">Les 5 propositions du rapport Daubresse \/ Cosson<\/a><\/p>\n<p>\t<a href=\"http:\/\/www.lyonpoleimmo.com\/2025\/06\/30\/91493\/les-5-propositions-du-rapport-daubresse-cosson\/\" rel=\"bookmark noopener\" title=\"Lien Permanent vers Les 5 propositions du rapport Daubresse \/ Cosson\" target=\"_blank\"><\/p>\n<p>Le d\u00e9put\u00e9 Micka\u00ebl Cosson et le s\u00e9nateur Marc-Philippe Daubresse ont remis ce lundi \u00e0 Val\u00e9rie L\u00e9tard le rapport sur la cr\u00e9ation du statut du bailleur priv\u00e9.<\/p>\n<p><\/a><\/p>\n<p>\t<a href=\"http:\/\/www.lyonpoleimmo.com\/2025\/06\/30\/91488\/hausse-de-114-des-ventes-au-1er-semestre-selon-century-21\/\" rel=\"bookmark noopener\" title=\"Lien Permanent vers Hausse de 11,4% des ventes au 1er semestre, selon Century 21\" target=\"_blank\">Hausse de 11,4% des ventes au 1er semestre, selon Century 21<\/a><\/p>\n<p>\t<a href=\"http:\/\/www.lyonpoleimmo.com\/2025\/06\/30\/91488\/hausse-de-114-des-ventes-au-1er-semestre-selon-century-21\/\" rel=\"bookmark noopener\" title=\"Lien Permanent vers Hausse de 11,4% des ventes au 1er semestre, selon Century 21\" target=\"_blank\"><\/p>\n<p><img decoding=\"async\" src=\"https:\/\/www.europesays.com\/fr\/wp-content\/uploads\/2025\/07\/Century21-1.jpg\" alt=\"null\" \/>Le r\u00e9seau d\u2019agences franchis\u00e9es a fait part d\u2019une hausse du nombre de transactions au premier semestre par rapport \u00e0 la m\u00eame p\u00e9riode de 2024.<\/p>\n<p><\/a><\/p>\n<p>\t<a href=\"http:\/\/www.lyonpoleimmo.com\/2025\/06\/30\/91481\/les-prix-de-limmobilier-repartent-a-la-hausse-a-lyon-selon-laforet\/\" rel=\"bookmark noopener\" title=\"Lien Permanent vers Les prix de l\u2019immobilier repartent \u00e0 la hausse \u00e0 Lyon, selon Lafor\u00eat\" target=\"_blank\">Les prix de l\u2019immobilier repartent \u00e0 la hausse \u00e0 Lyon, selon Lafor\u00eat<\/a><\/p>\n<p>\t<a href=\"http:\/\/www.lyonpoleimmo.com\/2025\/06\/30\/91481\/les-prix-de-limmobilier-repartent-a-la-hausse-a-lyon-selon-laforet\/\" rel=\"bookmark noopener\" title=\"Lien Permanent vers Les prix de l\u2019immobilier repartent \u00e0 la hausse \u00e0 Lyon, selon Lafor\u00eat\" target=\"_blank\"><\/p>\n<p>Le r\u00e9seau d\u2019agences franchis\u00e9es a fait part de son bilan au titre du premier semestre. L\u2019activit\u00e9 repart, mais un rebond de l\u2019offre inf\u00e9rieur \u00e0 celui de la demande alimente une hausse des prix.<\/p>\n<p><\/a><\/p>\n","protected":false},"excerpt":{"rendered":"(SdH\/LPI) La collectivit\u00e9 a \u00e9mis un avis favorable \u00e0 l\u2019autorisation environnementale du projet, avec toutefois deux r\u00e9serves. La&hellip;\n","protected":false},"author":2,"featured_media":179156,"comment_status":"","ping_status":"","sticky":false,"template":"","format":"standard","meta":{"footnotes":""},"categories":[1889],"tags":[5265,1111,11,2430,1777,674,1011,27,2428,12,25],"class_list":{"0":"post-233955","1":"post","2":"type-post","3":"status-publish","4":"format-standard","5":"has-post-thumbnail","7":"category-lyon","8":"tag-abonnes","9":"tag-actu","10":"tag-actualites","11":"tag-auvergne-rhone-alpes","12":"tag-eu","13":"tag-europe","14":"tag-fr","15":"tag-france","16":"tag-lyon","17":"tag-news","18":"tag-republique-francaise"},"share_on_mastodon":{"url":"https:\/\/pubeurope.com\/@fr\/114815006826165981","error":""},"_links":{"self":[{"href":"https:\/\/www.europesays.com\/fr\/wp-json\/wp\/v2\/posts\/233955","targetHints":{"allow":["GET"]}}],"collection":[{"href":"https:\/\/www.europesays.com\/fr\/wp-json\/wp\/v2\/posts"}],"about":[{"href":"https:\/\/www.europesays.com\/fr\/wp-json\/wp\/v2\/types\/post"}],"author":[{"embeddable":true,"href":"https:\/\/www.europesays.com\/fr\/wp-json\/wp\/v2\/users\/2"}],"replies":[{"embeddable":true,"href":"https:\/\/www.europesays.com\/fr\/wp-json\/wp\/v2\/comments?post=233955"}],"version-history":[{"count":0,"href":"https:\/\/www.europesays.com\/fr\/wp-json\/wp\/v2\/posts\/233955\/revisions"}],"wp:featuredmedia":[{"embeddable":true,"href":"https:\/\/www.europesays.com\/fr\/wp-json\/wp\/v2\/media\/179156"}],"wp:attachment":[{"href":"https:\/\/www.europesays.com\/fr\/wp-json\/wp\/v2\/media?parent=233955"}],"wp:term":[{"taxonomy":"category","embeddable":true,"href":"https:\/\/www.europesays.com\/fr\/wp-json\/wp\/v2\/categories?post=233955"},{"taxonomy":"post_tag","embeddable":true,"href":"https:\/\/www.europesays.com\/fr\/wp-json\/wp\/v2\/tags?post=233955"}],"curies":[{"name":"wp","href":"https:\/\/api.w.org\/{rel}","templated":true}]}}