{"id":233961,"date":"2025-07-08T01:28:14","date_gmt":"2025-07-08T01:28:14","guid":{"rendered":"https:\/\/www.europesays.com\/fr\/233961\/"},"modified":"2025-07-08T01:28:14","modified_gmt":"2025-07-08T01:28:14","slug":"boulogne-billancourt-lance-un-grand-plan-pour-soutenir-son-commerce-local","status":"publish","type":"post","link":"https:\/\/www.europesays.com\/fr\/233961\/","title":{"rendered":"Boulogne-Billancourt lance un grand plan pour soutenir son commerce local"},"content":{"rendered":"<p>            Par<br \/>\n        <strong><br \/>\n            <a href=\"https:\/\/actu.fr\/auteur\/hugo-hancewicz\" title=\"Consulter tous les articles de Hugo Hancewicz\" target=\"_blank\" rel=\"noopener\">Hugo Hancewicz<\/a><br \/>\n        <\/strong><\/p>\n<p>        Publi\u00e9 le<\/p>\n<p>            7 juil. 2025 \u00e0 18h18        <\/p>\n<p>Dans les rues de <a href=\"https:\/\/actu.fr\/ile-de-france\/boulogne-billancourt_92012\" target=\"_blank\" rel=\"noopener\">Boulogne-Billancourt<\/a>, difficile d\u2019\u00e9chapper \u00e0 ces nouvelles affiches vertes et blanches placard\u00e9es sur les vitrines\u2009: <strong>\u201cAcheter local, c\u2019est g\u00e9nial\u201d<\/strong>. Un slogan simple, presque enfantin, mais qui traduit l\u2019ambition tr\u00e8s s\u00e9rieuse de la ville, celui d\u2019enrayer <strong>l\u2019\u00e9rosion de la consommation locale<\/strong> face aux <a href=\"https:\/\/actu.fr\/economie\/shein-temu-aliexpress-les-produits-achetes-en-ligne-bientot-plus-chers-une-taxe-sur-les-colis-a-venir_62290554.html\" target=\"_blank\" rel=\"noopener\">g\u00e9ants du commerce en ligne<\/a>. \u00ab\u2009Nous avons d\u00e9cid\u00e9 de soutenir encore plus le commerce boulonnais, explique Jean-Claude Marquez, adjoint au commerce, aupr\u00e8s d\u2019<a href=\"https:\/\/actu.fr\/paris\/\" target=\"_blank\" rel=\"noopener\">actu Paris<\/a>. L\u2019objectif est de r\u00e9duire au maximum l\u2019achat en ligne et de favoriser l\u2019achat local. Il faut faire changer les mentalit\u00e9s\u2009\u00bb. Car si <a href=\"https:\/\/actu.fr\/societe\/dans-les-hauts-de-seine-le-nombre-d-habitants-augmente-peu-le-top-10-des-villes-les-plus-peuplees_56268930.html\" target=\"_blank\" rel=\"noopener\">la commune des Hauts-de-Seine la plus peupl\u00e9e<\/a> peut se targuer d\u2019un tissu commercial consid\u00e9rable \u2013 <strong>2100 commerces recens\u00e9s<\/strong>, soit 16 pour 1000 habitants contre 10 dans le reste du d\u00e9partement \u2013 la r\u00e9alit\u00e9 n\u2019est pas exempte de fragilit\u00e9s. Depuis la crise sanitaire, l\u2019Union des Commer\u00e7ants et Artisans de Boulogne-Billancourt (UCABB) constate un changement de paradigme. \u00ab\u2009Apr\u00e8s le <a href=\"https:\/\/actu.fr\/tag\/coronavirus-covid\" target=\"_blank\" rel=\"noopener\">Covid<\/a>, tout a chang\u00e9, confie les deux pilotes de l\u2019association, Pascale Blas et Delphine Brouillet. Nous avons constat\u00e9 une baisse de 30\u2009% de la fr\u00e9quentation chez les commer\u00e7ants. <strong>Les gens n\u2019ont pas encore conscience des cons\u00e9quences pour<\/strong>. L\u2019ennemi, c\u2019est Amazon et le commerce en ligne\u2009\u00bb.<\/p>\n<p>\u00ab\u2009Le commerce local est fondamental\u2009\u00bb<\/p>\n<p class=\" wall-content\">Pour inverser la tendance, la municipalit\u00e9 a \u00e9labor\u00e9 une <a href=\"https:\/\/vbb.maps.arcgis.com\/apps\/instant\/nearby\/index.html?appid=9671b2596202457e803f0330598610b7\" target=\"_blank\" rel=\"noopener\">cartographie compl\u00e8te des commerces par typologie<\/a>, <strong>destin\u00e9e \u00e0 am\u00e9liorer leur visibilit\u00e9<\/strong> et \u00e0 ancrer un r\u00e9flexe local chez les habitants. \u00ab\u2009Le centre commercial <a href=\"https:\/\/actu.fr\/ile-de-france\/boulogne-billancourt_92012\/dans-ce-centre-commercial-des-hauts-de-seine-les-toilettes-publiques-devenues-payantes-soulagent-la-clientele_62634694.html\" target=\"_blank\" rel=\"noopener\">Les Passages<\/a> sert de locomotive, gr\u00e2ce aux grandes marques qu\u2019il accueille, mais nous voulons que <strong>l\u2019ensemble du tissu commercial b\u00e9n\u00e9ficie de cette dynamique<\/strong>\u2009\u00bb, insiste Jean-Claude Marquez.<\/p>\n<blockquote class=\"ac-article-quote wall-content\">\n<p>\u00ab Le commerce local est fondamental pour le d\u00e9veloppement \u00e9conomique de Boulogne. Il dynamise les quartiers, cr\u00e9e du lien social et participe au d\u00e9veloppement durable \u00bb<\/p>\n<p>    <strong>Jean-Claude Marquez<\/strong><br \/>\n        Adjoint au commerce \u00e0 la ville de Boulogne-Billancourt    <\/p><\/blockquote>\n<p class=\" wall-content\">Du c\u00f4t\u00e9 de l\u2019UCABB, on salue l\u2019initiative, tout en rappelant que ce travail s\u2019inscrit <strong>dans une d\u00e9marche collective<\/strong>. \u00ab\u2009Cela fait plusieurs ann\u00e9es que nous organisons des actions de communication, des rencontres, des conf\u00e9rences pour aider les commer\u00e7ants. Nous avons beaucoup inspir\u00e9 la mairie pour cette campagne. <strong>Leur aide est un coup de boost formidable<\/strong>\u2009\u00bb.<\/p>\n<p>    <a href=\"https:\/\/www.facebook.com\/plugins\/video.php?height=314&amp;href=https%3A%2F%2Fwww.facebook.com%2FUCABB.Union.des.Commercants.et.Artisans.Boulogne%2Fvideos%2F23986320817701352%2F&amp;show_text=false&amp;width=350&amp;t=0\" title=\"Ouvrie le lien\" target=\"_blank\" rel=\"noopener\">Cliquez ici pour visualiser le contenu<\/a><\/p>\n<p>Le commerce local comme vecteur de lien social<\/p>\n<p class=\" wall-content\">Pour la municipalit\u00e9, l\u2019enjeu est \u00e9conomique mais aussi social et environnemental. <strong>\u00ab\u2009Le commerce local dynamise les quartiers, cr\u00e9e du lien social et participe au d\u00e9veloppement durable\u2009\u00bb<\/strong>, rappelle l\u2019adjoint au commerce. Un engagement qui se traduit concr\u00e8tement par des choix urbains assum\u00e9s. Dans certains quartiers, la ville a <a href=\"https:\/\/actu.fr\/ile-de-france\/asnieres-sur-seine_92004\/comment-cette-ville-des-hauts-de-seine-veut-empecher-l-installation-de-commerces-nuisibles-et-repetitifs_61697126.html\" target=\"_blank\" rel=\"noopener\">pr\u00e9empt\u00e9 des locaux<\/a> pour \u00e9viter <a href=\"https:\/\/actu.fr\/ile-de-france\/colombes_92025\/ce-n-est-pas-coherent-l-arrivee-surprise-d-un-burger-king-dans-le-centre-ville-de-colombes-fait-polemique_62667909.html\" target=\"_blank\" rel=\"noopener\">l\u2019implantation de fast-foods<\/a> et pr\u00e9server la diversit\u00e9 commerciale. De son c\u00f4t\u00e9, l\u2019UCABB assume pleinement \u00eatre <a href=\"https:\/\/actu.fr\/ile-de-france\/boulogne-billancourt_92012\/certains-pensent-a-partir-comment-l-unique-dark-kitchen-de-boulogne-billancourt-ruine-la-vie-des-habitants_62022530.html\" target=\"_blank\" rel=\"noopener\">\u00ab\u2009en guerre contre les dark kitchen\u2009\u00bb<\/a>.<\/p>\n<p class=\" wall-content\">Reste que la situation demeure contrast\u00e9e. \u00ab\u2009Dans certains quartiers, le commerce de proximit\u00e9 reste difficile car <strong>les loyers sont tr\u00e8s chers<\/strong>, souligne l\u2019association. Mais \u00e0 Boulogne, il y a un roulement plus important\u2009: d\u00e8s qu\u2019un commerce ferme, un autre rouvre\u2009\u00bb. Une probl\u00e9matique qui ne touche <a href=\"https:\/\/actu.fr\/ile-de-france\/ivry-sur-seine_94041\/une-aberration-des-annees-80-deserte-le-centre-commercial-quais-d-ivry-va-t-il-etre-bientot-rase_62297537.html\" target=\"_blank\" rel=\"noopener\">pas simplement la petite couronne<\/a>, mais qui <a href=\"https:\/\/actu.fr\/ile-de-france\/paris_75056\/paris-en-crise-depuis-des-annees-les-commerces-du-boulevard-saint-michel-continuent-de-s-eteindre_62445900.html\" target=\"_blank\" rel=\"noopener\">impacte \u00e9galement le commerce \u00e0 Paris<\/a>.<\/p>\n<p>Une prise de conscience<\/p>\n<p class=\" wall-content\">Derri\u00e8re cette campagne <strong>de quelques milliers d\u2019euros<\/strong>, c\u2019est toute une strat\u00e9gie \u00e0 long terme qui se dessine. Aujourd\u2019hui, cinq agents municipaux sont enti\u00e8rement d\u00e9di\u00e9s \u00e0 la valorisation du commerce local. Un investissement qui s\u2019inscrit dans un \u00e9cosyst\u00e8me o\u00f9 se croisent chaque jour 120\u2009000\u00a0habitants et <strong>108\u2009000 emplois, dont 30\u2009% occup\u00e9s par des Boulonnais<\/strong>.<\/p>\n<p class=\" wall-content\">Pour l\u2019heure, commer\u00e7ants et \u00e9lus avancent main dans la main. Mais la partie est loin d\u2019\u00eatre gagn\u00e9e. Comme le glisse un membre de l\u2019UCABB\u2009: \u00ab\u2009<strong>Il faut une prise de conscience pour faire revenir les gens dans leurs commerces locaux<\/strong>. En d\u00e9fendant le commerce de proximit\u00e9, on d\u00e9fend aussi les interactions humaines\u2009\u00bb.<\/p>\n<p class=\" wall-content\">Suivez toute l\u2019actualit\u00e9 de vos villes et m\u00e9dias favoris en vous inscrivant \u00e0 <a href=\"https:\/\/moncompte.actu.fr\" title=\"D\u00e9couvez Mon Actu\" rel=\"nofollow noopener\" data-trk=\"{&quot;cta&quot;:{&quot;action&quot;:&quot;https:\\\/\\\/moncompte.actu.fr&quot;,&quot;category&quot;:&quot;mon compte&quot;,&quot;from&quot;:&quot;article footer&quot;,&quot;name&quot;:&quot;Mon actu&quot;,&quot;type&quot;:&quot;cta&quot;}}\" target=\"_blank\">Mon Actu<\/a>.<\/p>\n<ul class=\"ac-article-tag wall-content\">\n<li><a href=\"https:\/\/actu.fr\/tag\/commerce\" data-trk=\"{&quot;cta&quot;:{&quot;action&quot;:&quot;Commerce&quot;,&quot;category&quot;:&quot;tag&quot;,&quot;from&quot;:&quot;article footer&quot;,&quot;name&quot;:&quot;Commerce&quot;,&quot;type&quot;:&quot;cta&quot;}}\" target=\"_blank\" rel=\"noopener\">#Commerce<\/a><\/li>\n<li><a href=\"https:\/\/actu.fr\/tag\/coronavirus-covid\" data-trk=\"{&quot;cta&quot;:{&quot;action&quot;:&quot;Coronavirus (Covid)&quot;,&quot;category&quot;:&quot;tag&quot;,&quot;from&quot;:&quot;article footer&quot;,&quot;name&quot;:&quot;Coronavirus (Covid)&quot;,&quot;type&quot;:&quot;cta&quot;}}\" target=\"_blank\" rel=\"noopener\">#Coronavirus (Covid)<\/a><\/li>\n<\/ul>\n","protected":false},"excerpt":{"rendered":"Par Hugo Hancewicz Publi\u00e9 le 7 juil. 2025 \u00e0 18h18 Dans les rues de Boulogne-Billancourt, difficile d\u2019\u00e9chapper \u00e0&hellip;\n","protected":false},"author":2,"featured_media":233962,"comment_status":"","ping_status":"","sticky":false,"template":"","format":"standard","meta":{"footnotes":""},"categories":[1888],"tags":[1111,1928,11,1927,215,4379,1777,674,1011,27,12,1926,626,1925,25,104],"class_list":{"0":"post-233961","1":"post","2":"type-post","3":"status-publish","4":"format-standard","5":"has-post-thumbnail","7":"category-paris","8":"tag-actu","9":"tag-actu-paris","10":"tag-actualites","11":"tag-actualites-paris","12":"tag-commerce","13":"tag-coronavirus-covid","14":"tag-eu","15":"tag-europe","16":"tag-fr","17":"tag-france","18":"tag-news","19":"tag-news-paris","20":"tag-paris","21":"tag-paris-news","22":"tag-republique-francaise","23":"tag-societe"},"share_on_mastodon":{"url":"https:\/\/pubeurope.com\/@fr\/114815022121549216","error":""},"_links":{"self":[{"href":"https:\/\/www.europesays.com\/fr\/wp-json\/wp\/v2\/posts\/233961","targetHints":{"allow":["GET"]}}],"collection":[{"href":"https:\/\/www.europesays.com\/fr\/wp-json\/wp\/v2\/posts"}],"about":[{"href":"https:\/\/www.europesays.com\/fr\/wp-json\/wp\/v2\/types\/post"}],"author":[{"embeddable":true,"href":"https:\/\/www.europesays.com\/fr\/wp-json\/wp\/v2\/users\/2"}],"replies":[{"embeddable":true,"href":"https:\/\/www.europesays.com\/fr\/wp-json\/wp\/v2\/comments?post=233961"}],"version-history":[{"count":0,"href":"https:\/\/www.europesays.com\/fr\/wp-json\/wp\/v2\/posts\/233961\/revisions"}],"wp:featuredmedia":[{"embeddable":true,"href":"https:\/\/www.europesays.com\/fr\/wp-json\/wp\/v2\/media\/233962"}],"wp:attachment":[{"href":"https:\/\/www.europesays.com\/fr\/wp-json\/wp\/v2\/media?parent=233961"}],"wp:term":[{"taxonomy":"category","embeddable":true,"href":"https:\/\/www.europesays.com\/fr\/wp-json\/wp\/v2\/categories?post=233961"},{"taxonomy":"post_tag","embeddable":true,"href":"https:\/\/www.europesays.com\/fr\/wp-json\/wp\/v2\/tags?post=233961"}],"curies":[{"name":"wp","href":"https:\/\/api.w.org\/{rel}","templated":true}]}}