{"id":233963,"date":"2025-07-08T01:29:20","date_gmt":"2025-07-08T01:29:20","guid":{"rendered":"https:\/\/www.europesays.com\/fr\/233963\/"},"modified":"2025-07-08T01:29:20","modified_gmt":"2025-07-08T01:29:20","slug":"a-paris-le-maroc-met-a-lhonneur-les-pionniers-de-limmigration-en-france-modeles-pour-la-nouvelle-generation","status":"publish","type":"post","link":"https:\/\/www.europesays.com\/fr\/233963\/","title":{"rendered":"\u00c0 Paris, le Maroc met \u00e0 l\u2019honneur les \u00ab\u00a0pionniers\u00a0\u00bb de l\u2019immigration en France, \u00ab\u00a0mod\u00e8les\u00a0\u00bb pour la nouvelle g\u00e9n\u00e9ration"},"content":{"rendered":"<p><strong>REPORTAGE<\/strong> &#8211; \u00c0 l\u2019ambassade du Maroc, trente-deux Franco-Marocains, anciens ouvriers, mineurs, artistes ou femmes au foyer, arriv\u00e9s entre 1950 et 1960, ont re\u00e7u une m\u00e9daille du m\u00e9rite, reconnaissance de leurs parcours marqu\u00e9 par le travail et le respect du pays d\u2019accueil.<\/p>\n<p class=\"fig-paragraph\">En ce soir de canicule, le chic\u00a0<a href=\"http:\/\/www.lefigaro.fr\/gastronomie\/l-auberge-du-mouton-blanc-le-grand-retour-d-une-institution-bistrotiere-du-16e-arrondissement-20250327\" target=\"_blank\" data-fig-type=\"Article\" rel=\"noopener nofollow\" data-gtm-custom-categorie=\"navigation\" data-gtm-custom-action=\"crossclick\" data-gtm-custom-label=\"Contextuel\" data-gtm-event=\"customEventSPE\" data-fig-domain=\"LEFIGARO\">16e arrondissement<\/a>\u00a0somnole sous la chaleur. Dans une ruelle proche de la\u00a0<a href=\"http:\/\/www.lefigaro.fr\/culture\/le-sommet-de-la-tour-eiffel-ferme-jusqu-a-mercredi-en-raison-de-la-canicule-20250701\" target=\"_blank\" data-fig-type=\"NewsFlash\" rel=\"noopener nofollow\" data-gtm-custom-categorie=\"navigation\" data-gtm-custom-action=\"crossclick\" data-gtm-custom-label=\"Contextuel\" data-gtm-event=\"customEventSPE\" data-fig-domain=\"LEFIGARO\">tour Eiffel,<\/a>\u00a0un d\u00e9fil\u00e9 de robes traditionnelles et de tarbouches &#8211; la coiffe arrondie des Marocains &#8211; se faufile, cahin-caha, vers une entr\u00e9e surplomb\u00e9e du drapeau rouge \u00e0 l\u2019\u00e9toile verte. Des septua, octo et nonag\u00e9naires, accompagn\u00e9s de leurs conjoints et certains de leur prog\u00e9niture, p\u00e9n\u00e8trent dans la repr\u00e9sentation diplomatique du royaume du Maroc. Ce soir, l\u2019ambassade cossue se remplit d\u2019un joyeux brouhaha. Le royaume ch\u00e9rifien honore une cinquantaine de ses ressortissants arriv\u00e9s en France lors de la premi\u00e8re vague d\u2019immigration.<\/p>\n<p class=\"fig-paragraph\">Ces <strong>\u00ab<\/strong>chibanis\u00bb ou \u00abpionniers\u00bb, sont arriv\u00e9s entre 1952 et 1962, durant la premi\u00e8re d\u00e9cennie qui a suivi la fin du protectorat fran\u00e7ais &#8211; en 1956. Des caristes chez Citro\u00ebn et Renault, peintres en b\u00e2timent, couturi\u00e8res, femmes au foyer, mineurs. Trente-deux sont d\u00e9cor\u00e9s \u00e0 Paris, vingt-trois autres dans diff\u00e9rents consulats de France. \u00abUne volont\u00e9 de Mohammed\u2026<\/p>\n<p class=\"fig-premium-paywall__infos\">\n        Cet article est r\u00e9serv\u00e9 aux abonn\u00e9s.        Il vous reste 87% \u00e0 d\u00e9couvrir.\n    <\/p>\n<p>                <img  data- alt=\"Le Figaro\" class=\"fig-img--complete fig-img\"\/><\/p>\n<p class=\"fig-premium-paywall__title\">Vous avez envie de lire la suite ?<\/p>\n<p class=\"fig-premium-paywall__subtitle\">D\u00e9bloquez tous les articles imm\u00e9diatement.<\/p>\n<p class=\"fig-premium-paywall__connect\">\n                D\u00e9j\u00e0 abonn\u00e9\u00a0?                <a class=\"fig-premium-paywall__connect-link\" href=\"https:\/\/connect.lefigaro.fr\/login?client=horizon_web&amp;type=main&amp;redirect_uri=https%3A%2F%2Fwww.lefigaro.fr%2Factualite-france%2Fa-paris-le-maroc-met-a-l-honneur-les-pionniers-de-l-immigration-en-france-modeles-pour-la-nouvelle-generation-20250707\" data-js-gtm=\"{&quot;customCategorie&quot;: &quot;conversion&quot;, &quot;customAction&quot;: &quot;before_Landing_Connexion_paywall_auto&quot;, &quot;customLabel&quot;: &quot;bGVmaWdhcm8uZnJfXzFmMDU5ZDg1LTE1OTEtNjE1Yy1hMTJjLWJiYjJjN2YxMTg2YV9fQXJ0aWNsZQ==_\u00c0 Paris, le Maroc met \u00e0 l\u2019honneur les \u00ab\u00a0pionniers\u00a0\u00bb de l\u2019immigration en France, \u00ab\u00a0mod\u00e8les\u00a0\u00bb pour la nouvelle g\u00e9n\u00e9ration_356&quot;, &quot;customIDSPE&quot;: &quot;bGVmaWdhcm8uZnJfXzFmMDU5ZDg1LTE1OTEtNjE1Yy1hMTJjLWJiYjJjN2YxMTg2YV9fQXJ0aWNsZQ==&quot;, &quot;event&quot;: &quot;customEventSPE&quot;}\" rel=\"nofollow noopener\" target=\"_blank\"><br \/>\n                    Connectez-vous<br \/>\n                <\/a>\n            <\/p>\n","protected":false},"excerpt":{"rendered":"REPORTAGE &#8211; \u00c0 l\u2019ambassade du Maroc, trente-deux Franco-Marocains, anciens ouvriers, mineurs, artistes ou femmes au foyer, arriv\u00e9s entre&hellip;\n","protected":false},"author":2,"featured_media":233964,"comment_status":"","ping_status":"","sticky":false,"template":"","format":"standard","meta":{"footnotes":""},"categories":[1888],"tags":[1111,1928,11,1927,1777,674,1011,27,1061,2223,12,1926,626,1925,25],"class_list":{"0":"post-233963","1":"post","2":"type-post","3":"status-publish","4":"format-standard","5":"has-post-thumbnail","7":"category-paris","8":"tag-actu","9":"tag-actu-paris","10":"tag-actualites","11":"tag-actualites-paris","12":"tag-eu","13":"tag-europe","14":"tag-fr","15":"tag-france","16":"tag-immigration","17":"tag-maroc","18":"tag-news","19":"tag-news-paris","20":"tag-paris","21":"tag-paris-news","22":"tag-republique-francaise"},"share_on_mastodon":{"url":"https:\/\/pubeurope.com\/@fr\/114815026143565756","error":""},"_links":{"self":[{"href":"https:\/\/www.europesays.com\/fr\/wp-json\/wp\/v2\/posts\/233963","targetHints":{"allow":["GET"]}}],"collection":[{"href":"https:\/\/www.europesays.com\/fr\/wp-json\/wp\/v2\/posts"}],"about":[{"href":"https:\/\/www.europesays.com\/fr\/wp-json\/wp\/v2\/types\/post"}],"author":[{"embeddable":true,"href":"https:\/\/www.europesays.com\/fr\/wp-json\/wp\/v2\/users\/2"}],"replies":[{"embeddable":true,"href":"https:\/\/www.europesays.com\/fr\/wp-json\/wp\/v2\/comments?post=233963"}],"version-history":[{"count":0,"href":"https:\/\/www.europesays.com\/fr\/wp-json\/wp\/v2\/posts\/233963\/revisions"}],"wp:featuredmedia":[{"embeddable":true,"href":"https:\/\/www.europesays.com\/fr\/wp-json\/wp\/v2\/media\/233964"}],"wp:attachment":[{"href":"https:\/\/www.europesays.com\/fr\/wp-json\/wp\/v2\/media?parent=233963"}],"wp:term":[{"taxonomy":"category","embeddable":true,"href":"https:\/\/www.europesays.com\/fr\/wp-json\/wp\/v2\/categories?post=233963"},{"taxonomy":"post_tag","embeddable":true,"href":"https:\/\/www.europesays.com\/fr\/wp-json\/wp\/v2\/tags?post=233963"}],"curies":[{"name":"wp","href":"https:\/\/api.w.org\/{rel}","templated":true}]}}