{"id":233965,"date":"2025-07-08T01:30:12","date_gmt":"2025-07-08T01:30:12","guid":{"rendered":"https:\/\/www.europesays.com\/fr\/233965\/"},"modified":"2025-07-08T01:30:12","modified_gmt":"2025-07-08T01:30:12","slug":"la-tete-dhanotin-mise-a-prix-di-martino-insulte-a-huit-mois-des-municipales-la-tension-monte-dans-le-93","status":"publish","type":"post","link":"https:\/\/www.europesays.com\/fr\/233965\/","title":{"rendered":"La t\u00eate d\u2019Hanotin mise \u00e0 prix, Di Martino insult\u00e9\u2026 \u00c0 huit mois des municipales, la tension monte dans le 93"},"content":{"rendered":"<p class=\"paragraph text_align_left lp-f-body-02\">La t\u00eate de <a href=\"https:\/\/www.leparisien.fr\/seine-saint-denis-93\/fusion-saint-denis-pierrefitte-le-socialiste-mathieu-hanotin-devient-maire-de-la-plus-grosse-ville-de-banlieue-04-01-2025-B6O3OXC4CBCNLJWGF52HQZJQHI.php\" target=\"_blank\" rel=\"noreferrer nofollow noopener\">Mathieu Hanotin<\/a>, maire (PS) de <a href=\"https:\/\/www.leparisien.fr\/seine-saint-denis-93\/saint-denis-93200\/\" target=\"_blank\" rel=\"noreferrer nofollow noopener\">Saint-Denis<\/a>, barr\u00e9e d\u2019une croix rouge. Au-dessus, en lettres capitales, la mention \u00ab Wanted 10 000 euros \u00bb. Et en dessous de la photo, ce texte gla\u00e7ant : \u00ab Mort ou vif \u00bb.<\/p>\n<p class=\"paragraph text_align_left lp-f-body-02\">C\u2019est ce week-end du 5 et 6 juillet que le portrait officiel de l\u2019\u00e9lu, accroch\u00e9 sur le tableau d\u2019affichage municipal de l\u2019\u00e9cole Jean-Vilar, a \u00e9t\u00e9 d\u00e9grad\u00e9, en reprenant les codes d\u2019une mise \u00e0 prix. Une photo, prise sur place, a rapidement \u00e9t\u00e9 relay\u00e9e sur les r\u00e9seaux sociaux.<\/p>\n","protected":false},"excerpt":{"rendered":"La t\u00eate de Mathieu Hanotin, maire (PS) de Saint-Denis, barr\u00e9e d\u2019une croix rouge. Au-dessus, en lettres capitales, la&hellip;\n","protected":false},"author":2,"featured_media":233966,"comment_status":"","ping_status":"","sticky":false,"template":"","format":"standard","meta":{"footnotes":""},"categories":[1888],"tags":[11,1777,674,1011,27,1944,12,626,316,25,1945],"class_list":{"0":"post-233965","1":"post","2":"type-post","3":"status-publish","4":"format-standard","5":"has-post-thumbnail","7":"category-paris","8":"tag-actualites","9":"tag-eu","10":"tag-europe","11":"tag-fr","12":"tag-france","13":"tag-ma-ville","14":"tag-news","15":"tag-paris","16":"tag-politique","17":"tag-republique-francaise","18":"tag-seine-saint-denis"},"share_on_mastodon":{"url":"https:\/\/pubeurope.com\/@fr\/114815029971743876","error":""},"_links":{"self":[{"href":"https:\/\/www.europesays.com\/fr\/wp-json\/wp\/v2\/posts\/233965","targetHints":{"allow":["GET"]}}],"collection":[{"href":"https:\/\/www.europesays.com\/fr\/wp-json\/wp\/v2\/posts"}],"about":[{"href":"https:\/\/www.europesays.com\/fr\/wp-json\/wp\/v2\/types\/post"}],"author":[{"embeddable":true,"href":"https:\/\/www.europesays.com\/fr\/wp-json\/wp\/v2\/users\/2"}],"replies":[{"embeddable":true,"href":"https:\/\/www.europesays.com\/fr\/wp-json\/wp\/v2\/comments?post=233965"}],"version-history":[{"count":0,"href":"https:\/\/www.europesays.com\/fr\/wp-json\/wp\/v2\/posts\/233965\/revisions"}],"wp:featuredmedia":[{"embeddable":true,"href":"https:\/\/www.europesays.com\/fr\/wp-json\/wp\/v2\/media\/233966"}],"wp:attachment":[{"href":"https:\/\/www.europesays.com\/fr\/wp-json\/wp\/v2\/media?parent=233965"}],"wp:term":[{"taxonomy":"category","embeddable":true,"href":"https:\/\/www.europesays.com\/fr\/wp-json\/wp\/v2\/categories?post=233965"},{"taxonomy":"post_tag","embeddable":true,"href":"https:\/\/www.europesays.com\/fr\/wp-json\/wp\/v2\/tags?post=233965"}],"curies":[{"name":"wp","href":"https:\/\/api.w.org\/{rel}","templated":true}]}}