{"id":233973,"date":"2025-07-08T01:34:09","date_gmt":"2025-07-08T01:34:09","guid":{"rendered":"https:\/\/www.europesays.com\/fr\/233973\/"},"modified":"2025-07-08T01:34:09","modified_gmt":"2025-07-08T01:34:09","slug":"selon-le-fbi-epstein-sest-bien-suicide-et-il-ny-a-pas-de-liste-de-clients","status":"publish","type":"post","link":"https:\/\/www.europesays.com\/fr\/233973\/","title":{"rendered":"Selon le FBI, Epstein s\u2019est bien suicid\u00e9 et il n\u2019y a pas de \u00ab\u00a0liste de clients\u00a0\u00bb"},"content":{"rendered":"<p>Le <a href=\"https:\/\/www.20minutes.fr\/dossier\/fbi\" target=\"_blank\" class=\"color-ultramarine c-link\" rel=\"noopener\">FBI<\/a> et le minist\u00e8re am\u00e9ricain de la Justice ont mis \u00e0 mal lundi certaines th\u00e9ories du complot. Ils ont annonc\u00e9 n\u2019avoir d\u00e9couvert aucun \u00e9l\u00e9ment nouveau dans le <a href=\"https:\/\/www.20minutes.fr\/societe\/affaire-epstein\/\" target=\"_blank\" class=\"color-ultramarine c-link\" rel=\"noopener\">dossier de Jeffrey Epstein<\/a>, mort en prison avant d\u2019\u00eatre jug\u00e9 pour <a href=\"https:\/\/www.20minutes.fr\/dossier\/violences_sexuelles\" target=\"_blank\" class=\"color-ultramarine c-link\" rel=\"noopener\">crimes sexuels<\/a>, qui justifierait la publication de nouveaux documents.<\/p>\n<p>Dans un m\u00e9morandum conjoint, le minist\u00e8re et la police f\u00e9d\u00e9rale confirment le suicide en prison du financier am\u00e9ricain et affirment n\u2019avoir d\u00e9couvert lors d\u2019un examen approfondi de la totalit\u00e9 du dossier ni \u00ab\u00a0liste de clients\u00a0\u00bb de son r\u00e9seau d\u2019exploitation sexuelle ni \u00ab\u00a0preuves cr\u00e9dibles qu\u2019il aurait fait chanter des personnes puissantes\u00a0\u00bb.<\/p>\n<p>L\u2019allusion de Musk contre Trump<\/p>\n<p>La mort de Jeffrey Epstein, retrouv\u00e9 pendu dans sa cellule \u00e0 New York le 10\u00a0ao\u00fbt 2019, a aliment\u00e9 d\u2019innombrables th\u00e9ories complotistes selon lesquelles il aurait \u00e9t\u00e9 assassin\u00e9 pour emp\u00eacher des r\u00e9v\u00e9lations embarrassantes pour toute une s\u00e9rie de personnalit\u00e9s de premier plan. Parmi ses nombreux contacts figuraient l\u2019ancien pr\u00e9sident Bill Clinton ou encore <a href=\"https:\/\/www.20minutes.fr\/dossier\/donald_trump\" target=\"_blank\" class=\"color-ultramarine c-link\" rel=\"noopener\">Donald Trump<\/a>, sans qu\u2019aucun comportement ill\u00e9gal ou r\u00e9pr\u00e9hensible ne leur ait \u00e9t\u00e9 reproch\u00e9.<\/p>\n<\/p>\n<p><a href=\"https:\/\/www.20minutes.fr\/dossier\/elon_musk\" target=\"_blank\" class=\"color-ultramarine c-link\" rel=\"noopener\">Elon Musk<\/a> y avait fait allusion en juin, au paroxysme de sa rupture publique avec l\u2019actuel locataire de la Maison-Blanche, en d\u00e9clarant sur X que celui-ci apparaissait \u00ab\u00a0dans le dossier Epstein\u00a0\u00bb et que c\u2019\u00e9tait \u00ab\u00a0la v\u00e9ritable raison\u00a0\u00bb pour laquelle ce dossier n\u2019avait pas \u00e9t\u00e9 int\u00e9gralement rendu public. Un message qu\u2019il avait ensuite supprim\u00e9.<\/p>\n<p>\u00ab\u00a0Plus d\u2019un millier de victimes\u00a0\u00bb<\/p>\n<p>Apr\u00e8s avoir pass\u00e9 en revue l\u2019ensemble des pi\u00e8ces du dossier, le minist\u00e8re et le FBI n\u2019ont \u00ab\u00a0d\u00e9couvert aucune preuve qui l\u00e9gitimerait une enqu\u00eate contre des parties n\u2019ayant pas \u00e9t\u00e9 inculp\u00e9es jusqu\u2019\u00e0 pr\u00e9sent\u00a0\u00bb, selon le m\u00e9morandum. \u00ab\u00a0Cet examen a confirm\u00e9 qu\u2019Epstein avait port\u00e9 pr\u00e9judice \u00e0 plus d\u2019un millier de victimes\u00a0\u00bb, indiquent-ils, soulignant que \u00ab\u00a0des informations sensibles portant sur ces victimes sont entrem\u00eal\u00e9es tout au long des documents\u00a0\u00bb.<\/p>\n<p>En cons\u00e9quence, \u00ab\u00a0le minist\u00e8re de la Justice et le FBI concluent qu\u2019aucune publication suppl\u00e9mentaire ne serait ni appropri\u00e9e ni justifi\u00e9e\u00a0\u00bb, selon le texte.<\/p>\n<p><a href=\"https:\/\/www.20minutes.fr\/monde\/etats-unis\/\" target=\"_blank\" class=\"c-link c-btn c-btn--primary\" rel=\"noopener\">Nos articles sur les Etats-Unis<\/a><\/p>\n<p>Ils corroborent \u00e9galement la th\u00e8se du suicide en prison de Jeffrey Epstein, d\u00e9j\u00e0 \u00e9tablie par la m\u00e9decine l\u00e9gale et le FBI et confirm\u00e9e en\u00a02023 par le minist\u00e8re de la Justice, citant notamment l\u2019analyse vid\u00e9o de la section de la prison o\u00f9 il \u00e9tait d\u00e9tenu.<\/p>\n","protected":false},"excerpt":{"rendered":"Le FBI et le minist\u00e8re am\u00e9ricain de la Justice ont mis \u00e0 mal lundi certaines th\u00e9ories du complot.&hellip;\n","protected":false},"author":2,"featured_media":233974,"comment_status":"","ping_status":"","sticky":false,"template":"","format":"standard","meta":{"footnotes":""},"categories":[1589],"tags":[47,11,14751,75,46,73,1866,18120,74,12,37274,1864,1865,1863,308,133,799],"class_list":{"0":"post-233973","1":"post","2":"type-post","3":"status-publish","4":"format-standard","5":"has-post-thumbnail","7":"category-etats-unis","8":"tag-actualite","9":"tag-actualites","10":"tag-affaire-epstein","11":"tag-donald-trump","12":"tag-elon-musk","13":"tag-etats-unis","14":"tag-etats-unis-damerique","15":"tag-fbi","16":"tag-monde","17":"tag-news","18":"tag-theorie-du-complot","19":"tag-united-states","20":"tag-united-states-of-america","21":"tag-us","22":"tag-usa","23":"tag-video","24":"tag-violences-sexuelles"},"share_on_mastodon":{"url":"https:\/\/pubeurope.com\/@fr\/114815046015603531","error":""},"_links":{"self":[{"href":"https:\/\/www.europesays.com\/fr\/wp-json\/wp\/v2\/posts\/233973","targetHints":{"allow":["GET"]}}],"collection":[{"href":"https:\/\/www.europesays.com\/fr\/wp-json\/wp\/v2\/posts"}],"about":[{"href":"https:\/\/www.europesays.com\/fr\/wp-json\/wp\/v2\/types\/post"}],"author":[{"embeddable":true,"href":"https:\/\/www.europesays.com\/fr\/wp-json\/wp\/v2\/users\/2"}],"replies":[{"embeddable":true,"href":"https:\/\/www.europesays.com\/fr\/wp-json\/wp\/v2\/comments?post=233973"}],"version-history":[{"count":0,"href":"https:\/\/www.europesays.com\/fr\/wp-json\/wp\/v2\/posts\/233973\/revisions"}],"wp:featuredmedia":[{"embeddable":true,"href":"https:\/\/www.europesays.com\/fr\/wp-json\/wp\/v2\/media\/233974"}],"wp:attachment":[{"href":"https:\/\/www.europesays.com\/fr\/wp-json\/wp\/v2\/media?parent=233973"}],"wp:term":[{"taxonomy":"category","embeddable":true,"href":"https:\/\/www.europesays.com\/fr\/wp-json\/wp\/v2\/categories?post=233973"},{"taxonomy":"post_tag","embeddable":true,"href":"https:\/\/www.europesays.com\/fr\/wp-json\/wp\/v2\/tags?post=233973"}],"curies":[{"name":"wp","href":"https:\/\/api.w.org\/{rel}","templated":true}]}}