{"id":233977,"date":"2025-07-08T01:36:13","date_gmt":"2025-07-08T01:36:13","guid":{"rendered":"https:\/\/www.europesays.com\/fr\/233977\/"},"modified":"2025-07-08T01:36:13","modified_gmt":"2025-07-08T01:36:13","slug":"a-francfort-sur-loder-le-retour-des-controles-aux-frontieres-entre-lallemagne-et-la-pologne","status":"publish","type":"post","link":"https:\/\/www.europesays.com\/fr\/233977\/","title":{"rendered":"\u00e0 Francfort-sur-l\u2019Oder, le retour des contr\u00f4les aux fronti\u00e8res entre l\u2019Allemagne et la Pologne"},"content":{"rendered":"<p><strong>REPORTAGE &#8211;<\/strong> L\u2019espace Schengen de libre circulation des personnes et des marchandises, pilier du march\u00e9 unique europ\u00e9en, n\u2019existe plus que sur le papier.<\/p>\n<p class=\"fig-paragraph\">Les drapeaux europ\u00e9ens \u00e9toil\u00e9s qui bordent le pont frontalier de Francfort-sur-l\u2019Oder faisaient p\u00e2le figure lundi matin. Arriv\u00e9s depuis minuit, des patrouilles de policiers et militaires polonais<a href=\"http:\/\/www.lefigaro.fr\/international\/la-pologne-retablit-les-controles-a-sa-frontiere-avec-l-allemagne-20250706\" target=\"_blank\" data-fig-type=\"Article\" rel=\"noopener\" data-gtm-custom-categorie=\"navigation\" data-gtm-custom-action=\"crossclick\" data-gtm-custom-label=\"Contextuel\" data-gtm-event=\"customEventSPE\" data-fig-domain=\"LEFIGARO\">\u00a0contr\u00f4lent les v\u00e9hicules<\/a>\u00a0venus de la grande cit\u00e9 de l\u2019Est allemand en direction de Slubice, de l\u2019autre c\u00f4t\u00e9 du fleuve. \u00c0 l\u2019autre extr\u00e9mit\u00e9 du pont, c\u00f4t\u00e9 allemand, c\u2019est la Bundespolizei qui a install\u00e9 ses quartiers depuis plus d\u2019un an, inspectant sous une grande tente blanche les v\u00e9hicules suspects.<\/p>\n<p class=\"fig-paragraph\">Le gouvernement Scholz avait le premier instaur\u00e9 ces mesures\u00a0<a href=\"https:\/\/www.lefigaro.fr\/international\/immigration-l-allemagne-a-tatons-entre-fermete-et-solidarite-20230917\" target=\"_blank\" data-fig-type=\"Article\" rel=\"noopener\" data-gtm-custom-categorie=\"navigation\" data-gtm-custom-action=\"crossclick\" data-gtm-custom-label=\"Contextuel\" data-gtm-event=\"customEventSPE\" data-fig-domain=\"LEFIGARO\">en r\u00e9ponse \u00e0 une recrudescence de faits divers criminels<\/a>\u00a0impliquant des immigr\u00e9s ill\u00e9gaux. Son successeur, Friedrich Merz, avait rench\u00e9ri en instaurant le refoulement de demandeurs d\u2019asile (environ un millier, depuis d\u00e9but mai). Sous la pression de l\u2019extr\u00eame droite,\u00a0Varsovie a r\u00e9pliqu\u00e9 en miroir.<\/p>\n<p class=\"fig-paragraph\">R\u00e9sultat\u00a0: \u00ab\u00a0la ville sans fronti\u00e8res\u00a0\u00bb reliant les deux communaut\u00e9s urbaines, telle que vant\u00e9e sur le pont \u00e0 la sortie de Francfort, n\u2019existe\u2026<\/p>\n<p class=\"fig-premium-paywall__infos\">\n        Cet article est r\u00e9serv\u00e9 aux abonn\u00e9s.        Il vous reste 85% \u00e0 d\u00e9couvrir.\n    <\/p>\n<p>                <img  data- alt=\"Le Figaro\" class=\"fig-img--complete fig-img\"\/><\/p>\n<p class=\"fig-premium-paywall__title\">Vous avez envie de lire la suite ?<\/p>\n<p class=\"fig-premium-paywall__subtitle\">D\u00e9bloquez tous les articles imm\u00e9diatement.<\/p>\n<p class=\"fig-premium-paywall__connect\">\n                D\u00e9j\u00e0 abonn\u00e9\u00a0?                <a class=\"fig-premium-paywall__connect-link\" href=\"https:\/\/connect.lefigaro.fr\/login?client=horizon_web&amp;type=main&amp;redirect_uri=https%3A%2F%2Fwww.lefigaro.fr%2Finternational%2Faujourd-hui-est-un-jour-sombre-a-francfort-sur-l-oder-le-retour-des-controles-aux-frontieres-entre-l-allemagne-et-la-pologne-20250707\" data-js-gtm=\"{&quot;customCategorie&quot;: &quot;conversion&quot;, &quot;customAction&quot;: &quot;before_Landing_Connexion_paywall_auto&quot;, &quot;customLabel&quot;: &quot;bGVmaWdhcm8uZnJfXzFmMDViNDVkLWE5YjAtNmFlMi04ODFkLTM5NGRiOGFhZTIyZF9fQXJ0aWNsZQ==_\u00abAujourd\u2019hui est un jour sombre\u00bb\u00a0: \u00e0 Francfort-sur-l\u2019Oder, le retour des contr\u00f4les aux fronti\u00e8res entre l\u2019Allemagne et la Pologne_146&quot;, &quot;customIDSPE&quot;: &quot;bGVmaWdhcm8uZnJfXzFmMDViNDVkLWE5YjAtNmFlMi04ODFkLTM5NGRiOGFhZTIyZF9fQXJ0aWNsZQ==&quot;, &quot;event&quot;: &quot;customEventSPE&quot;}\" target=\"_blank\" rel=\"noopener\"><br \/>\n                    Connectez-vous<br \/>\n                <\/a>\n            <\/p>\n","protected":false},"excerpt":{"rendered":"REPORTAGE &#8211; L\u2019espace Schengen de libre circulation des personnes et des marchandises, pilier du march\u00e9 unique europ\u00e9en, n\u2019existe&hellip;\n","protected":false},"author":2,"featured_media":233978,"comment_status":"","ping_status":"","sticky":false,"template":"","format":"standard","meta":{"footnotes":""},"categories":[1587],"tags":[11,672,1804,1805,1803,1777,674,1801,1061,12,2437,1802],"class_list":{"0":"post-233977","1":"post","2":"type-post","3":"status-publish","4":"format-standard","5":"has-post-thumbnail","7":"category-allemagne","8":"tag-actualites","9":"tag-allemagne","10":"tag-bundesrepublik-deutschland","11":"tag-de","12":"tag-deutschland","13":"tag-eu","14":"tag-europe","15":"tag-germany","16":"tag-immigration","17":"tag-news","18":"tag-pologne","19":"tag-republique-federale-dallemagne"},"share_on_mastodon":{"url":"https:\/\/pubeurope.com\/@fr\/114815053582260593","error":""},"_links":{"self":[{"href":"https:\/\/www.europesays.com\/fr\/wp-json\/wp\/v2\/posts\/233977","targetHints":{"allow":["GET"]}}],"collection":[{"href":"https:\/\/www.europesays.com\/fr\/wp-json\/wp\/v2\/posts"}],"about":[{"href":"https:\/\/www.europesays.com\/fr\/wp-json\/wp\/v2\/types\/post"}],"author":[{"embeddable":true,"href":"https:\/\/www.europesays.com\/fr\/wp-json\/wp\/v2\/users\/2"}],"replies":[{"embeddable":true,"href":"https:\/\/www.europesays.com\/fr\/wp-json\/wp\/v2\/comments?post=233977"}],"version-history":[{"count":0,"href":"https:\/\/www.europesays.com\/fr\/wp-json\/wp\/v2\/posts\/233977\/revisions"}],"wp:featuredmedia":[{"embeddable":true,"href":"https:\/\/www.europesays.com\/fr\/wp-json\/wp\/v2\/media\/233978"}],"wp:attachment":[{"href":"https:\/\/www.europesays.com\/fr\/wp-json\/wp\/v2\/media?parent=233977"}],"wp:term":[{"taxonomy":"category","embeddable":true,"href":"https:\/\/www.europesays.com\/fr\/wp-json\/wp\/v2\/categories?post=233977"},{"taxonomy":"post_tag","embeddable":true,"href":"https:\/\/www.europesays.com\/fr\/wp-json\/wp\/v2\/tags?post=233977"}],"curies":[{"name":"wp","href":"https:\/\/api.w.org\/{rel}","templated":true}]}}