{"id":233981,"date":"2025-07-08T01:38:07","date_gmt":"2025-07-08T01:38:07","guid":{"rendered":"https:\/\/www.europesays.com\/fr\/233981\/"},"modified":"2025-07-08T01:38:07","modified_gmt":"2025-07-08T01:38:07","slug":"lunion-europeenne-et-les-geants-du-numerique-des-annees-de-contentieux-la-tribune","status":"publish","type":"post","link":"https:\/\/www.europesays.com\/fr\/233981\/","title":{"rendered":"L&#039;Union europ\u00e9enne et les g\u00e9ants du num\u00e9rique, des ann\u00e9es de contentieux &#8211; La Tribune"},"content":{"rendered":"<ol>\n<li><a href=\"https:\/\/news.google.com\/rss\/articles\/CBMizgFBVV95cUxPZzNUNDcyV2RaeXkzTkhNYlMybHAzdDJBNTgyMy1NTU9CQXJid3RnYV80ZHRWZzlmLW02NXdScnl4bzlZWDFLcktjU2pxZFpDT3FTcmRIQXR6eE5HLTFXSHNFMFVDamEyZjBoMUpfeDBwZ3VxczA5aEdYVmx5a05jVWoyeDZZTzZlUzR3Wmg1VFZuZjg3VWY5cXlEemxROVA4VGpjTHJDYm1lN0hvMmJhb0lQNmZVaWYwbW4tOTR3YjZLWjU1d2NVUFlic0J4UQ?oc=5\" target=\"_blank\" rel=\"noopener\">L&rsquo;Union europ\u00e9enne et les g\u00e9ants du num\u00e9rique, des ann\u00e9es de contentieux<\/a>&nbsp;&nbsp;La Tribune<\/li>\n<li><a href=\"https:\/\/news.google.com\/rss\/articles\/CBMi6gFBVV95cUxQOWVKbGV2eWNPWW1ocjFuRUxzdERYYS1aQkpZLVRSNUR5QmxiM0dOM3ZLUDB3NDA3UWdXUlBDYzVWTFI3VnY2Mnp2NXJLamVhNklmX3dmeFh6VHFxRzZzQ3dLZXdBU0VKOXRVSXBwRnZHVXMtMTI4SnJxN1JzTWJfbE9ZUXUwZ0k0NGMwMmRDTk5zUVNpTzdYeVpiYlBPbnBQa3pxMHljVGNTZlVJaTJ1UkkxejhkVTlvQ05xTmlieXhaci16TmhRdXFuTDlhT3lQNHhXQy05VTZuNmw3cmZ5ckdPMHJJRWFyRUE?oc=5\" target=\"_blank\" rel=\"noopener\">Apple fait appel contre une amende de 500 millions d&rsquo;euros inflig\u00e9e par l&rsquo;UE<\/a>&nbsp;&nbsp;Boursorama<\/li>\n<li><a href=\"https:\/\/news.google.com\/rss\/articles\/CBMi4gFBVV95cUxQVnJMMmp0QUdMUERpT0JkQWFabHVmNTFhT2RxMTI5OTB5QTQzUElEbTdWUHBqV3Juc3FaTDVxczQ3YlVXMWcyRkFMSHF5YUFLZHBUTDBBakVzRUY5OE9jLWRmc1pjdE82dXJzWm5xRDlJN1RIZUgzLTRJdVhJU0pzUWZTX0dlNS1oR3BzbzVPQnpuTERQeThSeGlSWWZTbjBYdjE1SHA4VGpJay1WZmxuMl9IalZESDBHd1poS3RHUF9sdWpBWlBzTm51Yzl1LU0wby1oYlFoNFU2ZEZ3eV82VkNB?oc=5\" target=\"_blank\" rel=\"noopener\">Apple fait appel de l\u2019amende record inflig\u00e9e par Bruxelles<\/a>&nbsp;&nbsp;Lib\u00e9ration<\/li>\n<li><a href=\"https:\/\/news.google.com\/rss\/articles\/CBMiygFBVV95cUxQUHp6aXh0RkFMUlFXbDNEN3hqa3NRLXlCaFA0a01pa25MNzVRd2tGTmVDWm9xUW42UXVka2JQMFp3dC1rcncwd2o1cGdhZ2VoQWpnaXR5LUZFQm9CUXI1enpCSVQtaFdkNDJURXZQby1qVEYzQllmQVlwRVcyTWFRLU51VGVvdkloVXM5V21yamRyYVVhRWdjY181Yy1vRTlGRGxSZ0VLQTVNX2cxNEV1Q0E4d3BNdlVaNXpocENiREFaZkFCTGpmSFVn?oc=5\" target=\"_blank\" rel=\"noopener\">\u00ab Nous pensons que c&rsquo;est ill\u00e9gal \u00bb : Apple conteste son amende \u00e0 500 millions d&rsquo;euros<\/a>&nbsp;&nbsp;Les Echos<\/li>\n<li><a href=\"https:\/\/news.google.com\/rss\/articles\/CBMivgFBVV95cUxQWDhtOHhWWExsRHZZb0NvMEU2VDFCMzU2S1FESmV4VFBqaXZCWW44Wnd1N0p2YWNXVUhBc3JWTVpSbVRwSVVQNG1xSmJyeWZSdDhBcUFONVR0ZG9Vbkdxa0pEaC1SdFdLM2hUR1o3b25KX2lXV2NyMms4ekNDNU5vcXBJcUhPT3ZGVHUyRThvVVB5RzRJd2ZjM1JULXQ1QjFraFh3RWxlU1hwYzEwMjRjNlpOajkyWHhjNjJfeV9B0gHDAUFVX3lxTE51aFFfdGxaN2RqTlkzdUhUU2lWM1pOMHA3OEhPZVlkTFRuUXFNMFVrMHU1c0lwSTFwU3IxRUJmZGVHZXJsSHlvLUVhLWZ1eDlGNlhwak9kU2ZIaVV3dVV1eERSMEdoQXp2c0FDRDNiT3ZhajNINjQ1TnppVm93emFEZ3VKaFEzSVIwODZ5SF9oSm9IUUxPVG4wOGhEY1VZYTg5ajMzN3dqOWNXcTQxdWx1MUZIZmdqalJPaUxRLWp4M2xUcw?oc=5\" target=\"_blank\" rel=\"noopener\">Apple fait appel de l&rsquo;amende de 500 millions de dollars impos\u00e9e par Bruxelles en avril<\/a>&nbsp;&nbsp;ABC Bourse<\/li>\n<\/ol>\n","protected":false},"excerpt":{"rendered":"L&rsquo;Union europ\u00e9enne et les g\u00e9ants du num\u00e9rique, des ann\u00e9es de contentieux&nbsp;&nbsp;La Tribune Apple fait appel contre une amende&hellip;\n","protected":false},"author":2,"featured_media":233982,"comment_status":"","ping_status":"","sticky":false,"template":"","format":"standard","meta":{"footnotes":""},"categories":[1586],"tags":[17,11,7495,154,1777,674,1779,4538,1011,27,4926,4537,151,12,4125,25,1807,1778,364],"class_list":{"0":"post-233981","1":"post","2":"type-post","3":"status-publish","4":"format-standard","5":"has-post-thumbnail","7":"category-europe","8":"tag-17","9":"tag-actualites","10":"tag-annees","11":"tag-des","12":"tag-eu","13":"tag-europe","14":"tag-european-union","15":"tag-europeenne","16":"tag-fr","17":"tag-france","18":"tag-geants","19":"tag-lunion","20":"tag-les","21":"tag-news","22":"tag-numerique","23":"tag-republique-francaise","24":"tag-technos-medias","25":"tag-ue","26":"tag-union-europeenne"},"share_on_mastodon":{"url":"https:\/\/pubeurope.com\/@fr\/114815061471037334","error":""},"_links":{"self":[{"href":"https:\/\/www.europesays.com\/fr\/wp-json\/wp\/v2\/posts\/233981","targetHints":{"allow":["GET"]}}],"collection":[{"href":"https:\/\/www.europesays.com\/fr\/wp-json\/wp\/v2\/posts"}],"about":[{"href":"https:\/\/www.europesays.com\/fr\/wp-json\/wp\/v2\/types\/post"}],"author":[{"embeddable":true,"href":"https:\/\/www.europesays.com\/fr\/wp-json\/wp\/v2\/users\/2"}],"replies":[{"embeddable":true,"href":"https:\/\/www.europesays.com\/fr\/wp-json\/wp\/v2\/comments?post=233981"}],"version-history":[{"count":0,"href":"https:\/\/www.europesays.com\/fr\/wp-json\/wp\/v2\/posts\/233981\/revisions"}],"wp:featuredmedia":[{"embeddable":true,"href":"https:\/\/www.europesays.com\/fr\/wp-json\/wp\/v2\/media\/233982"}],"wp:attachment":[{"href":"https:\/\/www.europesays.com\/fr\/wp-json\/wp\/v2\/media?parent=233981"}],"wp:term":[{"taxonomy":"category","embeddable":true,"href":"https:\/\/www.europesays.com\/fr\/wp-json\/wp\/v2\/categories?post=233981"},{"taxonomy":"post_tag","embeddable":true,"href":"https:\/\/www.europesays.com\/fr\/wp-json\/wp\/v2\/tags?post=233981"}],"curies":[{"name":"wp","href":"https:\/\/api.w.org\/{rel}","templated":true}]}}