{"id":233983,"date":"2025-07-08T01:39:10","date_gmt":"2025-07-08T01:39:10","guid":{"rendered":"https:\/\/www.europesays.com\/fr\/233983\/"},"modified":"2025-07-08T01:39:10","modified_gmt":"2025-07-08T01:39:10","slug":"kylian-mbappe-retire-sa-plainte-pour-harcelement-moral","status":"publish","type":"post","link":"https:\/\/www.europesays.com\/fr\/233983\/","title":{"rendered":"Kylian Mbapp\u00e9 retire sa plainte pour harc\u00e8lement moral"},"content":{"rendered":"<p><img width=\"700\" height=\"350\" src=\"https:\/\/www.europesays.com\/fr\/wp-content\/uploads\/2025\/07\/Mbappe-Stade-de-Reims.jpg\" class=\"attachment-jannah-image-post size-jannah-image-post wp-post-image\" alt=\"Mbappe\u0301 Stade De Reims\" is_main_img=\"1\" decoding=\"async\" fetchpriority=\"high\"  \/><\/p>\n<p>L\u2019attaquant du Real Madrid, Kylian Mbapp\u00e9, a d\u00e9cid\u00e9 de<br \/>\nretirer sa plainte pour harc\u00e8lement moral et tentative d\u2019extorsion<br \/>\nde signature d\u00e9pos\u00e9e le 16\u00a0mai\u00a0contre le PSG.<\/p>\n<p>\u00c0 J-2 de la demi-finale de <strong>Coupe du monde des<br \/>\nclubs<\/strong> entre le <strong>PSG<\/strong> et le <strong>Real<br \/>\nMadrid<\/strong>, un joueur cristallise les attentions :<br \/>\n<strong>Kylian Mbapp\u00e9<\/strong>. Apr\u00e8s \u00eatre parti en mauvais termes<br \/>\navec son ancien club, l\u2019international fran\u00e7ais livre une bataille<br \/>\njuridique avec les Rouge &amp; Bleu. En plus des 55M\u20ac de primes et<br \/>\nsalaires impay\u00e9s r\u00e9clam\u00e9s depuis de nombreux mois, l\u2019ex-attaquant<br \/>\nparisien avait d\u00e9pos\u00e9 plainte le 16 mai dernier pour<br \/>\n<strong><a href=\"https:\/\/canal-supporters.com\/kylian-mbappe-porte-plainte-pour-harcelement-moral-contre-le-psg-deux-juges-dinstruction-saisis\/\" title=\"\" target=\"_blank\" rel=\"noopener\">harc\u00e8lement moral<\/a><\/strong> et tentative d\u2019extorsion de<br \/>\nsignature.<\/p>\n<p>Le clan Mbapp\u00e9<br \/>\nveut calmer le jeu sur le plan juridique<\/p>\n<p>Mais selon les informations de <strong><a href=\"https:\/\/www.lequipe.fr\/Football\/Actualites\/Kylian-mbappe-retire-sa-plainte-contre-le-psg-pour-harcelement-moral-au-penal\/1576154\" target=\"_blank\" rel=\"noopener\" title=\"\">L\u2019Equipe<\/a><\/strong>,<br \/>\nles avocats de <strong>Kylian Mbapp\u00e9<\/strong> ont d\u00e9cid\u00e9 de retirer<br \/>\nleur plainte contre X pour harc\u00e8lement moral et tentative<br \/>\nd\u2019extorsion de signature d\u00e9pos\u00e9e, qui avait donn\u00e9 lieu \u00e0<br \/>\nl\u2019ouverture d\u2019une information judiciaire par le <strong>parquet de<br \/>\nParis<\/strong> le 24 juin dernier. \u00ab\u00a0L\u2019attaquant du<br \/>\n<strong>Real Madrid<\/strong> et son entourage sont habit\u00e9s par une<br \/>\nvolont\u00e9 de calmer le jeu sur le terrain juridique et l\u2019envie de se<br \/>\nconcentrer exclusivement sur le terrain sportif\u00a0\u00bb,<br \/>\nexplique <strong>L\u2019E<\/strong>. En revanche, l\u2019attaquant de<br \/>\n27 ans maintient son recours devant le conseil des Prud\u2019hommes pour<br \/>\nles 55M\u20ac d\u2019impay\u00e9s de salaires et de primes concernant ses derniers<br \/>\nmois de contrat chez les Rouge &amp; Bleu.<\/p>\n<p>Lors de ses r\u00e9centes sorties m\u00e9diatiques, le pr\u00e9sident parisien<br \/>\n<strong><a href=\"https:\/\/canal-supporters.com\/ligue-des-champions-hidalgo-mbappe-nasser-al-khelaifi-se-confie\/\" title=\"\" target=\"_blank\" rel=\"noopener\">Nasser al-Khela\u00effi<\/a><\/strong>, a d\u00e9cid\u00e9 de pacifier ce<br \/>\nclimat tendu entre les deux parties, comme le montre son interview<br \/>\n\u00e0 \u00ab\u00a0C \u00e0 vous\u00a0\u00bb du 10 juin dernier :<br \/>\n\u00ab\u00a0Remporter la <strong>Ligue des champions<\/strong> sans<br \/>\n<strong>Mbapp\u00e9<\/strong> ? On a eu la chance cette ann\u00e9e, sans lui,<br \/>\nmais je lui souhaite le meilleur au\u00a0<strong>Real<\/strong>.<br \/>\nC\u2019est une grande star, un grand joueur. On a un conflit un petit<br \/>\npeu (sourire). Mais du fond de mon c\u0153ur je lui souhaite le<br \/>\nmeilleur\u2026tant qu\u2019il n\u2019est pas en face<br \/>\ndu\u00a0<strong>PSG<\/strong>.\u00a0\u00bb<\/p>\n<\/p>\n<p>Youtube :<br \/>\n<strong><a href=\"https:\/\/www.youtube.com\/@CanalSupportersParis\" target=\"_blank\" rel=\"noopener\" title=\"\">Canal Supporters<br \/>\nParis<\/a><\/strong><\/p>\n","protected":false},"excerpt":{"rendered":"L\u2019attaquant du Real Madrid, Kylian Mbapp\u00e9, a d\u00e9cid\u00e9 de retirer sa plainte pour harc\u00e8lement moral et tentative d\u2019extorsion&hellip;\n","protected":false},"author":2,"featured_media":233984,"comment_status":"","ping_status":"","sticky":false,"template":"","format":"standard","meta":{"footnotes":""},"categories":[2],"tags":[11,81,37276,1011,27,303,6477,37277,12,91,92,93,25,96],"class_list":{"0":"post-233983","1":"post","2":"type-post","3":"status-publish","4":"format-standard","5":"has-post-thumbnail","7":"category-actualites","8":"tag-actualites","9":"tag-canal-supporters","10":"tag-conflit-psg-mbappe","11":"tag-fr","12":"tag-france","13":"tag-justice","14":"tag-kylian-mbappe","15":"tag-mbappe-psg","16":"tag-news","17":"tag-paris-saint-germain","18":"tag-paris-sg","19":"tag-psg","20":"tag-republique-francaise","21":"tag-une"},"share_on_mastodon":{"url":"https:\/\/pubeurope.com\/@fr\/114815065418274714","error":""},"_links":{"self":[{"href":"https:\/\/www.europesays.com\/fr\/wp-json\/wp\/v2\/posts\/233983","targetHints":{"allow":["GET"]}}],"collection":[{"href":"https:\/\/www.europesays.com\/fr\/wp-json\/wp\/v2\/posts"}],"about":[{"href":"https:\/\/www.europesays.com\/fr\/wp-json\/wp\/v2\/types\/post"}],"author":[{"embeddable":true,"href":"https:\/\/www.europesays.com\/fr\/wp-json\/wp\/v2\/users\/2"}],"replies":[{"embeddable":true,"href":"https:\/\/www.europesays.com\/fr\/wp-json\/wp\/v2\/comments?post=233983"}],"version-history":[{"count":0,"href":"https:\/\/www.europesays.com\/fr\/wp-json\/wp\/v2\/posts\/233983\/revisions"}],"wp:featuredmedia":[{"embeddable":true,"href":"https:\/\/www.europesays.com\/fr\/wp-json\/wp\/v2\/media\/233984"}],"wp:attachment":[{"href":"https:\/\/www.europesays.com\/fr\/wp-json\/wp\/v2\/media?parent=233983"}],"wp:term":[{"taxonomy":"category","embeddable":true,"href":"https:\/\/www.europesays.com\/fr\/wp-json\/wp\/v2\/categories?post=233983"},{"taxonomy":"post_tag","embeddable":true,"href":"https:\/\/www.europesays.com\/fr\/wp-json\/wp\/v2\/tags?post=233983"}],"curies":[{"name":"wp","href":"https:\/\/api.w.org\/{rel}","templated":true}]}}